{"id":172206,"date":"2025-12-01T20:05:15","date_gmt":"2025-12-01T20:05:15","guid":{"rendered":"https:\/\/www.europesays.com\/pt\/172206\/"},"modified":"2025-12-01T20:05:15","modified_gmt":"2025-12-01T20:05:15","slug":"quero-lembrar-me-deles-e-nao-consigo","status":"publish","type":"post","link":"https:\/\/www.europesays.com\/pt\/172206\/","title":{"rendered":"\u201cQuero lembrar-me deles e n\u00e3o consigo\u201d"},"content":{"rendered":"<p>No Secret Story, Marisa e Pedro Jorge quebram ao falar dos filhos: \u201cQuero lembrar-me deles e n\u00e3o consigo\u201d, disse.<\/p>\n<p>Saudade marcou a segunda-feira dentro da casa<\/p>\n<p>A manh\u00e3 desta segunda-feira, 1 de dezembro, foi particularmente emotiva na casa do Secret Story.<br \/>Marisa e Pedro Jorge, obrigados a manter em segredo a rela\u00e7\u00e3o e a parentalidade, abriram o cora\u00e7\u00e3o sobre aquilo que mais lhes custa: a aus\u00eancia dos filhos.<\/p>\n<p>\u201cPensava que me iam mostrar os meus filhos\u201d<\/p>\n<p>Depois da gala de 30 de novembro, Pedro Jorge explicou \u00e0 companheira a frustra\u00e7\u00e3o que sentiu quando recebeu uma fotografia da m\u00e3e, j\u00e1 que ningu\u00e9m na casa sabe que \u00e9 pai.<\/p>\n<p><strong>\u201cPensava que me iam mostrar [os filhos], pelo menos, na televis\u00e3o. S\u00f3 para ver como \u00e9 que eles estavam\u201d<\/strong>, confessou, visivelmente abalado.<\/p>\n<p>Marisa desabafa: \u201cO meu maior desejo \u00e9 v\u00ea-los\u201d<\/p>\n<p>Marisa, igualmente afetada pela dist\u00e2ncia, assumiu que est\u00e1 a chegar ao limite emocional.<\/p>\n<p><strong>\u201c\u00c9 que estou mesmo ansiosa, o meu maior desejo \u00e9 esse \u2013 neste momento, \u00e9 v\u00ea-los. S\u00f3 o facto de os ver para reviver a mem\u00f3ria, eu quero lembrar-me deles e n\u00e3o consigo. Ver como \u00e9 que eles est\u00e3o\u201d<\/strong>, desabafou.<\/p>\n<p>\u201cN\u00e3o consigo ter mais mem\u00f3rias\u201d<\/p>\n<p>O casal partilhou ainda o impacto psicol\u00f3gico da separa\u00e7\u00e3o prolongada.<\/p>\n<p>Pedro Jorge admitiu que tamb\u00e9m est\u00e1 a perder nitidez das recorda\u00e7\u00f5es:<\/p>\n<p><strong>\u201cN\u00e3o consigo ter mais mem\u00f3rias\u201d<\/strong>, lamentou.<\/p>\n<p>Veja este momento <a href=\"https:\/\/tvi.iol.pt\/secretstory\/videos\/marisa-e-pedro-nao-aguentam-com-saudades-dos-filhos-quero-lembrar-me-deles-e-nao-consigo\/692d870b0cf28fe430486f5b\" rel=\"nofollow noopener\" target=\"_blank\">AQUI<\/a>.<\/p>\n<p><a href=\"https:\/\/news.google.com\/publications\/CAAqBwgKMKfIoAswtNK4Aw\" target=\"_blank\" rel=\"noopener noreferrer nofollow\"><img loading=\"lazy\" data-lazyloaded=\"1\" width=\"481\" height=\"161\" decoding=\"async\" src=\"\/wp-content\/uploads\/2024\/02\/GN_siganos.png\" alt=\"Siga-nos no Google News\" style=\"margin-top:20px;\"\/><\/a><\/p>\n","protected":false},"excerpt":{"rendered":"No Secret Story, Marisa e Pedro Jorge quebram ao falar dos filhos: \u201cQuero lembrar-me deles e n\u00e3o consigo\u201d,&hellip;\n","protected":false},"author":2,"featured_media":99409,"comment_status":"","ping_status":"","sticky":false,"template":"","format":"standard","meta":{"footnotes":""},"categories":[142],"tags":[2632,114,115,21766,21416,32,33,151],"class_list":{"0":"post-172206","1":"post","2":"type-post","3":"status-publish","4":"format-standard","5":"has-post-thumbnail","7":"category-tv","8":"tag-casa-dos-segredos","9":"tag-entertainment","10":"tag-entretenimento","11":"tag-marisa-pires","12":"tag-pedro-jorge","13":"tag-portugal","14":"tag-pt","15":"tag-tv"},"share_on_mastodon":{"url":"https:\/\/pubeurope.com\/@pt\/115646112015473055","error":""},"_links":{"self":[{"href":"https:\/\/www.europesays.com\/pt\/wp-json\/wp\/v2\/posts\/172206","targetHints":{"allow":["GET"]}}],"collection":[{"href":"https:\/\/www.europesays.com\/pt\/wp-json\/wp\/v2\/posts"}],"about":[{"href":"https:\/\/www.europesays.com\/pt\/wp-json\/wp\/v2\/types\/post"}],"author":[{"embeddable":true,"href":"https:\/\/www.europesays.com\/pt\/wp-json\/wp\/v2\/users\/2"}],"replies":[{"embeddable":true,"href":"https:\/\/www.europesays.com\/pt\/wp-json\/wp\/v2\/comments?post=172206"}],"version-history":[{"count":0,"href":"https:\/\/www.europesays.com\/pt\/wp-json\/wp\/v2\/posts\/172206\/revisions"}],"wp:featuredmedia":[{"embeddable":true,"href":"https:\/\/www.europesays.com\/pt\/wp-json\/wp\/v2\/media\/99409"}],"wp:attachment":[{"href":"https:\/\/www.europesays.com\/pt\/wp-json\/wp\/v2\/media?parent=172206"}],"wp:term":[{"taxonomy":"category","embeddable":true,"href":"https:\/\/www.europesays.com\/pt\/wp-json\/wp\/v2\/categories?post=172206"},{"taxonomy":"post_tag","embeddable":true,"href":"https:\/\/www.europesays.com\/pt\/wp-json\/wp\/v2\/tags?post=172206"}],"curies":[{"name":"wp","href":"https:\/\/api.w.org\/{rel}","templated":true}]}}