{"id":172211,"date":"2025-12-01T20:08:14","date_gmt":"2025-12-01T20:08:14","guid":{"rendered":"https:\/\/www.europesays.com\/pt\/172211\/"},"modified":"2025-12-01T20:08:14","modified_gmt":"2025-12-01T20:08:14","slug":"oficial-filho-de-cilio-souza-renova-com-o-benfica","status":"publish","type":"post","link":"https:\/\/www.europesays.com\/pt\/172211\/","title":{"rendered":"OFICIAL: filho de C\u00edlio Souza renova com o Benfica"},"content":{"rendered":"<p style=\"margin-bottom:11px\">O Benfica oficializou a renova\u00e7\u00e3o, sem especificar por quantas \u00e9pocas, do contrato de Francisco Silva, jovem avan\u00e7ado de 18 anos que integra o plantel da equipa B e \u00e9 uma das figuras das \u00e1guias na UEFA Youth League, prova em que marcou quatro golos em cinco jogos esta \u00e9poca.<\/p>\n<p>\u00abA renova\u00e7\u00e3o significa um sentimento de orgulho e de confian\u00e7a do clube.\u00a0Agora \u00e9\u00a0trabalhar mais, com mais responsabilidade, e atingir objetivos mais altos. Para o futuro, \u00e9 esperar estrear [na equipa principal] e, depois, ganhar o meu espa\u00e7o. Tenho de continuar a trabalhar, fazer golos e dar tudo em campo\u00bb, referiu o jogador \u00e0 BTV.<\/p>\n<p>Descoberto pelo Benfica no Gafanha, clube do distrito de Aveiro, Francisco Silva, <a href=\"https:\/\/maisfutebol.iol.pt\/domingo-a-tarde\/rubrica\/tombou-o-benfica-agora-funde-metal-e-brilha-nos-distritais\" target=\"_blank\" rel=\"nofollow noopener\">filho do antigo avan\u00e7ado do Beira-Mar C\u00edlio Souza<\/a>, est\u00e1 h\u00e1 sete temporadas no Seixal, onde se sagrou campe\u00e3o nacional de sub-17 e sub-19. Na \u00e9poca passada, ajudou os encarnados a <a href=\"https:\/\/maisfutebol.iol.pt\/taca-revelacao\/sub-23\/benfica-volta-a-bater-torreense-e-conquista-a-taca-revelacao\" target=\"_blank\" rel=\"nofollow noopener\">conquistarem a Ta\u00e7a Revela\u00e7\u00e3o<\/a>, no escal\u00e3o de sub-23.<\/p>\n<p>O avan\u00e7ado \u00e9 tamb\u00e9m internacional jovem por Portugal, tendo representado a Sele\u00e7\u00e3o nos escal\u00f5es de sub-15, sub-17, sub-18 e sub-19. Em 14 internacionaliza\u00e7\u00f5es, marcou cinco golos.<\/p>\n","protected":false},"excerpt":{"rendered":"O Benfica oficializou a renova\u00e7\u00e3o, sem especificar por quantas \u00e9pocas, do contrato de Francisco Silva, jovem avan\u00e7ado de&hellip;\n","protected":false},"author":2,"featured_media":172212,"comment_status":"","ping_status":"","sticky":false,"template":"","format":"standard","meta":{"footnotes":""},"categories":[87],"tags":[51,8353,36006,135,27995,1356,46,40,42,41,32,33,47,3782,134,35,19468],"class_list":{"0":"post-172211","1":"post","2":"type-post","3":"status-publish","4":"format-standard","5":"has-post-thumbnail","7":"category-desporto","8":"tag-benfica","9":"tag-benfica-b","10":"tag-cilio-souza","11":"tag-desporto","12":"tag-francisco-silva","13":"tag-mais-futebol","14":"tag-maisfutebol","15":"tag-maistransferencias","16":"tag-mercado","17":"tag-mercado-de-transferencias","18":"tag-portugal","19":"tag-pt","20":"tag-pura-paixao","21":"tag-renovacao","22":"tag-sports","23":"tag-transferencias","24":"tag-uefa-youth-league"},"share_on_mastodon":{"url":"https:\/\/pubeurope.com\/@pt\/115646123471504638","error":""},"_links":{"self":[{"href":"https:\/\/www.europesays.com\/pt\/wp-json\/wp\/v2\/posts\/172211","targetHints":{"allow":["GET"]}}],"collection":[{"href":"https:\/\/www.europesays.com\/pt\/wp-json\/wp\/v2\/posts"}],"about":[{"href":"https:\/\/www.europesays.com\/pt\/wp-json\/wp\/v2\/types\/post"}],"author":[{"embeddable":true,"href":"https:\/\/www.europesays.com\/pt\/wp-json\/wp\/v2\/users\/2"}],"replies":[{"embeddable":true,"href":"https:\/\/www.europesays.com\/pt\/wp-json\/wp\/v2\/comments?post=172211"}],"version-history":[{"count":0,"href":"https:\/\/www.europesays.com\/pt\/wp-json\/wp\/v2\/posts\/172211\/revisions"}],"wp:featuredmedia":[{"embeddable":true,"href":"https:\/\/www.europesays.com\/pt\/wp-json\/wp\/v2\/media\/172212"}],"wp:attachment":[{"href":"https:\/\/www.europesays.com\/pt\/wp-json\/wp\/v2\/media?parent=172211"}],"wp:term":[{"taxonomy":"category","embeddable":true,"href":"https:\/\/www.europesays.com\/pt\/wp-json\/wp\/v2\/categories?post=172211"},{"taxonomy":"post_tag","embeddable":true,"href":"https:\/\/www.europesays.com\/pt\/wp-json\/wp\/v2\/tags?post=172211"}],"curies":[{"name":"wp","href":"https:\/\/api.w.org\/{rel}","templated":true}]}}