{"id":172215,"date":"2025-12-01T20:13:03","date_gmt":"2025-12-01T20:13:03","guid":{"rendered":"https:\/\/www.europesays.com\/pt\/172215\/"},"modified":"2025-12-01T20:13:03","modified_gmt":"2025-12-01T20:13:03","slug":"morreu-o-empresario-antonio-mota-antigo-presidente-da-mota-engil","status":"publish","type":"post","link":"https:\/\/www.europesays.com\/pt\/172215\/","title":{"rendered":"Morreu o empres\u00e1rio Ant\u00f3nio Mota, antigo presidente da Mota-Engil"},"content":{"rendered":"<p data-remotead-prev-elm=\"true\" data-remotead-elm-id=\"inread\">&#8220;O Grupo Mota-Engil vem informar com o mais profundo pesar e consterna\u00e7\u00e3o que faleceu hoje de manh\u00e3, na cidade do Porto, o engenheiro Ant\u00f3nio Mota, l\u00edder hist\u00f3rico do grupo [do qual] assumiu a presid\u00eancia durante mais de 27 anos, entre 1995 e janeiro de 2023&#8221;, l\u00ea-se num comunicado hoje divulgado.<\/p>\n<p>Recordando Ant\u00f3nio Mota como &#8220;um homem extraordin\u00e1rio&#8221; e um &#8220;empres\u00e1rio vision\u00e1rio&#8221;, salienta que &#8220;deixa um legado \u00edmpar&#8221;, tamb\u00e9m pelo &#8220;esp\u00edrito humanista e solid\u00e1rio que sempre teve para com a sociedade&#8221;.<\/p>\n<p>&#8220;A Mota-Engil perde hoje uma figura marcante na sua hist\u00f3ria a quem muito deve o que \u00e9 hoje, um grupo multinacional, reconhecido pela qualidade de engenharia e sob uma gest\u00e3o com elevado compromisso com cada cliente e parceiro, em que a palavra bastava para honrar os seus compromissos, numa lideran\u00e7a em muito suportada em valores que a todos transmitiu e a que teremos de saber honrar e dar a devida continuidade&#8221;, l\u00ea-se na nota.<\/p>\n<p data-remotead-prev-elm=\"true\" data-remotead-elm-id=\"centro1\">Segundo a informa\u00e7\u00e3o avan\u00e7ada pelo grupo, o vel\u00f3rio decorrer\u00e1 pelas 10.30 horas de segunda-feira na Igreja de S\u00e3o Gon\u00e7alo, em Amarante, seguido de missa pelas 15 horas, no mesmo local, de onde o corpo seguir\u00e1 para o jazigo da fam\u00edlia, no cemit\u00e9rio daquela cidade, de onde Ant\u00f3nio Mota era natural.<\/p>\n<p>Apresentado como um &#8220;l\u00edder carism\u00e1tico, empres\u00e1rio vision\u00e1rio e homem de enorme humanidade&#8221;, Ant\u00f3nio Mota \u00e9 tamb\u00e9m apontado pela Mota-Engil como &#8220;um exemplo maior na capacidade de inspirar equipas, criando rela\u00e7\u00f5es de proximidade e respeito com as diferentes gera\u00e7\u00f5es que foi acolhendo no seio da empresa&#8221;.<\/p>\n<p>A sua &#8220;vis\u00e3o estrat\u00e9gica&#8221;, a &#8220;dedica\u00e7\u00e3o de toda uma vida a um legado que havia recebido do seu pai&#8221; e a &#8220;coes\u00e3o inabal\u00e1vel&#8221; criada &#8220;atrav\u00e9s do apoio incondicional das suas irmas&#8221; e da &#8220;capacidade e dedica\u00e7\u00e3o&#8221; de todo o grupo s\u00e3o destacados como os valores que permitiram &#8220;transformar a Mota-Engil num dos maiores grupos econ\u00f3micos portugueses e uma refer\u00eancia mundial do setor da engenharia e constru\u00e7\u00e3o&#8221;.<\/p>\n<p data-remotead-prev-elm=\"true\" data-remotead-elm-id=\"centro2\">&#8220;Hoje \u00e9 um dia em que sentimos uma enorme perda pela pessoa extraordin\u00e1ria que foi, \u00e9 e ser\u00e1 sempre em cada um de n\u00f3s o engenheiro Ant\u00f3nio Mota, uma combina\u00e7\u00e3o rara de elevada exig\u00eancia e de uma humanidade sempre presente&#8221;, l\u00ea-se no comunicado.<\/p>\n<p>Enquanto &#8220;refer\u00eancia maior na fam\u00edlia Mota-Engil&#8221;, Ant\u00f3nio Mota gostava de ser tratado como &#8220;o mais velho&#8221;, uma distin\u00e7\u00e3o que &#8211; de acordo com a nota &#8211; &#8220;conheceu em Angola na sua juventude e que hoje representava exemplarmente como a voz sempre presente, com a experi\u00eancia e o conhecimento profundo do que sabia ser o melhor para o grupo e para cada um&#8221;.<\/p>\n<p>Instando os mais de 52 mil colaboradores do Grupo Mota-Engil a &#8220;saber honrar e dar a devida continuidade&#8221; ao legado de Ant\u00f3nio Mota, a administra\u00e7\u00e3o da empresa termina transmitindo &#8220;as mais sinceras condol\u00eancias&#8221; \u00e0 fam\u00edlia do empres\u00e1rio.<\/p>\n<p>Presidente e primeiro-ministro lamentam<\/p>\n<p data-remotead-prev-elm=\"true\" data-remotead-elm-id=\"centro3\">O presidente da Rep\u00fablica enviou &#8220;amigos sentimentos&#8221; \u00e0 fam\u00edlia de Ant\u00f3nio Mota, dizendo que marcou &#8220;o mundo empresarial e a sociedade portuguesa em geral&#8221;.<\/p>\n<p>Numa nota publicada no site da Presid\u00eancia da Rep\u00fablica, Marcelo Rebelo de Sousa destacou, de forma breve, o percurso de Ant\u00f3nio Mota e as suas qualidades humanas. &#8220;Ant\u00f3nio Mota marcou o mundo empresarial e a sociedade portuguesa em geral. Deu continuidade \u00e0 obra de seu pai Manuel Ant\u00f3nio da Mota e projetou-a em todos os continentes, criando um dos mais poderosos, conhecidos e influentes grupos da nossa economia&#8221;, refere o chefe de Estado.<\/p>\n<p>O presidente da Rep\u00fablica sublinhou que Ant\u00f3nio Mota &#8220;juntou a lideran\u00e7a \u00e0 empatia, a humanidade ao dinamismo, a simplicidade \u00e0 efic\u00e1cia&#8221;. &#8220;Sem ele as \u00faltimas d\u00e9cadas da nossa economia teriam sido diferentes. Finalmente, soube preparar a tempo a sua sucess\u00e3o. Assim, as jovens gera\u00e7\u00f5es saibam corresponder \u00e0 vis\u00e3o do seu antepassado&#8221;, desejou.<\/p>\n<p data-remotead-prev-elm=\"true\" data-remotead-elm-id=\"centro4\">Por sua vez, o primeiro-ministro apresentou condol\u00eancias \u00e0 fam\u00edlia e amigos de Ant\u00f3nio Mota, considerando que o empres\u00e1rio deixa uma &#8220;marca incontorn\u00e1vel&#8221; de ambi\u00e7\u00e3o e sucesso.<\/p>\n<p>Numa mensagem divulgada na sua conta oficial na rede X, Lu\u00eds Montenegro prestou uma &#8220;sentida homenagem a Ant\u00f3nio Mota&#8221;, que recordou como um &#8220;empreendedor que tornou global uma empresa familiar portuguesa&#8221;. &#8220;Deixa marca incontorn\u00e1vel de ambi\u00e7\u00e3o, lideran\u00e7a, humanidade e sucesso. As minhas condol\u00eancias, em nome pessoal e do Governo, \u00e0 fam\u00edlia, aos colaboradores e aos amigos&#8221;, acrescentou o primeiro-ministro.<\/p>\n<p>O ministro das Infraestruturas e Habita\u00e7\u00e3o, Miguel Pinto Luz, apresentou condol\u00eancias \u00e0 fam\u00edlia e amigos de Ant\u00f3nio Mota, considerando que o antigo presidente da Mota-Engil foi um &#8220;l\u00edder inspirador&#8221; de &#8220;enorme relev\u00e2ncia para a economia nacional. &#8220;Hoje despedimo-nos de Ant\u00f3nio Mota, l\u00edder inspirador que marcou o pa\u00eds e cuja vida se fundiu com a hist\u00f3ria da Mota-Engil, uma das maiores construtoras nacionais&#8221;, l\u00ea-se numa nota de pesar do ministro das Infraestruturas e Habita\u00e7\u00e3o, envida \u00e0 ag\u00eancia Lusa.<\/p>\n<p>Miguel Pinto Luz enviou os seus &#8220;mais sinceros sentimentos \u00e0 fam\u00edlia, amigos e a todos os que com ele trabalharam&#8221;, reconhecendo que Ant\u00f3nio Mota foi uma &#8220;personalidade de enorme relev\u00e2ncia para a economia nacional&#8221;, levando a &#8220;engenharia e a constru\u00e7\u00e3o portuguesas mais longe, ao transformar uma empresa familiar numa refer\u00eancia internacional do setor&#8221;. &#8220;O pa\u00eds perde uma figura de peso, mas o seu legado permanece&#8221;, declarou.<\/p>\n","protected":false},"excerpt":{"rendered":"&#8220;O Grupo Mota-Engil vem informar com o mais profundo pesar e consterna\u00e7\u00e3o que faleceu hoje de manh\u00e3, na&hellip;\n","protected":false},"author":2,"featured_media":172216,"comment_status":"","ping_status":"","sticky":false,"template":"","format":"standard","meta":{"footnotes":""},"categories":[83],"tags":[88,89,90,7268,619,32,33],"class_list":{"0":"post-172215","1":"post","2":"type-post","3":"status-publish","4":"format-standard","5":"has-post-thumbnail","7":"category-empresas","8":"tag-business","9":"tag-economy","10":"tag-empresas","11":"tag-mota-engil","12":"tag-nacional","13":"tag-portugal","14":"tag-pt"},"share_on_mastodon":{"url":"","error":""},"_links":{"self":[{"href":"https:\/\/www.europesays.com\/pt\/wp-json\/wp\/v2\/posts\/172215","targetHints":{"allow":["GET"]}}],"collection":[{"href":"https:\/\/www.europesays.com\/pt\/wp-json\/wp\/v2\/posts"}],"about":[{"href":"https:\/\/www.europesays.com\/pt\/wp-json\/wp\/v2\/types\/post"}],"author":[{"embeddable":true,"href":"https:\/\/www.europesays.com\/pt\/wp-json\/wp\/v2\/users\/2"}],"replies":[{"embeddable":true,"href":"https:\/\/www.europesays.com\/pt\/wp-json\/wp\/v2\/comments?post=172215"}],"version-history":[{"count":0,"href":"https:\/\/www.europesays.com\/pt\/wp-json\/wp\/v2\/posts\/172215\/revisions"}],"wp:featuredmedia":[{"embeddable":true,"href":"https:\/\/www.europesays.com\/pt\/wp-json\/wp\/v2\/media\/172216"}],"wp:attachment":[{"href":"https:\/\/www.europesays.com\/pt\/wp-json\/wp\/v2\/media?parent=172215"}],"wp:term":[{"taxonomy":"category","embeddable":true,"href":"https:\/\/www.europesays.com\/pt\/wp-json\/wp\/v2\/categories?post=172215"},{"taxonomy":"post_tag","embeddable":true,"href":"https:\/\/www.europesays.com\/pt\/wp-json\/wp\/v2\/tags?post=172215"}],"curies":[{"name":"wp","href":"https:\/\/api.w.org\/{rel}","templated":true}]}}