{"id":172217,"date":"2025-12-01T20:14:27","date_gmt":"2025-12-01T20:14:27","guid":{"rendered":"https:\/\/www.europesays.com\/pt\/172217\/"},"modified":"2025-12-01T20:14:27","modified_gmt":"2025-12-01T20:14:27","slug":"nunca-tinha-visto-nada-assim-cavaleiro-da-ordem-de-calatrava-tinha-cranio-alongado","status":"publish","type":"post","link":"https:\/\/www.europesays.com\/pt\/172217\/","title":{"rendered":"\u201cNunca tinha visto nada assim\u201d. Cavaleiro da Ordem de Calatrava tinha cr\u00e2nio alongado"},"content":{"rendered":"<p class=\"wp-caption-text top\">Rissech et al. \/ Heritage<\/p>\n<p><img decoding=\"async\" loading=\"lazy\" class=\"size-kopa-image-size-3 wp-image-714429\" src=\"https:\/\/www.europesays.com\/pt\/wp-content\/uploads\/2025\/12\/e4da3b7fbbce2345d7772b0674a318d5-783x450.jpg\" alt=\"\" width=\"700\" height=\"402\"  \/><\/p>\n<p class=\"wp-caption-text bot\">O cr\u00e2nio do cavaleiro medieval era excecionalmente comprido e estreito<\/p>\n<p><strong>Arque\u00f3logos espanh\u00f3is identificaram uma anomalia gen\u00e9tica no ADN de um cavaleiro medieval cujos restos apresentavam um cr\u00e2nio extremamente alongado, que apontam para uma poss\u00edvel doen\u00e7a rara.<\/strong><\/p>\n<p>O cr\u00e2nio de um cavaleiro medieval, cujos restos foram encontrados <strong>durante escava\u00e7\u00f5es<\/strong> no castelo de Zorita de los Canes, em Espanha, chamou a aten\u00e7\u00e3o dos investigadores devido \u00e0 sua forma <strong>invulgarmente alongada<\/strong>. Ao que tudo indica, o guerreiro pertencia \u00e0 Ordem de Calatrava, ativa entre os s\u00e9culos XIII e XV.<\/p>\n<p>Uma an\u00e1lise ao ADN do esqueleto permitiu a uma equipa de investigadores da University Rovira i Virgili, em Tarragona, concluir que o cavaleiro teria uma doen\u00e7a gen\u00e9tica rara \u2014 possivelmente, <strong>s\u00edndrome de Crouzon<\/strong>.<\/p>\n<p>O <a href=\"https:\/\/www.mdpi.com\/2571-9408\/8\/10\/414\" data-wpel-link=\"external\" target=\"_blank\" rel=\"nofollow external noopener noreferrer\" class=\"ext-link\">estudo<\/a>, recentemente publicado na revista Heritage, detalha que este guerreiro fazia parte da <strong>Ordem de Calatrava<\/strong>, ativa entre os s\u00e9culos XIII e XV.<\/p>\n<p>Os investigadores localizaram <strong>dezenas de sepulturas com les\u00f5es b\u00e9licas<\/strong>, mas este indiv\u00edduo destacou-se de imediato por apresentar uma<strong> morfologia craniana<\/strong> que n\u00e3o correspondia a <strong>nenhum padr\u00e3o habitual<\/strong> conhecido em restos medievais.<\/p>\n<p>Os autores do estudo determinaram que o homem teria <strong>cerca de 45 anos<\/strong> quando morreu e que o seu esqueleto exibia <strong>marcas musculares<\/strong> normalmente associadas a um <strong>estilo de vida muito ativo<\/strong>.<\/p>\n<p>Al\u00e9m disso, apresentava <strong>feridas perfurantes na cabe\u00e7a<\/strong> e uma forte pancada na perna, ind\u00edcios compat\u00edveis com <strong>uma morte em combate<\/strong>.<\/p>\n<p><img decoding=\"async\" loading=\"lazy\" class=\"size-kopa-image-size-3 wp-image-714430\" src=\"https:\/\/www.europesays.com\/pt\/wp-content\/uploads\/2025\/12\/c4ca4238a0b923820dcc509a6f75849b-783x450.png\" alt=\"\" width=\"700\" height=\"402\"  \/><\/p>\n<p class=\"wp-caption-text bot\">Apenas alguns ossos do cavaleiro medieval sobreviveram<\/p>\n<p>O esqueleto tinha sido encontrado no castelo de Zorita de los Canes, no centro de Espanha, que foi ocupado do s\u00e9culo XIII ao s\u00e9culo XV pela Ordem de Calatrava, um grupo de <strong>cavaleiros e monges que assumiram responsabilidades militares<\/strong>.<\/p>\n<p>Segundo revelou \u00e0 <a href=\"https:\/\/www.livescience.com\/archaeology\/i-had-never-seen-a-skull-like-this-before-medieval-spanish-knight-who-died-in-battle-had-a-rare-genetic-condition-study-finds\" data-wpel-link=\"external\" target=\"_blank\" rel=\"nofollow external noopener noreferrer\" class=\"ext-link\">Live Science<\/a> a antrop\u00f3loga <strong>Carme Rissech<\/strong>, autora principal do estudo, <strong>tr\u00eas das suturas cranianas<\/strong> \u2014 articula\u00e7\u00f5es entre os ossos do cr\u00e2nio \u2014 <strong>tinham fechado prematuramente, provocando a deforma\u00e7\u00e3o<\/strong>.<\/p>\n<p>\u201cFiquei extremamente surpreendida. <strong>Nunca tinha visto um cr\u00e2nio assim<\/strong>\u201d, diz a investigadora. A fus\u00e3o precoce destas uni\u00f5es, conhecida como <strong>craniossinostose<\/strong>, est\u00e1 associada a muta\u00e7\u00f5es que podem originar a <strong>s\u00edndrome de Crouzon<\/strong> \u2014 uma hip\u00f3tese refor\u00e7ada pelo facto de apenas o cr\u00e2nio do cavaleiro medieval ter sido afetado, e o resto do seu esqueleto n\u00e3o.<\/p>\n<p>Esta patologia provoca um <strong>crescimento an\u00f3malo do cr\u00e2ni<\/strong>o, que, na \u00e9poca medieval, era <strong>especialmente perigoso<\/strong> devido \u00e0 aus\u00eancia de interven\u00e7\u00f5es cir\u00fargicas capazes de evitar danos cerebrais e complica\u00e7\u00f5es fatais.<\/p>\n<p>Apesar das limita\u00e7\u00f5es m\u00e9dicas da \u00e9poca, os restos revelam que o cavaleiro <strong>conseguiu sobreviver durante d\u00e9cadas<\/strong>. A conjuga\u00e7\u00e3o de uma patologia t\u00e3o grave com uma trajet\u00f3ria de vida t\u00e3o longa \u00e9 <strong>extremamente rara<\/strong> no contexto medieval.<\/p>\n<p>Os autores do estudo salientam a singularidade do caso, j\u00e1 que a maioria dos registos arqueol\u00f3gicos desta doen\u00e7a <strong>correspondem a crian\u00e7as<\/strong> que n\u00e3o chegaram \u00e0 idade adulta. A confirma\u00e7\u00e3o definitiva desta hip\u00f3tese exigir\u00e1 a conclus\u00e3o da an\u00e1lise gen\u00e9tica.<\/p>\n<p>    <a href=\"https:\/\/zap.aeiou.pt\/subscrever-newsletter\" data-wpel-link=\"internal\" rel=\"nofollow noopener\" target=\"_blank\">&#13;<br \/>\n        <img loading=\"lazy\" decoding=\"async\" class=\"aligncenter size-full wp-image-575475\" src=\"https:\/\/www.europesays.com\/pt\/wp-content\/uploads\/2025\/11\/2d51fe4a0ba54894421ead1809309ed9-1-450x140.jpg\" alt=\"Subscreva a Newsletter ZAP\" width=\"450\" height=\"140\"\/>&#13;<br \/>\n    <\/a><\/p>\n<p>                <a href=\"https:\/\/whatsapp.com\/channel\/0029VaIC4EE2f3EJZPPSbR34\" data-wpel-link=\"external\" target=\"_blank\" rel=\"nofollow external noopener noreferrer\" class=\"ext-link\">&#13;<br \/>\n                    <img loading=\"lazy\" decoding=\"async\" class=\"aligncenter size-full wp-image-575475\" src=\"https:\/\/www.europesays.com\/pt\/wp-content\/uploads\/2025\/11\/c68c559d956d4ca20f435ed74a6e71e6.png\" alt=\"Siga-nos no WhatsApp\" width=\"175\" height=\"64\"\/>&#13;<br \/>\n                <\/a><\/p>\n<p>                <a href=\"https:\/\/news.google.com\/publications\/CAAiEHRwZondIV71PDjWNoqMduEqFAgKIhB0cGaJ3SFe9Tw41jaKjHbh?hl=en-US&amp;gl=US&amp;ceid=US%3Aen\" data-wpel-link=\"external\" target=\"_blank\" rel=\"nofollow external noopener noreferrer\" class=\"ext-link\">&#13;<br \/>\n                    <img loading=\"lazy\" decoding=\"async\" class=\"aligncenter size-full wp-image-575475\" src=\"https:\/\/www.europesays.com\/pt\/wp-content\/uploads\/2025\/11\/5123dd8b087b644fdb8f8603acd1bad4.png\" alt=\"Siga-nos no Google News\" width=\"176\" height=\"64\"\/>&#13;<br \/>\n                <\/a><\/p>\n","protected":false},"excerpt":{"rendered":"Rissech et al. \/ Heritage O cr\u00e2nio do cavaleiro medieval era excecionalmente comprido e estreito Arque\u00f3logos espanh\u00f3is identificaram&hellip;\n","protected":false},"author":2,"featured_media":172218,"comment_status":"","ping_status":"","sticky":false,"template":"","format":"standard","meta":{"footnotes":""},"categories":[50],"tags":[3440,3504,27,28,15,16,14,25,26,21,22,62,12,13,19,20,8666,23,24,17,18,29,30,31,63,64,65],"class_list":{"0":"post-172217","1":"post","2":"type-post","3":"status-publish","4":"format-standard","5":"has-post-thumbnail","7":"category-mundo","8":"tag-antropologia","9":"tag-arqueologia","10":"tag-breaking-news","11":"tag-breakingnews","12":"tag-featured-news","13":"tag-featurednews","14":"tag-headlines","15":"tag-latest-news","16":"tag-latestnews","17":"tag-main-news","18":"tag-mainnews","19":"tag-mundo","20":"tag-news","21":"tag-noticias","22":"tag-noticias-principais","23":"tag-noticiasprincipais","24":"tag-paleoantropologia","25":"tag-principais-noticias","26":"tag-principaisnoticias","27":"tag-top-stories","28":"tag-topstories","29":"tag-ultimas","30":"tag-ultimas-noticias","31":"tag-ultimasnoticias","32":"tag-world","33":"tag-world-news","34":"tag-worldnews"},"share_on_mastodon":{"url":"https:\/\/pubeurope.com\/@pt\/115646147964321382","error":""},"_links":{"self":[{"href":"https:\/\/www.europesays.com\/pt\/wp-json\/wp\/v2\/posts\/172217","targetHints":{"allow":["GET"]}}],"collection":[{"href":"https:\/\/www.europesays.com\/pt\/wp-json\/wp\/v2\/posts"}],"about":[{"href":"https:\/\/www.europesays.com\/pt\/wp-json\/wp\/v2\/types\/post"}],"author":[{"embeddable":true,"href":"https:\/\/www.europesays.com\/pt\/wp-json\/wp\/v2\/users\/2"}],"replies":[{"embeddable":true,"href":"https:\/\/www.europesays.com\/pt\/wp-json\/wp\/v2\/comments?post=172217"}],"version-history":[{"count":0,"href":"https:\/\/www.europesays.com\/pt\/wp-json\/wp\/v2\/posts\/172217\/revisions"}],"wp:featuredmedia":[{"embeddable":true,"href":"https:\/\/www.europesays.com\/pt\/wp-json\/wp\/v2\/media\/172218"}],"wp:attachment":[{"href":"https:\/\/www.europesays.com\/pt\/wp-json\/wp\/v2\/media?parent=172217"}],"wp:term":[{"taxonomy":"category","embeddable":true,"href":"https:\/\/www.europesays.com\/pt\/wp-json\/wp\/v2\/categories?post=172217"},{"taxonomy":"post_tag","embeddable":true,"href":"https:\/\/www.europesays.com\/pt\/wp-json\/wp\/v2\/tags?post=172217"}],"curies":[{"name":"wp","href":"https:\/\/api.w.org\/{rel}","templated":true}]}}