{"id":172221,"date":"2025-12-01T20:16:19","date_gmt":"2025-12-01T20:16:19","guid":{"rendered":"https:\/\/www.europesays.com\/pt\/172221\/"},"modified":"2025-12-01T20:16:19","modified_gmt":"2025-12-01T20:16:19","slug":"embaixadora-angolana-em-portugal-consternada-com-morte-dos-seis-jovens-em-acidente-acidentes","status":"publish","type":"post","link":"https:\/\/www.europesays.com\/pt\/172221\/","title":{"rendered":"Embaixadora angolana em Portugal consternada com morte dos seis jovens em acidente | Acidentes"},"content":{"rendered":"<p>A Embaixada da Rep\u00fablica de Angola em Portugal reagiu com &#8220;consterna\u00e7\u00e3o&#8221; ao falecimento dos seis jovens angolanos, <a href=\"http:\/\/publico.pt\/2025\/11\/30\/sociedade\/noticia\/menos-quatro-pessoas-morrem-carbonizadas-apos-despiste-carro-lisboa-2156570?ref=sociedade&amp;cx=page__content\" rel=\"nofollow noopener\" target=\"_blank\">v\u00edtimas de um acidente de via\u00e7\u00e3o<\/a> na madrugada de domingo em Lisboa, endere\u00e7ando as condol\u00eancias \u00e0s fam\u00edlias.<\/p>\n<p>&#8220;Foi com consterna\u00e7\u00e3o que tom\u00e1mos conhecimento do falecimento este domingo em Lisboa de seis jovens angolanos, v\u00edtimas de um tr\u00e1gico acidente de via\u00e7\u00e3o&#8221;, pode ler-se numa curta nota enviada \u00e0 Lusa.<\/p>\n<p>De acordo com a missiva, a embaixadora de <a href=\"https:\/\/www.publico.pt\/angola\" rel=\"nofollow noopener\" target=\"_blank\">Angola<\/a> em Portugal, Maria de Jesus Ferreira, lembrou que se tratavam de &#8220;jovens com um futuro risonho \u00e0 sua frente&#8221; e dos quais o pa\u00eds &#8220;muito esperava&#8221;.<\/p>\n<p>&#8220;Que as fam\u00edlias enlutadas encontrem a for\u00e7a necess\u00e1ria para ultrapassar este momento de uma enorme dor, recebendo toda a nossa solidariedade&#8221;, refere-se na nota.<\/p>\n<p>&#8220;Neste momento de dor, em meu nome pessoal e no de todos os funcion\u00e1rios da Embaixada da Rep\u00fablica de Angola na Rep\u00fablica Portuguesa, endere\u00e7amos \u00e0s fam\u00edlias enlutadas as nossas mais profundas condol\u00eancias por estas irrepar\u00e1veis perdas&#8221;, termina, na missiva.<\/p>\n<p>Seis pessoas morreram na madrugada de domingo ap\u00f3s o despiste de um ve\u00edculo ligeiro na Avenida das For\u00e7as Armadas, em Lisboa, que se incendiou ap\u00f3s o embate, ficando as v\u00edtimas carbonizadas. Duas das v\u00edtimas, ambas de 19 anos, foram identificadas no domingo.<\/p>\n<p>O alerta para o acidente mortal foi dado cerca das 3h40 da madrugada de domingo.<\/p>\n<p>Segundo adiantou no domingo \u00e0 Lusa fonte da PSP uma viatura ligeira &#8220;despistou-se, embateu num pilar e incendiou-se, no interior estavam cinco pessoas que ficaram carbonizadas&#8221;.<\/p>\n<p><strong>Texto alterado para corrigir o nome da embaixadora<\/strong><\/p>\n","protected":false},"excerpt":{"rendered":"A Embaixada da Rep\u00fablica de Angola em Portugal reagiu com &#8220;consterna\u00e7\u00e3o&#8221; ao falecimento dos seis jovens angolanos, v\u00edtimas&hellip;\n","protected":false},"author":2,"featured_media":172222,"comment_status":"","ping_status":"","sticky":false,"template":"","format":"standard","meta":{"footnotes":""},"categories":[8],"tags":[1455,2713,1063,27,28,637,15,16,14,25,26,21,22,12,13,19,20,542,52,32,23,24,33,58,17,18,29,30,31],"class_list":{"0":"post-172221","1":"post","2":"type-post","3":"status-publish","4":"format-standard","5":"has-post-thumbnail","7":"category-principais-noticias","8":"tag-acidentes","9":"tag-africa","10":"tag-angola","11":"tag-breaking-news","12":"tag-breakingnews","13":"tag-diplomacia","14":"tag-featured-news","15":"tag-featurednews","16":"tag-headlines","17":"tag-latest-news","18":"tag-latestnews","19":"tag-main-news","20":"tag-mainnews","21":"tag-news","22":"tag-noticias","23":"tag-noticias-principais","24":"tag-noticiasprincipais","25":"tag-para-redes","26":"tag-politica","27":"tag-portugal","28":"tag-principais-noticias","29":"tag-principaisnoticias","30":"tag-pt","31":"tag-sociedade","32":"tag-top-stories","33":"tag-topstories","34":"tag-ultimas","35":"tag-ultimas-noticias","36":"tag-ultimasnoticias"},"share_on_mastodon":{"url":"https:\/\/pubeurope.com\/@pt\/115646155079210574","error":""},"_links":{"self":[{"href":"https:\/\/www.europesays.com\/pt\/wp-json\/wp\/v2\/posts\/172221","targetHints":{"allow":["GET"]}}],"collection":[{"href":"https:\/\/www.europesays.com\/pt\/wp-json\/wp\/v2\/posts"}],"about":[{"href":"https:\/\/www.europesays.com\/pt\/wp-json\/wp\/v2\/types\/post"}],"author":[{"embeddable":true,"href":"https:\/\/www.europesays.com\/pt\/wp-json\/wp\/v2\/users\/2"}],"replies":[{"embeddable":true,"href":"https:\/\/www.europesays.com\/pt\/wp-json\/wp\/v2\/comments?post=172221"}],"version-history":[{"count":0,"href":"https:\/\/www.europesays.com\/pt\/wp-json\/wp\/v2\/posts\/172221\/revisions"}],"wp:featuredmedia":[{"embeddable":true,"href":"https:\/\/www.europesays.com\/pt\/wp-json\/wp\/v2\/media\/172222"}],"wp:attachment":[{"href":"https:\/\/www.europesays.com\/pt\/wp-json\/wp\/v2\/media?parent=172221"}],"wp:term":[{"taxonomy":"category","embeddable":true,"href":"https:\/\/www.europesays.com\/pt\/wp-json\/wp\/v2\/categories?post=172221"},{"taxonomy":"post_tag","embeddable":true,"href":"https:\/\/www.europesays.com\/pt\/wp-json\/wp\/v2\/tags?post=172221"}],"curies":[{"name":"wp","href":"https:\/\/api.w.org\/{rel}","templated":true}]}}