{"id":172225,"date":"2025-12-01T20:18:17","date_gmt":"2025-12-01T20:18:17","guid":{"rendered":"https:\/\/www.europesays.com\/pt\/172225\/"},"modified":"2025-12-01T20:18:17","modified_gmt":"2025-12-01T20:18:17","slug":"grafiteiros-transformam-muros-de-escolas-com-arte-inspirada-na-infancia","status":"publish","type":"post","link":"https:\/\/www.europesays.com\/pt\/172225\/","title":{"rendered":"Grafiteiros transformam muros de escolas com arte inspirada na inf\u00e2ncia"},"content":{"rendered":"<p style=\"text-align:justify\">Os muros do Centro de Educa\u00e7\u00e3o Infantil Municipal (CEIM) Prof\u00aa Irany Batista de Matos e da Escola Arthur Campos Mello ganharam novas cores no \u00faltimo s\u00e1bado (29\/11) durante uma a\u00e7\u00e3o independente realizada por um coletivo de artistas de Dourados.<\/p>\n<p>&#13;<br \/>\n&#13;<\/p>\n<p style=\"text-align:justify\">A iniciativa foi articulada pelo professor Ant\u00f4nio Rosa, conhecido no meio art\u00edstico como TREZZE, que leciona nas duas unidades e buscou a autoriza\u00e7\u00e3o para a interven\u00e7\u00e3o.<\/p>\n<p>&#13;<br \/>\n&#13;<\/p>\n<p style=\"text-align:justify\"><img decoding=\"async\" loading=\"lazy\" alt=\"\" src=\"https:\/\/www.europesays.com\/pt\/wp-content\/uploads\/2025\/12\/captura-de-tela-2025-12-01-103818.png\" style=\"height:443px; width:680px\" \/><strong>Foto:\u00a0@olhodecristhian<\/strong><\/p>\n<p>&#13;<br \/>\n&#13;<\/p>\n<p style=\"text-align:justify\">\u201cSou professor ali no bairro h\u00e1 mais de quatro anos e sempre foi um sonho transformar aqueles muros em arte\u201d, afirmou Ant\u00f4nio em entrevista ao Dourados News.<\/p>\n<p>&#13;<br \/>\n&#13;<\/p>\n<p style=\"text-align:justify\">Ele reuniu grafiteiros locais e convidados para compor o trabalho coletivo, que tomou toda a fachada das institui\u00e7\u00f5es de ensino, uma ao lado da outra no Jardim \u00c1gua Boa.<\/p>\n<p>&#13;<br \/>\n&#13;<\/p>\n<p style=\"text-align:justify\"><img decoding=\"async\" loading=\"lazy\" alt=\"\" src=\"https:\/\/www.europesays.com\/pt\/wp-content\/uploads\/2025\/12\/captura-de-tela-2025-12-01-104220.png\" style=\"height:657px; width:618px\" \/><strong>Foto:\u00a0@olhodecristhian<\/strong><\/p>\n<p>&#13;<br \/>\n&#13;<\/p>\n<p style=\"text-align:justify\">Participaram da a\u00e7\u00e3o os artistas Lumar, Ant\u00f4nio Rosa (TREZZE), Kint, Damata, TCHELLO, Henrique, Weverton (Dim Dom), Aninha Art, Parresio, Ron\u00e3, Gi Brand\u00e3o, Gabriel, Nathalya Escobar e Ademir.<\/p>\n<p>&#13;<br \/>\n&#13;<\/p>\n<p style=\"text-align:justify\"><img decoding=\"async\" loading=\"lazy\" alt=\"\" src=\"https:\/\/www.europesays.com\/pt\/wp-content\/uploads\/2025\/12\/captura-de-tela-2025-12-01-103914.png\" style=\"height:449px; width:680px\" \/><strong>Foto:\u00a0@olhodecristhian<\/strong><\/p>\n<p>&#13;<br \/>\n&#13;<\/p>\n<p style=\"text-align:justify\">O grupo escolheu trabalhar com a tem\u00e1tica da inf\u00e2ncia, buscando dialogar diretamente com os estudantes das escolas. Segundo os artistas, a proposta foi criar um ambiente mais acolhedor, alegre e inspirador.<\/p>\n<p>&#13;<br \/>\n&#13;<\/p>\n<p style=\"text-align:justify\">\u201cEscolhemos fazer em escolas p\u00fablicas para transformar o ambiente das crian\u00e7as e do bairro. Quer\u00edamos trazer inspira\u00e7\u00e3o e cores no dia a dia da popula\u00e7\u00e3o local\u201d, destacaram.<\/p>\n<p>&#13;<br \/>\n&#13;<\/p>\n<p style=\"text-align:justify\">O movimento foi totalmente independente, sem financiamento externo. Os grafiteiros atuaram voluntariamente, \u201cpor amor \u00e0 arte e por acreditar nas mudan\u00e7as que ela causa na vida das pessoas\u201d.<\/p>\n<p>&#13;<br \/>\n&#13;<\/p>\n<p style=\"text-align:justify\">As escolas ofereceram apoio com parte das tintas e alimenta\u00e7\u00e3o para os participantes.<\/p>\n<p>&#13;<br \/>\n&#13;<\/p>\n<p style=\"text-align:justify\"><img decoding=\"async\" loading=\"lazy\" alt=\"\" src=\"https:\/\/www.europesays.com\/pt\/wp-content\/uploads\/2025\/12\/captura-de-tela-2025-12-01-104010.png\" style=\"height:452px; width:680px\" \/><strong>Foto:\u00a0@olhodecristhian<\/strong><\/p>\n<p>&#13;<br \/>\n&#13;<\/p>\n<p style=\"text-align:justify\">A interven\u00e7\u00e3o atraiu a aten\u00e7\u00e3o de moradores do bairro, que acompanharam parte do processo e elogiaram a iniciativa.<\/p>\n<p>&#13;<br \/>\n&#13;<\/p>\n<p style=\"text-align:justify\">Agora, os muros das duas institui\u00e7\u00f5es exibem pain\u00e9is coloridos que passaram a integrar o cotidiano das crian\u00e7as e da comunidade local.<\/p>\n<p>&#13;<\/p>\n<p> <a href=\"https:\/\/www.facebook.com\/sharer\/sharer.php?u=https:\/\/www.douradosnews.com.br\/especiais\/happyhour\/grafiteiros-transformam-muros-de-duas-escolas-com-arte-inspirada-na\/1270074\/&amp;title=Grafiteiros transformam muros de escolas com arte inspirada na inf\u00e2ncia \" aria-label=\"Facebook Dourados News\" target=\"_blank\" class=\"share facebook\" rel=\"nofollow noopener\"><\/a><a href=\"https:\/\/twitter.com\/intent\/tweet?&amp;text=Grafiteiros transformam muros de escolas com arte inspirada na inf\u00e2ncia &amp;url=https:\/\/www.douradosnews.com.br\/especiais\/happyhour\/grafiteiros-transformam-muros-de-duas-escolas-com-arte-inspirada-na\/1270074\/\" aria-label=\"Twitter Dourados News\" target=\"_blank\" class=\"share twitter\" rel=\"nofollow noopener\"><\/a><a href=\"https:\/\/api.whatsapp.com\/send?text=Grafiteiros transformam muros de escolas com arte inspirada na inf\u00e2ncia  - https:\/\/www.douradosnews.com.br\/especiais\/happyhour\/grafiteiros-transformam-muros-de-duas-escolas-com-arte-inspirada-na\/1270074\/\" aria-label=\"Whatsapp Dourados News\" target=\"_blank\" class=\"share whats\" rel=\"nofollow noopener\"><\/a><a href=\"https:\/\/www.douradosnews.com.br\/javascript:window.print();\" aria-label=\"Bot\u00e3o imprimir\" class=\"share print\" rel=\"nofollow noopener\" target=\"_blank\"><\/a><a name=\"comentar\" id=\"comentar\"><\/a>Deixe seu Coment\u00e1rio<br \/>\nLeia Tamb\u00e9m<a href=\"https:\/\/www.douradosnews.com.br\/noticias\/cidades\/campanha-arrecada-mais-de-1268-mil-brinquedos-que-vao-beneficiar-517\/1270097\/\" title=\"Campanha arrecada mais de 126,8 mil brinquedos, que v\u00e3o beneficiar 517 institui\u00e7\u00f5es em MS\" class=\"noticiasMenores grid_2 alpha\" rel=\"nofollow noopener\" target=\"_blank\"><img decoding=\"async\" src=\"https:\/\/www.europesays.com\/pt\/wp-content\/uploads\/2025\/12\/encerramento-caixa-encantada-foto-saul-schramm-57-1-730x480.jpg\" alt=\"Campanha arrecada mais de 126,8 mil brinquedos, que v\u00e3o beneficiar 517 institui\u00e7\u00f5es em MS\" loading=\"lazy\" \/><\/p>\n<p>CAIXA ENCANTADACampanha arrecada mais de 126,8 mil brinquedos, que v\u00e3o beneficiar 517 institui\u00e7\u00f5es em MS<\/p>\n<p><\/a><a href=\"https:\/\/www.douradosnews.com.br\/policia\/policia-estoura-entreposto-recupera-caminhao-roubado-e-apreende-70\/1270099\/\" title=\"Pol\u00edcia &#039;estoura&#039; entreposto, recupera caminh\u00e3o roubado e apreende 70 mil pacotes de cigarros\" class=\"noticiasMenores grid_2 \" rel=\"nofollow noopener\" target=\"_blank\"><img decoding=\"async\" src=\"https:\/\/www.europesays.com\/pt\/wp-content\/uploads\/2025\/12\/whatsapp-image-2025-12-01-at-155536.jpeg\" alt=\"Pol\u00edcia 'estoura' entreposto, recupera caminh\u00e3o roubado e apreende 70 mil pacotes de cigarros\" loading=\"lazy\" \/><\/p>\n<p>SUL DE MSPol\u00edcia &#8216;estoura&#8217; entreposto, recupera caminh\u00e3o roubado e apreende 70 mil pacotes de cigarros<\/p>\n<p><\/a><a href=\"https:\/\/www.douradosnews.com.br\/noticias\/cidades\/tj-mantem-condenacao-de-empresa-que-comercializou-chocolate-estragado\/1270096\/\" title=\"TJ mant\u00e9m condena\u00e7\u00e3o de empresa que comercializou chocolate estragado\" class=\"noticiasMenores grid_2 \" rel=\"nofollow noopener\" target=\"_blank\"><img decoding=\"async\" src=\"https:\/\/www.europesays.com\/pt\/wp-content\/uploads\/2025\/12\/20251201143913.jpeg\" alt=\"TJ mant\u00e9m condena\u00e7\u00e3o de empresa que comercializou chocolate estragado\" loading=\"lazy\" \/><\/p>\n<p>JUSTI\u00c7ATJ mant\u00e9m condena\u00e7\u00e3o de empresa que comercializou chocolate estragado<\/p>\n<p><\/a><a href=\"https:\/\/www.douradosnews.com.br\/noticias\/cidades\/mato-grosso-do-sul-recebe-cinco-propostas-para-a-ppp-do-hospital\/1270095\/\" title=\"Mato Grosso do Sul recebe cinco propostas para a PPP do Hospital Regional\" class=\"noticiasMenores grid_2 \" rel=\"nofollow noopener\" target=\"_blank\"><img decoding=\"async\" src=\"https:\/\/www.europesays.com\/pt\/wp-content\/uploads\/2025\/12\/hrms-11-foto-730x480.jpg\" alt=\"Mato Grosso do Sul recebe cinco propostas para a PPP do Hospital Regional\" loading=\"lazy\" \/><\/p>\n<p>PRIVATIZA\u00c7\u00c3OMato Grosso do Sul recebe cinco propostas para a PPP do Hospital Regional<\/p>\n<p><\/a><a href=\"https:\/\/www.douradosnews.com.br\/dourados\/mulher-denuncia-perseguicao-e-ameacas-durante-descumprimento-de-medida\/1270094\/\" title=\"Mulher denuncia persegui\u00e7\u00e3o e amea\u00e7as durante descumprimento de medida protetiva\" class=\"noticiasMenores grid_2 omega\" rel=\"nofollow noopener\" target=\"_blank\"><img decoding=\"async\" src=\"https:\/\/www.europesays.com\/pt\/wp-content\/uploads\/2025\/12\/whatsapp-image-2024-08-22-at-163851-1.jpeg\" alt=\"Mulher denuncia persegui\u00e7\u00e3o e amea\u00e7as durante descumprimento de medida protetiva\" loading=\"lazy\" \/><\/p>\n<p>DOURADOS Mulher denuncia persegui\u00e7\u00e3o e amea\u00e7as durante descumprimento de medida protetiva<\/p>\n<p><\/a><a href=\"https:\/\/www.douradosnews.com.br\/noticias\/brasil\/contran-aprova-resolucao-que-retira-exigencia-de-autoescola-para-cnh\/1270093\/\" class=\"noticiasMenores grid_2 alpha\" rel=\"nofollow noopener\" target=\"_blank\"><img decoding=\"async\" src=\"https:\/\/www.europesays.com\/pt\/wp-content\/uploads\/2025\/12\/autoescola-claramds-21.jpeg\" alt=\"\" loading=\"lazy\" \/><\/p>\n<p>GERALContran aprova resolu\u00e7\u00e3o que retira exig\u00eancia de autoescola para CNH<\/p>\n<p><\/a><a href=\"https:\/\/www.douradosnews.com.br\/noticias\/cidades\/dezembro-vermelho-reforca-prevencao-contra-hiv-em-ms\/1270092\/\" class=\"noticiasMenores grid_2 \" rel=\"nofollow noopener\" target=\"_blank\"><img decoding=\"async\" src=\"https:\/\/www.europesays.com\/pt\/wp-content\/uploads\/2025\/12\/foto-victor-chileno-2.jpeg\" alt=\"\" loading=\"lazy\" \/><\/p>\n<p>LEGISLATIVO DE MSDezembro Vermelho refor\u00e7a preven\u00e7\u00e3o contra HIV em MS<\/p>\n<p><\/a><a href=\"https:\/\/www.douradosnews.com.br\/dourados\/e-por-voce-que-canto-projeto-reune-vozes-e-emociona-comunidade\/1270091\/\" class=\"noticiasMenores grid_2 \" rel=\"nofollow noopener\" target=\"_blank\"><img decoding=\"async\" src=\"https:\/\/www.europesays.com\/pt\/wp-content\/uploads\/2025\/12\/whatsapp-image-2025-12-01-at-140712.jpeg\" alt=\"\" loading=\"lazy\" \/><\/p>\n<p>DOURADOS&#8221;\u00c9 por voc\u00ea que canto&#8221;: projeto re\u00fane vozes e emociona comunidade douradense\u00a0<\/p>\n<p><\/a><a href=\"https:\/\/www.douradosnews.com.br\/noticias\/cidades\/mpms-ve-irregularidades-e-recomenda-suspensao-de-processos-seletivos\/1270090\/\" class=\"noticiasMenores grid_2 \" rel=\"nofollow noopener\" target=\"_blank\"><img decoding=\"async\" src=\"https:\/\/www.europesays.com\/pt\/wp-content\/uploads\/2025\/12\/camapua-423423020257.jpg\" alt=\"\" loading=\"lazy\" \/><\/p>\n<p>CAMAPU\u00c3MPMS v\u00ea irregularidades e recomenda suspens\u00e3o de processos seletivos <\/p>\n<p><\/a><a href=\"https:\/\/www.douradosnews.com.br\/regiao\/homem-e-preso-com-arma-de-uso-restrito-apos-agredir-e-ameacar\/1270085\/\" class=\"noticiasMenores grid_2 omega\" rel=\"nofollow noopener\" target=\"_blank\"><img decoding=\"async\" src=\"https:\/\/www.europesays.com\/pt\/wp-content\/uploads\/2025\/12\/whatsapp-image-2025-11-30-at-184951-rotated-e1764593879485.jpeg\" alt=\"\" loading=\"lazy\" \/><\/p>\n<p>REGI\u00c3OHomem \u00e9 preso com arma de uso restrito ap\u00f3s agredir e amea\u00e7ar companheira<\/p>\n<p><\/a>Mais Lidas<a href=\"https:\/\/www.douradosnews.com.br\/policia\/operacao-contra-contrabando-em-dourados-apreende-mais-de-r-500-mil-em\/1269942\/\" class=\"noticiasMenores maisLidasInterna grid_3 alpha\" title=\"Opera\u00e7\u00e3o contra contrabando em Dourados apreende mais de R$ 500 mil em mercadorias \" rel=\"nofollow noopener\" target=\"_blank\"><img decoding=\"async\" src=\"https:\/\/www.europesays.com\/pt\/wp-content\/uploads\/2025\/12\/whatsapp-image-2025-11-28-at-143753.jpeg\" alt=\"\" loading=\"lazy\" \/><\/p>\n<p>BLACK FRIDAYOpera\u00e7\u00e3o contra contrabando em Dourados apreende mais de R$ 500 mil em mercadorias <\/p>\n<p><\/a><a href=\"https:\/\/www.douradosnews.com.br\/noticias\/cidades\/vereador-e-afastado-e-passa-a-usar-tornozeleira-por-fraudes\/1269727\/\" class=\"noticiasMenores maisLidasInterna grid_3 \" title=\"Vereador \u00e9 afastado e passa a usar tornozeleira por fraudes\" rel=\"nofollow noopener\" target=\"_blank\"><img decoding=\"async\" src=\"https:\/\/www.europesays.com\/pt\/wp-content\/uploads\/2025\/12\/arnaldo.webp.webp\" alt=\"\" loading=\"lazy\" \/><\/p>\n<p>TERENOSVereador \u00e9 afastado e passa a usar tornozeleira por fraudes<\/p>\n<p><\/a><a href=\"https:\/\/www.douradosnews.com.br\/dourados\/jovem-de-20-anos-morre-em-acidente-de-moto-na-br-163-na-madrugada\/1269966\/\" class=\"noticiasMenores maisLidasInterna grid_3 \" title=\"Jovem de 20 anos morre em acidente de moto na BR-163 na madrugada deste s\u00e1bado\" rel=\"nofollow noopener\" target=\"_blank\"><img decoding=\"async\" src=\"https:\/\/www.europesays.com\/pt\/wp-content\/uploads\/2025\/12\/whatsapp-image-2025-11-29-at-061047.jpeg\" alt=\"\" loading=\"lazy\" \/><\/p>\n<p>TRAG\u00c9DIAJovem de 20 anos morre em acidente de moto na BR-163 na madrugada deste s\u00e1bado<\/p>\n<p><\/a><a href=\"https:\/\/www.douradosnews.com.br\/dourados\/eleita-nova-diretoria-da-colonia-paraguaia-de-dourados\/1270033\/\" class=\"noticiasMenores maisLidasInterna grid_3 omega\" title=\"Eleita nova Diretoria da Col\u00f4nia Paraguaia de Dourados\" rel=\"nofollow noopener\" target=\"_blank\"><img decoding=\"async\" src=\"https:\/\/www.europesays.com\/pt\/wp-content\/uploads\/2025\/12\/31ec55f7-d33c-46bf-99a7-ec29432549e4.jpeg\" alt=\"\" loading=\"lazy\" \/><\/p>\n<p>CULTURA Eleita nova Diretoria da Col\u00f4nia Paraguaia de Dourados<\/p>\n<p><\/a><script async src=\"https:\/\/platform.twitter.com\/widgets.js\" charset=\"utf-8\"><\/script><\/p>\n","protected":false},"excerpt":{"rendered":"Os muros do Centro de Educa\u00e7\u00e3o Infantil Municipal (CEIM) Prof\u00aa Irany Batista de Matos e da Escola Arthur&hellip;\n","protected":false},"author":2,"featured_media":172226,"comment_status":"","ping_status":"","sticky":false,"template":"","format":"standard","meta":{"footnotes":""},"categories":[144],"tags":[207,205,206,203,201,202,204,114,115,32,33],"class_list":{"0":"post-172225","1":"post","2":"type-post","3":"status-publish","4":"format-standard","5":"has-post-thumbnail","7":"category-arte-e-design","8":"tag-arte","9":"tag-arte-e-design","10":"tag-artedesign","11":"tag-arts","12":"tag-arts-and-design","13":"tag-artsanddesign","14":"tag-design","15":"tag-entertainment","16":"tag-entretenimento","17":"tag-portugal","18":"tag-pt"},"share_on_mastodon":{"url":"https:\/\/pubeurope.com\/@pt\/115646164689868865","error":""},"_links":{"self":[{"href":"https:\/\/www.europesays.com\/pt\/wp-json\/wp\/v2\/posts\/172225","targetHints":{"allow":["GET"]}}],"collection":[{"href":"https:\/\/www.europesays.com\/pt\/wp-json\/wp\/v2\/posts"}],"about":[{"href":"https:\/\/www.europesays.com\/pt\/wp-json\/wp\/v2\/types\/post"}],"author":[{"embeddable":true,"href":"https:\/\/www.europesays.com\/pt\/wp-json\/wp\/v2\/users\/2"}],"replies":[{"embeddable":true,"href":"https:\/\/www.europesays.com\/pt\/wp-json\/wp\/v2\/comments?post=172225"}],"version-history":[{"count":0,"href":"https:\/\/www.europesays.com\/pt\/wp-json\/wp\/v2\/posts\/172225\/revisions"}],"wp:featuredmedia":[{"embeddable":true,"href":"https:\/\/www.europesays.com\/pt\/wp-json\/wp\/v2\/media\/172226"}],"wp:attachment":[{"href":"https:\/\/www.europesays.com\/pt\/wp-json\/wp\/v2\/media?parent=172225"}],"wp:term":[{"taxonomy":"category","embeddable":true,"href":"https:\/\/www.europesays.com\/pt\/wp-json\/wp\/v2\/categories?post=172225"},{"taxonomy":"post_tag","embeddable":true,"href":"https:\/\/www.europesays.com\/pt\/wp-json\/wp\/v2\/tags?post=172225"}],"curies":[{"name":"wp","href":"https:\/\/api.w.org\/{rel}","templated":true}]}}