{"id":172233,"date":"2025-12-01T20:25:08","date_gmt":"2025-12-01T20:25:08","guid":{"rendered":"https:\/\/www.europesays.com\/pt\/172233\/"},"modified":"2025-12-01T20:25:08","modified_gmt":"2025-12-01T20:25:08","slug":"dylan-e-confrontado-com-imagens-ineditas-de-ines-e-tem-reacao-inesperada-nao-tinha-visto-secret-story","status":"publish","type":"post","link":"https:\/\/www.europesays.com\/pt\/172233\/","title":{"rendered":"Dylan \u00e9 confrontado com imagens in\u00e9ditas de In\u00eas e tem rea\u00e7\u00e3o inesperada: \u00abN\u00e3o tinha visto&#8230;\u00bb &#8211; Secret Story"},"content":{"rendered":"<p><strong>Dylan foi <a href=\"https:\/\/tvi.iol.pt\/secretstory\/dylan\/vera\/em-choque-dylan-reage-ao-fenomeno-vera-se-fosse-eu-a-enfiar-lhe-quatro-chapadas\" rel=\"nofollow noopener\" target=\"_blank\">o concorrente expulso do Secret Story 9<\/a> <\/strong>e hoje, no Dois \u00e0s 10, teve a possibilidade de ver as imagens da casa ap\u00f3s a sua sa\u00edda, em especial as l\u00e1grimas de In\u00eas, a sua namorada.<\/p>\n<p>Confrontado com o momento, Dylan n\u00e3o conteve as l\u00e1grimas e a emo\u00e7\u00e3o. <strong>\u00abAinda n\u00e3o tinha visto estas imagens da In\u00eas\u00bb,<\/strong> disse, de voz embargada.\u00a0<\/p>\n<p>\u00ab<strong>N\u00e3o estava \u00e0 espera de sair assim, de todo<\/strong>. Ainda n\u00e3o falei grande coisa com os meus pais, mas percebe-se a tristeza neles. N\u00e3o est\u00e1 a ser muito f\u00e1cil, n\u00e3o vim para esta experi\u00eancia para tirar coisas m\u00e1s e sair assim&#8230;\u00bb, acrescentou, emocionado.<\/p>\n<p><strong>Veja aqui as imagens do momento:<\/strong><\/p>\n<p>Em choque, Dylan reage ao &#8216;fen\u00f3meno Vera&#8217;: \u00abSe fosse eu a enfiar-lhe quatro chapadas&#8230;\u00bb <\/p>\n<p><strong>Dylan <a href=\"https:\/\/tvi.iol.pt\/secretstory\/dylan\/pedro\/o-que-ninguem-viu-esta-foi-a-reacao-de-dylan-ao-descobrir-o-segredo-de-marisa-e-pedro\" rel=\"nofollow noopener\" target=\"_blank\">foi o concorrente expulso do Secret Story &#8211; Casa dos Segredos 9<\/a><\/strong> e esta manh\u00e3 esteve no Dois \u00e0s 10 a falar sobre a sua passagem pela casa. Inevitavelmente o jovem <strong>falou sobre Vera, com quem viveu um romance fugaz dentro da casa<\/strong>, e de quem <a href=\"https:\/\/tvi.iol.pt\/secretstory\/vera\/dylan\/o-comunicado-de-vera-sobre-a-polemica-com-dylan-nao-me-orgulho-mas-nao-me-envergonho\" rel=\"nofollow noopener\" target=\"_blank\"><strong>acabou por levar quatro chapadas.<\/strong><\/a><\/p>\n<p>No matutino da <strong>TVI,<\/strong> Dylan mostrou-se surpreendido ao chegar c\u00e1 fora e perceber que Vera tem imenso apoio, mesmo depois de ter sido expulsa por o ter agredido. \u00abCheguei c\u00e1 fora e ainda levei com um choque de realidade, que <strong>ela parece que \u00e9 uma estrela do Secret Story e que toda a gente a apoiou<\/strong>\u00bb, come\u00e7ou por dizer.<\/p>\n<p>E acrescentou: \u00abFaz-me confus\u00e3o, claro, porque <strong>se fosse eu a enfiar-lhe quatro chapadas, queria ver o que \u00e9 que eu era neste momento. Se calhar j\u00e1 estava quase preso<\/strong>\u00bb.<\/p>\n<p>Cl\u00e1udio Ramos critica Dylan: \u00abTu disseste coisas sobre as filhas dela&#8230;\u00bb <\/p>\n<p><a href=\"https:\/\/tvi.iol.pt\/secretstory\/video\/dylan-sobre-pedro-e-marisa-serem-um-casal-nao-lhes-fica-muito-bem\/692d7f9f0cf2c7eb24445c4f\" rel=\"nofollow noopener\" target=\"_blank\">Cl\u00e1udio Ramos aproveitou para intervir e criticou a postura do agora ex-concorrente.<\/a> \u00abEu concordo contigo, mas tens de ver isto de outra perspetiva. Aquilo que tu lhe disseste antes, n\u00e3o foi bonito<strong>. Nada justifica a viol\u00eancia, mas eu considero que a viol\u00eancia f\u00edsica e verbal est\u00e3o no mesmo p\u00e9.<\/strong> E tu disseste coisas sobre as filhas dela&#8230;\u00bb, atirou.<\/p>\n<p>Dylan justificou: \u00abEu disse que ela esteve um m\u00eas comigo, e ao final do m\u00eas percebeu que gostava de outra pessoa, n\u00e3o me interessa se era um homem ou uma mulher. Tamb\u00e9m j\u00e1 vinha de atitudes que ela teve comigo, e eu perguntei que imagem \u00e9 que ela acha que passa para as filhas com estas atitudes. Que desrespeito \u00e9 que eu estou a passar para as filhas dela?\u00bb<\/p>\n<p><strong>Pode ver aqui o v\u00eddeo do momento:<\/strong><\/p>\n","protected":false},"excerpt":{"rendered":"Dylan foi o concorrente expulso do Secret Story 9 e hoje, no Dois \u00e0s 10, teve a possibilidade&hellip;\n","protected":false},"author":2,"featured_media":172234,"comment_status":"","ping_status":"","sticky":false,"template":"","format":"standard","meta":{"footnotes":""},"categories":[85],"tags":[19105,114,115,15353,18800,32,33,162,18801],"class_list":{"0":"post-172233","1":"post","2":"type-post","3":"status-publish","4":"format-standard","5":"has-post-thumbnail","7":"category-entretenimento","8":"tag-dylan","9":"tag-entertainment","10":"tag-entretenimento","11":"tag-ines","12":"tag-momentos-virais-secret-story","13":"tag-portugal","14":"tag-pt","15":"tag-tvi","16":"tag-videos-virais-concorrentes"},"share_on_mastodon":{"url":"https:\/\/pubeurope.com\/@pt\/115646190412169232","error":""},"_links":{"self":[{"href":"https:\/\/www.europesays.com\/pt\/wp-json\/wp\/v2\/posts\/172233","targetHints":{"allow":["GET"]}}],"collection":[{"href":"https:\/\/www.europesays.com\/pt\/wp-json\/wp\/v2\/posts"}],"about":[{"href":"https:\/\/www.europesays.com\/pt\/wp-json\/wp\/v2\/types\/post"}],"author":[{"embeddable":true,"href":"https:\/\/www.europesays.com\/pt\/wp-json\/wp\/v2\/users\/2"}],"replies":[{"embeddable":true,"href":"https:\/\/www.europesays.com\/pt\/wp-json\/wp\/v2\/comments?post=172233"}],"version-history":[{"count":0,"href":"https:\/\/www.europesays.com\/pt\/wp-json\/wp\/v2\/posts\/172233\/revisions"}],"wp:featuredmedia":[{"embeddable":true,"href":"https:\/\/www.europesays.com\/pt\/wp-json\/wp\/v2\/media\/172234"}],"wp:attachment":[{"href":"https:\/\/www.europesays.com\/pt\/wp-json\/wp\/v2\/media?parent=172233"}],"wp:term":[{"taxonomy":"category","embeddable":true,"href":"https:\/\/www.europesays.com\/pt\/wp-json\/wp\/v2\/categories?post=172233"},{"taxonomy":"post_tag","embeddable":true,"href":"https:\/\/www.europesays.com\/pt\/wp-json\/wp\/v2\/tags?post=172233"}],"curies":[{"name":"wp","href":"https:\/\/api.w.org\/{rel}","templated":true}]}}