{"id":172241,"date":"2025-12-01T20:29:09","date_gmt":"2025-12-01T20:29:09","guid":{"rendered":"https:\/\/www.europesays.com\/pt\/172241\/"},"modified":"2025-12-01T20:29:09","modified_gmt":"2025-12-01T20:29:09","slug":"porto-braga-e-viana-do-castelo-sob-aviso-amarelo-devido-a-chuva-forte","status":"publish","type":"post","link":"https:\/\/www.europesays.com\/pt\/172241\/","title":{"rendered":"Porto, Braga e Viana do Castelo sob aviso amarelo devido \u00e0 chuva forte"},"content":{"rendered":"<p>                Porto, Braga e Viana do Castelo v\u00e3o estar sob aviso amarelo entre as 18:00 e as 21:00 desta segunda-feira devido \u00e0 previs\u00e3o de precipita\u00e7\u00e3o, por vezes forte, segundo o Instituto Portugu\u00eas do Mar e da Atmosfera (IPMA).<\/p>\n<p>J\u00e1 os avisos laranja emitidos pelo IPMA referem-se aos distritos do Porto, Viana do Castelo, Lisboa, Leiria, Aveiro, Coimbra e Braga devido \u00e0 previs\u00e3o de agita\u00e7\u00e3o mar\u00edtima, com ondas de noroeste com cinco a seis metros de altura significativa, podendo atingir 11 metros de altura m\u00e1xima.<\/p>\n<p>Os avisos nestes sete distritos vigoram entre as 18:00 de ter\u00e7a-feira e as 15:00 de quarta-feira.<\/p>\n<p>Toda a costa de Portugal continental vai estar sob aviso amarelo devido \u00e0 agita\u00e7\u00e3o mar\u00edtima a partir das 12:00 de ter\u00e7a-feira, prolongando-se at\u00e9 \u00e0s 03:00 de quarta-feira, tendo em conta a previs\u00e3o de ondas de noroeste com quatro a cinco metros. <\/p>\n<p>Os distritos da Guarda e Castelo Branco v\u00e3o estar sob aviso amarelo devido \u00e0 neve, com o IPMA a prever queda de neve com acumula\u00e7\u00e3o acima de 1.600 metros, que poder\u00e1 ser de 10 cm na Torre.<\/p>\n<p>O instituto d\u00e1 ainda conta como impactos prov\u00e1veis: perturba\u00e7\u00e3o causada por queda de neve com acumula\u00e7\u00e3o e poss\u00edvel forma\u00e7\u00e3o de gelo, por exemplo, vias condicionadas ou interditas, danos em estruturas ou \u00e1rvores, abastecimentos locais prejudicados.<\/p>\n<p>Este aviso nestes dois distritos do interior norte vai vigorar entre as 00:00 de ter\u00e7a-feira e as 00:00 de quarta-feira.<\/p>\n<p>O aviso laranja \u00e9 emitido pelo IPMA sempre que existe &#8220;situa\u00e7\u00e3o meteorol\u00f3gica de risco moderado a elevado, e o amarelo, quando h\u00e1 uma situa\u00e7\u00e3o de risco para determinadas atividades dependentes da situa\u00e7\u00e3o meteorol\u00f3gica.<\/p>\n<p>A Dire\u00e7\u00e3o-Geral da Sa\u00fade (DGS) recomendou no domingo medidas preventivas face \u00e0s previs\u00f5es de tempo frio, em especial na regi\u00e3o Norte, recordando que h\u00e1 um aumento do risco de doen\u00e7as respirat\u00f3rias, agravamento de condi\u00e7\u00f5es cr\u00f3nicas e acidentes.&#13;\n            <\/p>\n","protected":false},"excerpt":{"rendered":"Porto, Braga e Viana do Castelo v\u00e3o estar sob aviso amarelo entre as 18:00 e as 21:00 desta&hellip;\n","protected":false},"author":2,"featured_media":172242,"comment_status":"","ping_status":"","sticky":false,"template":"","format":"standard","meta":{"footnotes":""},"categories":[10],"tags":[27,28,15,16,14,25,26,21,22,12,13,19,20,32,23,24,33,420,421,17,18,29,30,31],"class_list":{"0":"post-172241","1":"post","2":"type-post","3":"status-publish","4":"format-standard","5":"has-post-thumbnail","7":"category-portugal","8":"tag-breaking-news","9":"tag-breakingnews","10":"tag-featured-news","11":"tag-featurednews","12":"tag-headlines","13":"tag-latest-news","14":"tag-latestnews","15":"tag-main-news","16":"tag-mainnews","17":"tag-news","18":"tag-noticias","19":"tag-noticias-principais","20":"tag-noticiasprincipais","21":"tag-portugal","22":"tag-principais-noticias","23":"tag-principaisnoticias","24":"tag-pt","25":"tag-rtp","26":"tag-rtp-noticias","27":"tag-top-stories","28":"tag-topstories","29":"tag-ultimas","30":"tag-ultimas-noticias","31":"tag-ultimasnoticias"},"share_on_mastodon":{"url":"https:\/\/pubeurope.com\/@pt\/115646206471610499","error":""},"_links":{"self":[{"href":"https:\/\/www.europesays.com\/pt\/wp-json\/wp\/v2\/posts\/172241","targetHints":{"allow":["GET"]}}],"collection":[{"href":"https:\/\/www.europesays.com\/pt\/wp-json\/wp\/v2\/posts"}],"about":[{"href":"https:\/\/www.europesays.com\/pt\/wp-json\/wp\/v2\/types\/post"}],"author":[{"embeddable":true,"href":"https:\/\/www.europesays.com\/pt\/wp-json\/wp\/v2\/users\/2"}],"replies":[{"embeddable":true,"href":"https:\/\/www.europesays.com\/pt\/wp-json\/wp\/v2\/comments?post=172241"}],"version-history":[{"count":0,"href":"https:\/\/www.europesays.com\/pt\/wp-json\/wp\/v2\/posts\/172241\/revisions"}],"wp:featuredmedia":[{"embeddable":true,"href":"https:\/\/www.europesays.com\/pt\/wp-json\/wp\/v2\/media\/172242"}],"wp:attachment":[{"href":"https:\/\/www.europesays.com\/pt\/wp-json\/wp\/v2\/media?parent=172241"}],"wp:term":[{"taxonomy":"category","embeddable":true,"href":"https:\/\/www.europesays.com\/pt\/wp-json\/wp\/v2\/categories?post=172241"},{"taxonomy":"post_tag","embeddable":true,"href":"https:\/\/www.europesays.com\/pt\/wp-json\/wp\/v2\/tags?post=172241"}],"curies":[{"name":"wp","href":"https:\/\/api.w.org\/{rel}","templated":true}]}}