{"id":17225,"date":"2025-08-05T15:39:08","date_gmt":"2025-08-05T15:39:08","guid":{"rendered":"https:\/\/www.europesays.com\/pt\/17225\/"},"modified":"2025-08-05T15:39:08","modified_gmt":"2025-08-05T15:39:08","slug":"arquiteta-curitibana-transforma-aviao-raro-em-suite-de-luxo","status":"publish","type":"post","link":"https:\/\/www.europesays.com\/pt\/17225\/","title":{"rendered":"Arquiteta curitibana transforma avi\u00e3o raro em su\u00edte de luxo"},"content":{"rendered":"<p>O que come\u00e7ou como uma simples visita a uma oficina mec\u00e2nica em Curitiba acabou se tornando um dos projetos mais ousados da arquitetura brasileira. A arquiteta Eliza Bastos, fundadora do escrit\u00f3rio Monaliza Arquitetura, foi surpreendida com uma proposta inusitada: transformar um avi\u00e3o em uma su\u00edte de hospedagem.<\/p>\n<p><img decoding=\"async\" viewbox=\"\" src=\"https:\/\/www.europesays.com\/pt\/wp-content\/uploads\/2025\/08\/eliza.jpg\" alt=\"\" class=\"lazyload wp-image-443678 ewww_webp_lazy_load\" src-webp=\"https:\/\/www.europesays.com\/pt\/wp-content\/uploads\/2025\/08\/eliza.jpg.webp\"\/><\/p>\n<p>Durante uma conversa casual enquanto aguardava o conserto de seu ve\u00edculo, o dono da oficina descobriu que Eliza era arquiteta e a convidou para embarcar em um sonho pouco convencional: adaptar um avi\u00e3o para receber h\u00f3spedes. A ideia, inesperada e desafiadora, foi prontamente aceita por Eliza, que viu ali a oportunidade de unir criatividade, t\u00e9cnica e inova\u00e7\u00e3o.<\/p>\n<p>Projeto do avi\u00e3o<\/p>\n<p>O avi\u00e3o escolhido para o projeto foi um Gulfstream G159, modelo turbo\u00e9lice com 26 lugares e 20 metros de comprimento. Considerado raro, \u00e9 o \u00fanico exemplar do tipo no Brasil e j\u00e1 pertenceu \u00e0 Ford Motor Company. Um modelo semelhante chegou a ser propriedade de Walt Disney e ser\u00e1 exposto em um parque nos Estados Unidos.<\/p>\n<p>Adquirida em leil\u00e3o, a aeronave foi transportada de Curitiba at\u00e9 Divino de S\u00e3o Louren\u00e7o, no Esp\u00edrito Santo, onde seria instalada na pousada <a href=\"https:\/\/aerosofiste.com.br\/\" target=\"_blank\" rel=\"noreferrer noopener nofollow\">Aero Sofiste<\/a>. A log\u00edstica envolveu desmontagem, readequa\u00e7\u00e3o estrutural e adapta\u00e7\u00e3o do interior para garantir conforto sem perder a identidade original do jato. A cabine foi mantida, e o projeto buscou preservar a ess\u00eancia da aeronave, oferecendo aos h\u00f3spedes a sensa\u00e7\u00e3o de estar a bordo, mesmo em solo firme.<\/p>\n<p><img decoding=\"async\" viewbox=\"\" src=\"https:\/\/www.europesays.com\/pt\/wp-content\/uploads\/2025\/08\/e4da6673-92bc-40f2-97e7-23c371eced01-1024x576.jpg\" alt=\"\" class=\"lazyload wp-image-443679 ewww_webp_lazy_load\" src-webp=\"https:\/\/www.europesays.com\/pt\/wp-content\/uploads\/2025\/08\/e4da6673-92bc-40f2-97e7-23c371eced01-1024x576.jpg.webp\"\/><\/p>\n<p>Iniciado em 2022, o projeto levou cerca de um ano para ser conclu\u00eddo. A inaugura\u00e7\u00e3o oficial aconteceu em 18 de julho de 2023, marcando o in\u00edcio de uma nova fase para a pousada, que passou a oferecer uma experi\u00eancia \u00fanica de hospedagem: dormir dentro de um avi\u00e3o sem sair do ch\u00e3o.<br \/>Desde ent\u00e3o, a su\u00edte a\u00e9rea tem atra\u00eddo viajantes em busca de experi\u00eancias diferenciadas, al\u00e9m de despertar o interesse da comunidade de arquitetura e design, que reconhece na iniciativa uma solu\u00e7\u00e3o criativa e funcional.<\/p>\n<p><img decoding=\"async\" viewbox=\"\" src=\"https:\/\/www.europesays.com\/pt\/wp-content\/uploads\/2025\/08\/098d53df-360d-4145-8ec4-53dd849b890f.jpg\" alt=\"\" class=\"lazyload wp-image-443680 ewww_webp_lazy_load\" src-webp=\"https:\/\/www.europesays.com\/pt\/wp-content\/uploads\/2025\/08\/098d53df-360d-4145-8ec4-53dd849b890f.jpg.webp\"\/>Sobre a arquiteta<\/p>\n<p>Eliza Bastos, formada pela Universidade Tuiuti do Paran\u00e1 e premiada em concursos como o Revestir, promovido pelo Instituto dos Arquitetos do Brasil (IAB), j\u00e1 assinou projetos residenciais, comerciais e culturais em diversos estados. Entre seus trabalhos est\u00e3o obras de alto padr\u00e3o e eventos de grande porte, como o Festival de Teatro de Curitiba e o show da banda Pearl Jam.<br \/>\u201cProjetar \u00e9 dar forma a sonhos. \u00c0s vezes, esses sonhos chegam de maneiras inesperadas, como em uma oficina mec\u00e2nica\u201d, brinca Eliza, que agora soma ao seu portf\u00f3lio uma su\u00edte de luxo nascida de um avi\u00e3o aposentado: s\u00edmbolo de ousadia, sensibilidade e inova\u00e7\u00e3o.<\/p>\n<p><img decoding=\"async\" viewbox=\"\" src=\"https:\/\/www.europesays.com\/pt\/wp-content\/uploads\/2025\/08\/229997c7-6118-46d8-b498-f39c5d690d12-623x1024.jpg\" alt=\"\" class=\"lazyload wp-image-443681 ewww_webp_lazy_load\" src-webp=\"https:\/\/www.europesays.com\/pt\/wp-content\/uploads\/2025\/08\/229997c7-6118-46d8-b498-f39c5d690d12-623x1024.jpg.webp\"\/><\/p>\n<p><strong>(com assessorias)<\/strong><\/p>\n<p> Participe do grupo e receba as principais not\u00edcias da sua regi\u00e3o na palma da sua m\u00e3o.<\/p>\n","protected":false},"excerpt":{"rendered":"O que come\u00e7ou como uma simples visita a uma oficina mec\u00e2nica em Curitiba acabou se tornando um dos&hellip;\n","protected":false},"author":2,"featured_media":17226,"comment_status":"","ping_status":"","sticky":false,"template":"","format":"standard","meta":{"footnotes":""},"categories":[144],"tags":[207,205,206,203,201,202,204,114,115,6494,32,33],"class_list":{"0":"post-17225","1":"post","2":"type-post","3":"status-publish","4":"format-standard","5":"has-post-thumbnail","7":"category-arte-e-design","8":"tag-arte","9":"tag-arte-e-design","10":"tag-artedesign","11":"tag-arts","12":"tag-arts-and-design","13":"tag-artsanddesign","14":"tag-design","15":"tag-entertainment","16":"tag-entretenimento","17":"tag-govbr","18":"tag-portugal","19":"tag-pt"},"share_on_mastodon":{"url":"","error":""},"_links":{"self":[{"href":"https:\/\/www.europesays.com\/pt\/wp-json\/wp\/v2\/posts\/17225","targetHints":{"allow":["GET"]}}],"collection":[{"href":"https:\/\/www.europesays.com\/pt\/wp-json\/wp\/v2\/posts"}],"about":[{"href":"https:\/\/www.europesays.com\/pt\/wp-json\/wp\/v2\/types\/post"}],"author":[{"embeddable":true,"href":"https:\/\/www.europesays.com\/pt\/wp-json\/wp\/v2\/users\/2"}],"replies":[{"embeddable":true,"href":"https:\/\/www.europesays.com\/pt\/wp-json\/wp\/v2\/comments?post=17225"}],"version-history":[{"count":0,"href":"https:\/\/www.europesays.com\/pt\/wp-json\/wp\/v2\/posts\/17225\/revisions"}],"wp:featuredmedia":[{"embeddable":true,"href":"https:\/\/www.europesays.com\/pt\/wp-json\/wp\/v2\/media\/17226"}],"wp:attachment":[{"href":"https:\/\/www.europesays.com\/pt\/wp-json\/wp\/v2\/media?parent=17225"}],"wp:term":[{"taxonomy":"category","embeddable":true,"href":"https:\/\/www.europesays.com\/pt\/wp-json\/wp\/v2\/categories?post=17225"},{"taxonomy":"post_tag","embeddable":true,"href":"https:\/\/www.europesays.com\/pt\/wp-json\/wp\/v2\/tags?post=17225"}],"curies":[{"name":"wp","href":"https:\/\/api.w.org\/{rel}","templated":true}]}}