{"id":172253,"date":"2025-12-01T20:37:21","date_gmt":"2025-12-01T20:37:21","guid":{"rendered":"https:\/\/www.europesays.com\/pt\/172253\/"},"modified":"2025-12-01T20:37:21","modified_gmt":"2025-12-01T20:37:21","slug":"toto-wolff-passa-se-com-helmut-marko-apos-acusacao-a-antonelli-que-falta-de-miolos","status":"publish","type":"post","link":"https:\/\/www.europesays.com\/pt\/172253\/","title":{"rendered":"Toto Wolff \u2018passa-se\u2019 com Helmut Marko ap\u00f3s acusa\u00e7\u00e3o a Antonelli: \u201cque falta de miolos\u2026\u201d"},"content":{"rendered":"<p>Toto Wolff, chefe da Mercedes, qualificou de \u201cabsurdo total\u201d a insinua\u00e7\u00e3o de Helmut Marko de que Kimi Antonelli deixou propositadamente Lando Norris passar no GP do Qatar. As coisas aqueceram nos bastidores depois de Helmut Marko ter dito na Sky Alem\u00e3 que Antonelli fez de prop\u00f3sito ao deixar passar Lando Norris, mas Toto Wolff respondeu \u00e0 letra: \u201c\u00e9 um disparate completo, que me deixou de queixo ca\u00eddo. Que falta de miolos \u00e9 preciso ter para dizer uma coisa destas!\u201d<\/p>\n<p>Na pen\u00faltima volta, Antonelli saiu largo na Curva 10, permitindo a Norris subir de quinto a quarto \u2013 dois pontos extras que mant\u00eam o l\u00edder do Mundial 12 \u00e0 frente de Verstappen para Abu Dhabi. Engenheiro de Verstappen, Gianpiero Lambiase, questionou no r\u00e1dio: \u201cN\u00e3o sei o que aconteceu ao Antonelli. Parece que simplesmente se desviou e deixou passar o Norris.\u201d\u200b<\/p>\n<p>Marko sugeriu inten\u00e7\u00e3o no erro mas Kimi Antonelli explicou que cometeu um erro que quase lhe custou uma sa\u00edda de pista. \u201cEntrei na Curva 9 um pouco mais r\u00e1pido do que na volta anterior. O ar sujo tornou o carro mais imprevis\u00edvel, com menos downforce e com os pneus a sobreaquecer. De repente, perdi a traseira e sa\u00ed fora da pista, perdendo a posi\u00e7\u00e3o para o Norris, o que foi muito frustrante\u201d, explicou o piloto.\u200b<\/p>\n<p><strong>Porqu\u00ea este tipo de declara\u00e7\u00f5es?<\/strong><\/p>\n<p>Independentemente do que sucedeu \u2013 se foi um erro ou propositado, s\u00f3 a Mercedes sabe \u2013 a verdade \u00e9 que este tipo de fen\u00f3meno \u00e9 facilmente explicado, \u00e9 muito visto no desporto em geral, tem uma explica\u00e7\u00e3o cient\u00edfica. Denomina-se (self-serving bias) \u2018vi\u00e9s de atribui\u00e7\u00e3o\u2019.<\/p>\n<p>Os erros ou decis\u00f5es desfavor\u00e1veis cometidas por \u00e1rbitros ou advers\u00e1rios s\u00e3o percebidos como injustos, intencionais ou consequ\u00eancia de incompet\u00eancia, o que provoca rejei\u00e7\u00e3o, frustra\u00e7\u00e3o e respostas emocionalmente carregadas, como invectivas e acusa\u00e7\u00f5es. Tal como fizeram Gianpero Lambiasse e Helmut Marko.<\/p>\n<p>Noutra perspetiva, se for a nosso favor, \u201cno passa nada\u201d como dizem os espanh\u00f3is, na maioria dos casos, aplica-se o \u2018vi\u00e9s de confirma\u00e7\u00e3o\u2019: s\u00f3 vemos o que queremos. Por exemplo, quando um erro de um \u00e1rbitro favorece a nossa equipa, o c\u00e9rebro interpreta-o como \u201cjusto\u201d ou \u201ccorretamente arbitrado\u201d, confirmando a convic\u00e7\u00e3o de que o nosso lado merece vencer \u2013 ignora-se evid\u00eancias contr\u00e1rias para evitar disson\u00e2ncia cognitiva. Os erros favor\u00e1veis refor\u00e7am a ilus\u00e3o de m\u00e9rito pr\u00f3prio\u2026<\/p>\n","protected":false},"excerpt":{"rendered":"Toto Wolff, chefe da Mercedes, qualificou de \u201cabsurdo total\u201d a insinua\u00e7\u00e3o de Helmut Marko de que Kimi Antonelli&hellip;\n","protected":false},"author":2,"featured_media":172254,"comment_status":"","ping_status":"","sticky":false,"template":"","format":"standard","meta":{"footnotes":""},"categories":[87],"tags":[135,970,971,34834,718,32,33,134,36018],"class_list":{"0":"post-172253","1":"post","2":"type-post","3":"status-publish","4":"format-standard","5":"has-post-thumbnail","7":"category-desporto","8":"tag-desporto","9":"tag-f1","10":"tag-formula-1","11":"tag-helmut-marko","12":"tag-newsletter","13":"tag-portugal","14":"tag-pt","15":"tag-sports","16":"tag-toto-wolff"},"share_on_mastodon":{"url":"https:\/\/pubeurope.com\/@pt\/115646237468724607","error":""},"_links":{"self":[{"href":"https:\/\/www.europesays.com\/pt\/wp-json\/wp\/v2\/posts\/172253","targetHints":{"allow":["GET"]}}],"collection":[{"href":"https:\/\/www.europesays.com\/pt\/wp-json\/wp\/v2\/posts"}],"about":[{"href":"https:\/\/www.europesays.com\/pt\/wp-json\/wp\/v2\/types\/post"}],"author":[{"embeddable":true,"href":"https:\/\/www.europesays.com\/pt\/wp-json\/wp\/v2\/users\/2"}],"replies":[{"embeddable":true,"href":"https:\/\/www.europesays.com\/pt\/wp-json\/wp\/v2\/comments?post=172253"}],"version-history":[{"count":0,"href":"https:\/\/www.europesays.com\/pt\/wp-json\/wp\/v2\/posts\/172253\/revisions"}],"wp:featuredmedia":[{"embeddable":true,"href":"https:\/\/www.europesays.com\/pt\/wp-json\/wp\/v2\/media\/172254"}],"wp:attachment":[{"href":"https:\/\/www.europesays.com\/pt\/wp-json\/wp\/v2\/media?parent=172253"}],"wp:term":[{"taxonomy":"category","embeddable":true,"href":"https:\/\/www.europesays.com\/pt\/wp-json\/wp\/v2\/categories?post=172253"},{"taxonomy":"post_tag","embeddable":true,"href":"https:\/\/www.europesays.com\/pt\/wp-json\/wp\/v2\/tags?post=172253"}],"curies":[{"name":"wp","href":"https:\/\/api.w.org\/{rel}","templated":true}]}}