{"id":172259,"date":"2025-12-01T20:42:52","date_gmt":"2025-12-01T20:42:52","guid":{"rendered":"https:\/\/www.europesays.com\/pt\/172259\/"},"modified":"2025-12-01T20:42:52","modified_gmt":"2025-12-01T20:42:52","slug":"a-ue-tem-um-novo-grande-plano-substituir-combustiveis-fosseis-por-arvores-nem-todos-gostam","status":"publish","type":"post","link":"https:\/\/www.europesays.com\/pt\/172259\/","title":{"rendered":"A UE tem um novo grande plano: substituir combust\u00edveis f\u00f3sseis por \u00e1rvores. Nem todos gostam"},"content":{"rendered":"<p class=\"wp-caption-text top\"><a href=\"https:\/\/depositphotos.com\/photo\/colorful-trees-of-autumn-seen-from-a-drone-344521956.html\" rel=\"nofollow noopener noreferrer\" data-wpel-link=\"exclude\" target=\"_blank\">belyaaa  \/ Depositphotos <\/a><\/p>\n<p><img decoding=\"async\" loading=\"lazy\" class=\"size-kopa-image-size-3 wp-image-714378\" src=\"https:\/\/www.europesays.com\/pt\/wp-content\/uploads\/2025\/12\/149dda21fb1993c0247eade62d4b02c6-783x450.jpg\" alt=\"\" width=\"700\" height=\"402\"  \/><\/p>\n<p><strong>Substituir o petr\u00f3leo e o g\u00e1s por biomassa produzida internamente ir\u00e1 refor\u00e7ar a autonomia estrat\u00e9gica e reduzir emiss\u00f5es, defende Bruxelas. A UE \u201cagarra-se \u00e0 ilus\u00e3o\u201d de que \u00e9 poss\u00edvel faz\u00ea-lo sem causar \u201cdanos s\u00e9rios e imediatos\u201d que isso acabar\u00e1 por infligir \u00e0s pessoas e \u00e0 natureza, sustentam alguns cr\u00edticos.<br \/><\/strong><\/p>\n<p>A Comiss\u00e3o Europeia apresentou um novo plano para p\u00f4r fim ao dom\u00ednio na economia dos combust\u00edveis f\u00f3sseis que aquecem o planeta\u00a0 \u2014 e <strong>substitu\u00ed-los por \u00e1rvores<\/strong>.<\/p>\n<p>A chamada <a href=\"https:\/\/commission.europa.eu\/news-and-media\/news\/new-plan-unlock-bioeconomys-potential-2025-11-27_en\" data-wpel-link=\"external\" target=\"_blank\" rel=\"nofollow external noopener noreferrer\" class=\"ext-link\">Estrat\u00e9gia para a Bioeconomia<\/a>, divulgada na passada quinta-feira, pretende <strong>substituir os combust\u00edveis f\u00f3sseis<\/strong> usados atualmente em produtos como pl\u00e1sticos, materiais de constru\u00e7\u00e3o, qu\u00edmicos e fibras por <strong>materiais org\u00e2nicos<\/strong> que voltam a crescer, como \u00e1rvores e culturas agr\u00edcolas.<\/p>\n<p>\u201cA bioeconomia encerra oportunidades enormes para a nossa sociedade, economia e ind\u00fastria, para os nossos agricultores, silvicultores e pequenas empresas, e para o nosso ecossistema\u201d, afirmou na quinta-feira a respons\u00e1vel m\u00e1xima da UE para o Ambiente, <strong>Jessika Roswall<\/strong>, citada pelo <a href=\"https:\/\/www.politico.eu\/article\/eu-grand-new-plan-replace-fossil-fuels-trees\/\" data-wpel-link=\"external\" target=\"_blank\" rel=\"nofollow external noopener noreferrer\" class=\"ext-link\">Politico<\/a>.<\/p>\n<p><strong>No centro da estrat\u00e9gia est\u00e1 o carbono<\/strong>, o bloco de constru\u00e7\u00e3o fundamental de uma vasta gama de produtos manufaturados, e n\u00e3o apenas da energia. Quase todo o<strong> pl\u00e1stico, por exemplo, \u00e9 feito de carbono<\/strong>, e atualmente a maior parte desse carbono prov\u00e9m do petr\u00f3leo e do g\u00e1s natural.<\/p>\n<p>Mas os combust\u00edveis f\u00f3sseis t\u00eam <strong>duas grandes desvantagens<\/strong>: poluem a atmosfera com CO\u2082 que aquece o planeta e s\u00e3o, em grande medida, importados de fora da UE, comprometendo a <strong>autonomia estrat\u00e9gica do bloco europeu<\/strong>.<\/p>\n<p>A estrat\u00e9gia para a bioeconomia pretende<strong> responder a ambas as desvantagens<\/strong>, recorrendo a <strong>biomassa rica em carbono produzida localmente<\/strong> ou reciclada, em vez de combust\u00edveis f\u00f3sseis importados.<\/p>\n<p>O prop\u00f5e-se faz\u00ea-lo atrav\u00e9s da <strong>fixa\u00e7\u00e3o de metas em legisla\u00e7\u00e3o relevante<\/strong>, como as leis europeias sobre res\u00edduos de embalagens, facilitando o acesso das startups da bioeconomia ao financiamento, harmonizando o quadro regulat\u00f3rio e incentivando novas fontes de biomassa.<\/p>\n<p>A estrat\u00e9gia, com 23 p\u00e1ginas, \u00e9 <strong>parca em promessas legislativas<\/strong> ou de financiamento, apoiando-se sobretudo em leis e fundos j\u00e1 existentes. Ainda assim, foi saudada pelos setores que poder\u00e3o beneficiar de um mercado mais alargado para materiais de origem biol\u00f3gica.<\/p>\n<p>\u201c<strong>A ind\u00fastria florestal acolhe favoravelmente<\/strong> a abordagem da Comiss\u00e3o em mat\u00e9ria de bioeconomia orientada para o crescimento\u201d, afirmou a diretora-geral da Swedish Forest Industries Federation, <strong>Viveka Beckeman<\/strong>.<\/p>\n<p>A respons\u00e1vel sublinhou ainda a necessidade de \u201c<strong>refor\u00e7ar o uso da biomassa<\/strong> como um recurso estrat\u00e9gico que beneficia n\u00e3o s\u00f3 a transi\u00e7\u00e3o ecol\u00f3gica e os nossos objetivos clim\u00e1ticos comuns, mas tamb\u00e9m a seguran\u00e7a econ\u00f3mica no seu conjunto\u201d.<\/p>\n<p>Qu\u00e3o renov\u00e1vel \u00e9, afinal?<\/p>\n<p>Mas os ambientalistas receiam que Bruxelas esteja <strong>entusiasmada demais<\/strong> com a motosserra. <strong>As \u00e1rvores n\u00e3o crescem de um dia para o outro<\/strong>, e a press\u00e3o sobre os ecossistemas naturais j\u00e1 \u00e9 insustentavelmente elevada.<\/p>\n<p>Relat\u00f3rios cient\u00edficos <a href=\"https:\/\/joint-research-centre.ec.europa.eu\/jrc-news-and-updates\/european-forest-carbon-sink-declining-can-we-reverse-trend-2025-07-30_en\" data-wpel-link=\"external\" target=\"_blank\" rel=\"nofollow external noopener noreferrer\" class=\"ext-link\">mostram<\/a> que a quantidade de carbono armazenada nas florestas e solos da UE est\u00e1 a diminuir, que os habitats naturais do bloco se encontram em mau estado e que <strong>a biodiversidade se est\u00e1 a perder<\/strong> a um ritmo sem precedentes.<\/p>\n<p>A prote\u00e7\u00e3o das florestas europeias tamb\u00e9m <strong>deixou de ser prioridade<\/strong> para muitos legisladores da UE. A emblem\u00e1tica lei europeia contra a desfloresta\u00e7\u00e3o enfrenta atualmente um<strong> segundo adiamento<\/strong>, de um ano, ap\u00f3s uma vota\u00e7\u00e3o no Parlamento Europeu esta semana.<\/p>\n<p>Em outubro, o Parlamento votou ainda a favor da<strong> revoga\u00e7\u00e3o de uma lei<\/strong> destinada a monitorizar o estado de sa\u00fade das florestas europeias, para reduzir a burocracia.<\/p>\n<p>Os ambientalistas avisam que o bloco pode pura e simplesmente n\u00e3o dispor de <strong>biomassa suficiente<\/strong> para responder ao aumento da procura.<\/p>\n<p>\u201cEm vez de definir uma estrat\u00e9gia que <strong>confronte a excessiva procura<\/strong> de recursos da Europa, a Comiss\u00e3o <strong>agarra-se \u00e0 ilus\u00e3o<\/strong> de que podemos simplesmente substituir o nosso atual consumo por mat\u00e9rias-primas de base biol\u00f3gica, ignorando os <strong>danos s\u00e9rios e imediatos<\/strong> que isso acabar\u00e1 por infligir \u00e0s pessoas e \u00e0 natureza\u201d, afirmou <strong>Eva Bille<\/strong>, respons\u00e1vel pela economia circular no European Environmental Bureau (EBB), em comunicado citado pelo Politico.<\/p>\n<p>Madeira a mais para ser verdade<\/p>\n<p>Os grupos ambientalistas querem que a Comiss\u00e3o d\u00ea prioridade \u00e0 utiliza\u00e7\u00e3o dos <strong>recursos biol\u00f3gicos em produtos de longa dura\u00e7\u00e3o<\/strong>, como a constru\u00e7\u00e3o, em vez de usos de menor valor ou de curta dura\u00e7\u00e3o, como embalagens descart\u00e1veis ou combust\u00edveis.<\/p>\n<p>Uma primeira vers\u00e3o preliminar da proposta, obtida pelo Politico, alimentou alguma <strong>esperan\u00e7a entre as organiza\u00e7\u00f5es ambientais<\/strong>.<\/p>\n<p>O texto destacava novas oportunidades para materiais sustent\u00e1veis de base biol\u00f3gica, mas avisava tamb\u00e9m que as \u201cfontes de biomassa prim\u00e1ria devem ser sustent\u00e1veis e a <strong>press\u00e3o sobre os ecossistemas<\/strong> deve ser consideravelmente reduzida\u201d \u2014 para garantir que essas oportunidades se mant\u00eam a longo prazo.<\/p>\n<p>Dizia ainda que a Comiss\u00e3o trabalharia na \u201cdesincentiva\u00e7\u00e3o da combust\u00e3o ineficiente de biomassa\u201d, substituindo-a por <strong>outros tipos de energias<\/strong> renov\u00e1veis.<\/p>\n<p>Essa formula\u00e7\u00e3o <strong>desagradou aos l\u00f3bis industriais<\/strong>.<\/p>\n<p><strong>Craig Winneker<\/strong>, diretor de comunica\u00e7\u00e3o da ePURE, o l\u00f3bi do etanol, queixou-se de que a linguagem do documento <strong>\u201cprossegue uma tradi\u00e7\u00e3o infeliz<\/strong>, em alguns setores da Comiss\u00e3o, de ignorar completamente a forma como os biocombust\u00edveis sustent\u00e1veis s\u00e3o produzidos na Europa\u201d, argumentando que essa energia \u201c\u00e9, na verdade, um <strong>coproduto, a par dos alimentos, das ra\u00e7\u00f5es e do CO\u2082 biog\u00e9nico<\/strong>\u201c.<\/p>\n<p>Agora, essas<strong> refer\u00eancias ao compromisso<\/strong> de reduzir a press\u00e3o ambiental e de desincentivar a combust\u00e3o ineficiente de biomassa <strong>desapareceram<\/strong>.<\/p>\n<p>\u201cA bioenergia continua a desempenhar um papel na seguran\u00e7a energ\u00e9tica, particularmente quando utiliza res\u00edduos, n\u00e3o aumenta a polui\u00e7\u00e3o da \u00e1gua e do ar e complementa outras energias renov\u00e1veis\u201d, l\u00ea-se na vers\u00e3o final do texto.<\/p>\n<p>\u201c<strong>Esta \u00e9 uma omiss\u00e3o crucial<\/strong>, dado que a produ\u00e7\u00e3o e o consumo insustent\u00e1veis da UE j\u00e1 ultrapassam em muito os limites ecol\u00f3gicos, colocando em risco pessoas, natureza e empresas\u201d, criticou o EEB.<\/p>\n<p><strong>Delara Burkhardt<\/strong>, eurodeputada do grupo dos Socialistas e Democratas, considerou \u201cpositivo que a estrat\u00e9gia reconhe\u00e7a a necessidade de abastecer a biomassa de forma sustent\u00e1vel\u201d, mas acrescentou que a proposta n\u00e3o aborda a quest\u00e3o da sufici\u00eancia.<\/p>\n<p>\u201c<strong>Limitar-se a substituir materiais f\u00f3sseis<\/strong> por materiais de base biol\u00f3gica, mantendo os atuais n\u00edveis de consumo, corre o risco de aumentar a press\u00e3o sobre os ecossistemas. Isso desloca os problemas em vez de os resolver. Precisamos de <strong>reduzir o uso global de recursos<\/strong>, n\u00e3o apenas de mudar a sua origem\u201d, afirmou.<\/p>\n<p>Roswall recusou comentar o rascunho anterior na confer\u00eancia de imprensa de quinta-feira. \u201cAcho que <strong>precisamos de aumentar os recursos<\/strong> de que dispomos, e \u00e9 isso que esta estrat\u00e9gia procura fazer\u201d, disse.<\/p>\n<p>    <a href=\"https:\/\/zap.aeiou.pt\/subscrever-newsletter\" data-wpel-link=\"internal\" rel=\"nofollow noopener\" target=\"_blank\">&#13;<br \/>\n        <img loading=\"lazy\" decoding=\"async\" class=\"aligncenter size-full wp-image-575475\" src=\"https:\/\/www.europesays.com\/pt\/wp-content\/uploads\/2025\/11\/2d51fe4a0ba54894421ead1809309ed9-1-450x140.jpg\" alt=\"Subscreva a Newsletter ZAP\" width=\"450\" height=\"140\"\/>&#13;<br \/>\n    <\/a><\/p>\n<p>                <a href=\"https:\/\/whatsapp.com\/channel\/0029VaIC4EE2f3EJZPPSbR34\" data-wpel-link=\"external\" target=\"_blank\" rel=\"nofollow external noopener noreferrer\" class=\"ext-link\">&#13;<br \/>\n                    <img loading=\"lazy\" decoding=\"async\" class=\"aligncenter size-full wp-image-575475\" src=\"https:\/\/www.europesays.com\/pt\/wp-content\/uploads\/2025\/11\/c68c559d956d4ca20f435ed74a6e71e6.png\" alt=\"Siga-nos no WhatsApp\" width=\"175\" height=\"64\"\/>&#13;<br \/>\n                <\/a><\/p>\n<p>                <a href=\"https:\/\/news.google.com\/publications\/CAAiEHRwZondIV71PDjWNoqMduEqFAgKIhB0cGaJ3SFe9Tw41jaKjHbh?hl=en-US&amp;gl=US&amp;ceid=US%3Aen\" data-wpel-link=\"external\" target=\"_blank\" rel=\"nofollow external noopener noreferrer\" class=\"ext-link\">&#13;<br \/>\n                    <img loading=\"lazy\" decoding=\"async\" class=\"aligncenter size-full wp-image-575475\" src=\"https:\/\/www.europesays.com\/pt\/wp-content\/uploads\/2025\/11\/5123dd8b087b644fdb8f8603acd1bad4.png\" alt=\"Siga-nos no Google News\" width=\"176\" height=\"64\"\/>&#13;<br \/>\n                <\/a><\/p>\n","protected":false},"excerpt":{"rendered":"belyaaa \/ Depositphotos Substituir o petr\u00f3leo e o g\u00e1s por biomassa produzida internamente ir\u00e1 refor\u00e7ar a autonomia estrat\u00e9gica&hellip;\n","protected":false},"author":2,"featured_media":172260,"comment_status":"","ping_status":"","sticky":false,"template":"","format":"standard","meta":{"footnotes":""},"categories":[50],"tags":[964,27,28,269,15,16,14,25,26,21,22,62,12,13,19,20,23,24,3204,17,18,29,30,31,636,63,64,65],"class_list":{"0":"post-172259","1":"post","2":"type-post","3":"status-publish","4":"format-standard","5":"has-post-thumbnail","7":"category-mundo","8":"tag-ambiente","9":"tag-breaking-news","10":"tag-breakingnews","11":"tag-capa","12":"tag-featured-news","13":"tag-featurednews","14":"tag-headlines","15":"tag-latest-news","16":"tag-latestnews","17":"tag-main-news","18":"tag-mainnews","19":"tag-mundo","20":"tag-news","21":"tag-noticias","22":"tag-noticias-principais","23":"tag-noticiasprincipais","24":"tag-principais-noticias","25":"tag-principaisnoticias","26":"tag-sustentabilidade","27":"tag-top-stories","28":"tag-topstories","29":"tag-ultimas","30":"tag-ultimas-noticias","31":"tag-ultimasnoticias","32":"tag-uniao-europeia","33":"tag-world","34":"tag-world-news","35":"tag-worldnews"},"share_on_mastodon":{"url":"https:\/\/pubeurope.com\/@pt\/115646261985579353","error":""},"_links":{"self":[{"href":"https:\/\/www.europesays.com\/pt\/wp-json\/wp\/v2\/posts\/172259","targetHints":{"allow":["GET"]}}],"collection":[{"href":"https:\/\/www.europesays.com\/pt\/wp-json\/wp\/v2\/posts"}],"about":[{"href":"https:\/\/www.europesays.com\/pt\/wp-json\/wp\/v2\/types\/post"}],"author":[{"embeddable":true,"href":"https:\/\/www.europesays.com\/pt\/wp-json\/wp\/v2\/users\/2"}],"replies":[{"embeddable":true,"href":"https:\/\/www.europesays.com\/pt\/wp-json\/wp\/v2\/comments?post=172259"}],"version-history":[{"count":0,"href":"https:\/\/www.europesays.com\/pt\/wp-json\/wp\/v2\/posts\/172259\/revisions"}],"wp:featuredmedia":[{"embeddable":true,"href":"https:\/\/www.europesays.com\/pt\/wp-json\/wp\/v2\/media\/172260"}],"wp:attachment":[{"href":"https:\/\/www.europesays.com\/pt\/wp-json\/wp\/v2\/media?parent=172259"}],"wp:term":[{"taxonomy":"category","embeddable":true,"href":"https:\/\/www.europesays.com\/pt\/wp-json\/wp\/v2\/categories?post=172259"},{"taxonomy":"post_tag","embeddable":true,"href":"https:\/\/www.europesays.com\/pt\/wp-json\/wp\/v2\/tags?post=172259"}],"curies":[{"name":"wp","href":"https:\/\/api.w.org\/{rel}","templated":true}]}}