{"id":172269,"date":"2025-12-01T20:48:13","date_gmt":"2025-12-01T20:48:13","guid":{"rendered":"https:\/\/www.europesays.com\/pt\/172269\/"},"modified":"2025-12-01T20:48:13","modified_gmt":"2025-12-01T20:48:13","slug":"depois-de-cantar-o-hino-mais-famoso-do-natal-leandro-aposta-num-tema-dos-anjos-secret-story","status":"publish","type":"post","link":"https:\/\/www.europesays.com\/pt\/172269\/","title":{"rendered":"Depois de cantar o hino mais famoso do Natal, Leandro aposta num tema dos Anjos &#8211; Secret Story"},"content":{"rendered":"<p>No Secret Story, Leandro est\u00e1 sozinho na sala e come\u00e7a a cantar a m\u00fasica mais famosa de sempre em rela\u00e7\u00e3o \u00e0 quadra natal\u00edcia: &#8220;All Want For Christmas Is You&#8221; de Mariah Carey. Depois, Leandro canta a m\u00fasica &#8220;Nesta Noite Branca&#8221; dos Anjos. Veja a interpreta\u00e7\u00e3o do concorrente!\u00a0<\/p>\n<p>Dylan foi o concorrente expulso na gala deste domingo. A gala ficou ainda marcada pela revela\u00e7\u00e3o do segredo de Leandro: \u00abFui assaltado \u00e0 m\u00e3o armada\u00bb. Acompanhe tudo o que se passa na casa mais vigiada do Pa\u00eds na linha do <a href=\"https:\/\/tvi.iol.pt\/secretstory\/aominuto\" rel=\"nofollow noopener\" target=\"_blank\">Ao Minuto.<\/a>\u00a0<\/p>\n","protected":false},"excerpt":{"rendered":"No Secret Story, Leandro est\u00e1 sozinho na sala e come\u00e7a a cantar a m\u00fasica mais famosa de sempre&hellip;\n","protected":false},"author":2,"featured_media":172270,"comment_status":"","ping_status":"","sticky":false,"template":"","format":"standard","meta":{"footnotes":""},"categories":[142],"tags":[114,115,19033,19034,32,33,151,19032],"class_list":{"0":"post-172269","1":"post","2":"type-post","3":"status-publish","4":"format-standard","5":"has-post-thumbnail","7":"category-tv","8":"tag-entertainment","9":"tag-entretenimento","10":"tag-galas-em-video","11":"tag-melhores-momentos-casa-dos-segredos","12":"tag-portugal","13":"tag-pt","14":"tag-tv","15":"tag-videos-secret-story-tvi"},"share_on_mastodon":{"url":"https:\/\/pubeurope.com\/@pt\/115646280718663228","error":""},"_links":{"self":[{"href":"https:\/\/www.europesays.com\/pt\/wp-json\/wp\/v2\/posts\/172269","targetHints":{"allow":["GET"]}}],"collection":[{"href":"https:\/\/www.europesays.com\/pt\/wp-json\/wp\/v2\/posts"}],"about":[{"href":"https:\/\/www.europesays.com\/pt\/wp-json\/wp\/v2\/types\/post"}],"author":[{"embeddable":true,"href":"https:\/\/www.europesays.com\/pt\/wp-json\/wp\/v2\/users\/2"}],"replies":[{"embeddable":true,"href":"https:\/\/www.europesays.com\/pt\/wp-json\/wp\/v2\/comments?post=172269"}],"version-history":[{"count":0,"href":"https:\/\/www.europesays.com\/pt\/wp-json\/wp\/v2\/posts\/172269\/revisions"}],"wp:featuredmedia":[{"embeddable":true,"href":"https:\/\/www.europesays.com\/pt\/wp-json\/wp\/v2\/media\/172270"}],"wp:attachment":[{"href":"https:\/\/www.europesays.com\/pt\/wp-json\/wp\/v2\/media?parent=172269"}],"wp:term":[{"taxonomy":"category","embeddable":true,"href":"https:\/\/www.europesays.com\/pt\/wp-json\/wp\/v2\/categories?post=172269"},{"taxonomy":"post_tag","embeddable":true,"href":"https:\/\/www.europesays.com\/pt\/wp-json\/wp\/v2\/tags?post=172269"}],"curies":[{"name":"wp","href":"https:\/\/api.w.org\/{rel}","templated":true}]}}