{"id":172287,"date":"2025-12-01T21:08:12","date_gmt":"2025-12-01T21:08:12","guid":{"rendered":"https:\/\/www.europesays.com\/pt\/172287\/"},"modified":"2025-12-01T21:08:12","modified_gmt":"2025-12-01T21:08:12","slug":"sporting-adeptos-elegem-eduardo-quaresma-como-mvp","status":"publish","type":"post","link":"https:\/\/www.europesays.com\/pt\/172287\/","title":{"rendered":"Sporting: adeptos elegem Eduardo Quaresma como MVP"},"content":{"rendered":"<p><a class=\"autolink-enabled\" data-resource-id=\"222095\" data-resource-type=\"player\" data-sport=\"football\" href=\"https:\/\/www.abola.pt\/futebol\/jogador\/eduardo-quaresma-222095\" rel=\"nofollow noopener\" target=\"_blank\">Eduardo Quaresma<\/a> \u00e9 um dos jogadores do plantel mais acarinhados pela massa adepta leonina. Ap\u00f3s ter sido titular e ter marcado o primeiro golo na robusta vit\u00f3ria na rece\u00e7\u00e3o ao E. <a class=\"autolink-enabled\" data-resource-id=\"21677\" data-resource-type=\"team\" data-sport=\"football\" href=\"https:\/\/www.abola.pt\/futebol\/estrela-da-amadora-21677\" rel=\"nofollow noopener\" target=\"_blank\">Amadora<\/a> (4-0), no passado domingo, em Alvalade, o camisola 72 foi distinguido. <\/p>\n<p>Numa vota\u00e7\u00e3o levada a cabo pelo <a class=\"autolink-enabled\" data-resource-id=\"448\" data-resource-type=\"team\" data-sport=\"football\" href=\"https:\/\/www.abola.pt\/futebol\/sporting-448\" rel=\"nofollow noopener\" target=\"_blank\">Sporting<\/a> nas redes sociais, os adeptos leoninos elegeram <a class=\"autolink-enabled\" data-resource-id=\"222095\" data-resource-type=\"player\" data-sport=\"football\" href=\"https:\/\/www.abola.pt\/futebol\/jogador\/eduardo-quaresma-222095\" rel=\"nofollow noopener\" target=\"_blank\">Eduardo Quaresma<\/a> como o MPV do jogo, com 29,1%, \u00e0 frente de <a class=\"autolink-enabled\" data-resource-id=\"189436\" data-resource-type=\"player\" data-sport=\"football\" href=\"https:\/\/www.abola.pt\/futebol\/jogador\/morita-189436\" rel=\"nofollow noopener\" target=\"_blank\">Morita<\/a> (26,5), <a class=\"autolink-enabled\" data-resource-id=\"125053\" data-resource-type=\"player\" data-sport=\"football\" href=\"https:\/\/www.abola.pt\/futebol\/jogador\/trincao-125053\" rel=\"nofollow noopener\" target=\"_blank\">Trinc\u00e3o<\/a> (22,6) e <a class=\"autolink-enabled\" data-resource-id=\"136456\" data-resource-type=\"player\" data-sport=\"football\" href=\"https:\/\/www.abola.pt\/futebol\/jogador\/luis-suarez-136456\" rel=\"nofollow noopener\" target=\"_blank\">Luis Su\u00e1rez<\/a> (21,81). <\/p>\n<p>            <img decoding=\"async\" src=\"https:\/\/www.europesays.com\/pt\/wp-content\/uploads\/2025\/12\/5f7887e3-365c-4d20-9c2b-9902f7779b90.jpg\" alt=\"\" width=\"620\" class=\"w-full object-cover\"\/><\/p>\n<p>                    Eduardo Quaresma com a placa de MVP &#8211; Foto: SPORTING CP<\/p>\n<p><a class=\"autolink-enabled\" data-resource-id=\"222095\" data-resource-type=\"player\" data-sport=\"football\" href=\"https:\/\/www.abola.pt\/futebol\/jogador\/eduardo-quaresma-222095\" rel=\"nofollow noopener\" target=\"_blank\">Eduardo Quaresma<\/a> foi um dos &#8216;castigados&#8217; pela implementa\u00e7\u00e3o do 4x2x3x1 de Rui Borges, perdendo espa\u00e7o na equipa. No domingo, o central foi titular pela primeira vez esta \u00e9poca na Liga \u2014 nas restantes provas em que os le\u00f5es est\u00e3o inseridos j\u00e1 perfilou nos onzes \u2014 e a resposta n\u00e3o podia ter sido melhor: abriu a contagem na goleada imposta ao E. <a class=\"autolink-enabled\" data-resource-id=\"21677\" data-resource-type=\"team\" data-sport=\"football\" href=\"https:\/\/www.abola.pt\/futebol\/estrela-da-amadora-21677\" rel=\"nofollow noopener\" target=\"_blank\">Amadora<\/a>. <\/p>\n<p>De cabe\u00e7a, no cora\u00e7\u00e3o da \u00e1rea, respondeu da melhor forma a um livre eximiamente cobrado por Trinc\u00e3o. Festejou efusivamente, como \u00e9 seu apan\u00e1gio, fazendo todos relembrar o \u00faltimo golo que tinha marcado.<\/p>\n<p>A 4 de maio, em Alvalade, desfez o empate com o <a class=\"autolink-enabled\" data-resource-id=\"447\" data-resource-type=\"team\" data-sport=\"football\" href=\"https:\/\/www.abola.pt\/futebol\/gil-vicente-447\" rel=\"nofollow noopener\" target=\"_blank\">Gil Vicente<\/a>, aos 90+3, naquele que foi considerado o golo que valeu o bicampeonato ao <a class=\"autolink-enabled\" data-resource-id=\"448\" data-resource-type=\"team\" data-sport=\"football\" href=\"https:\/\/www.abola.pt\/futebol\/sporting-448\" rel=\"nofollow noopener\" target=\"_blank\">Sporting<\/a>.<\/p>\n<p><a target=\"_blank\" class=\"editor-link\" href=\"https:\/\/profile.google.com\/cp\/CgkvbS8wNWNjOHQ?pf=0\" rel=\"nofollow noopener\">Siga o perfil de A BOLA no Google<\/a><\/p>\n","protected":false},"excerpt":{"rendered":"Eduardo Quaresma \u00e9 um dos jogadores do plantel mais acarinhados pela massa adepta leonina. Ap\u00f3s ter sido titular&hellip;\n","protected":false},"author":2,"featured_media":172288,"comment_status":"","ping_status":"","sticky":false,"template":"","format":"standard","meta":{"footnotes":""},"categories":[84],"tags":[109,107,108,32,33,105,103,104,106,110],"class_list":{"0":"post-172287","1":"post","2":"type-post","3":"status-publish","4":"format-standard","5":"has-post-thumbnail","7":"category-ciencia-e-tecnologia","8":"tag-ciencia","9":"tag-ciencia-e-tecnologia","10":"tag-cienciaetecnologia","11":"tag-portugal","12":"tag-pt","13":"tag-science","14":"tag-science-and-technology","15":"tag-scienceandtechnology","16":"tag-technology","17":"tag-tecnologia"},"share_on_mastodon":{"url":"https:\/\/pubeurope.com\/@pt\/115646359707152337","error":""},"_links":{"self":[{"href":"https:\/\/www.europesays.com\/pt\/wp-json\/wp\/v2\/posts\/172287","targetHints":{"allow":["GET"]}}],"collection":[{"href":"https:\/\/www.europesays.com\/pt\/wp-json\/wp\/v2\/posts"}],"about":[{"href":"https:\/\/www.europesays.com\/pt\/wp-json\/wp\/v2\/types\/post"}],"author":[{"embeddable":true,"href":"https:\/\/www.europesays.com\/pt\/wp-json\/wp\/v2\/users\/2"}],"replies":[{"embeddable":true,"href":"https:\/\/www.europesays.com\/pt\/wp-json\/wp\/v2\/comments?post=172287"}],"version-history":[{"count":0,"href":"https:\/\/www.europesays.com\/pt\/wp-json\/wp\/v2\/posts\/172287\/revisions"}],"wp:featuredmedia":[{"embeddable":true,"href":"https:\/\/www.europesays.com\/pt\/wp-json\/wp\/v2\/media\/172288"}],"wp:attachment":[{"href":"https:\/\/www.europesays.com\/pt\/wp-json\/wp\/v2\/media?parent=172287"}],"wp:term":[{"taxonomy":"category","embeddable":true,"href":"https:\/\/www.europesays.com\/pt\/wp-json\/wp\/v2\/categories?post=172287"},{"taxonomy":"post_tag","embeddable":true,"href":"https:\/\/www.europesays.com\/pt\/wp-json\/wp\/v2\/tags?post=172287"}],"curies":[{"name":"wp","href":"https:\/\/api.w.org\/{rel}","templated":true}]}}