{"id":172295,"date":"2025-12-01T21:16:47","date_gmt":"2025-12-01T21:16:47","guid":{"rendered":"https:\/\/www.europesays.com\/pt\/172295\/"},"modified":"2025-12-01T21:16:47","modified_gmt":"2025-12-01T21:16:47","slug":"foi-por-isto-que-cristina-ferreira-nao-contou-a-dylan-o-segredo-bombastico-de-pedro-e-marisa-secret-story","status":"publish","type":"post","link":"https:\/\/www.europesays.com\/pt\/172295\/","title":{"rendered":"Foi por isto que Cristina Ferreira n\u00e3o contou a Dylan o segredo bomb\u00e1stico de Pedro e Marisa &#8211; Secret Story"},"content":{"rendered":"<p style=\"margin-bottom:11px\">Ap\u00f3s ser expulso, Dylan acabou a n\u00e3o ser confrontado com o segredo de Pedro e Marisa. O momento era o mais aguardado da noite, mas acabou por acontecer nos bastidores da gala.<\/p>\n<p>Esta manh\u00e3, no Dois \u00e0s 10, Cristina Ferreira explicou porque n\u00e3o contou a Dylan este segredo. O programa tinha de terminar e n\u00e3o houve tempo. \u00abJ\u00e1 est\u00e1vamos atrasados e tive de fazer tudo \u00e0 pressa. Estava a correr. J\u00e1 conversamos sobre isso com ele. Os colegas gravaram a contar-lhe\u00bb.<\/p>\n<p>\u00abEu j\u00e1 vi o v\u00eddeo e ele fica surpreendid\u00edssimo\u00bb, confirmou Gon\u00e7alo Quinaz. \u00abEle era dos que n\u00e3o acreditava que fosse poss\u00edvel\u00bb, declarou Cristina Ferreira.<\/p>\n<p>O momento acabou por ser gravado por uma ex-concorrente. Veja no v\u00eddeo como \u00e9 que Dylan reage \u00e0 grande revela\u00e7\u00e3o. \u00a0<\/p>\n<p>Recorde-se que Pedro e Marisa s\u00e3o casados e t\u00eam dois filhos em comum. \u00a0<\/p>\n","protected":false},"excerpt":{"rendered":"Ap\u00f3s ser expulso, Dylan acabou a n\u00e3o ser confrontado com o segredo de Pedro e Marisa. O momento&hellip;\n","protected":false},"author":2,"featured_media":172296,"comment_status":"","ping_status":"","sticky":false,"template":"","format":"standard","meta":{"footnotes":""},"categories":[142],"tags":[8113,2632,329,333,328,335,166,336,19105,114,115,334,330,1326,338,19184,19019,13,14646,32,33,1315,7958,8174,151,162,19020,227],"class_list":{"0":"post-172295","1":"post","2":"type-post","3":"status-publish","4":"format-standard","5":"has-post-thumbnail","7":"category-tv","8":"tag-alice-alves","9":"tag-casa-dos-segredos","10":"tag-claudio-ramos","11":"tag-comentadores","12":"tag-concorrentes","13":"tag-confrontos","14":"tag-cristina-ferreira","15":"tag-discussoes","16":"tag-dylan","17":"tag-entertainment","18":"tag-entretenimento","19":"tag-exclusivos","20":"tag-gala","21":"tag-mafalda-castro","22":"tag-maria-botelho-moniz","23":"tag-marisa","24":"tag-marta-cardoso","25":"tag-noticias","26":"tag-pedro","27":"tag-portugal","28":"tag-pt","29":"tag-secret-story","30":"tag-segredo","31":"tag-segredos","32":"tag-tv","33":"tag-tvi","34":"tag-video-do-dia","35":"tag-videos"},"share_on_mastodon":{"url":"https:\/\/pubeurope.com\/@pt\/115646394747038054","error":""},"_links":{"self":[{"href":"https:\/\/www.europesays.com\/pt\/wp-json\/wp\/v2\/posts\/172295","targetHints":{"allow":["GET"]}}],"collection":[{"href":"https:\/\/www.europesays.com\/pt\/wp-json\/wp\/v2\/posts"}],"about":[{"href":"https:\/\/www.europesays.com\/pt\/wp-json\/wp\/v2\/types\/post"}],"author":[{"embeddable":true,"href":"https:\/\/www.europesays.com\/pt\/wp-json\/wp\/v2\/users\/2"}],"replies":[{"embeddable":true,"href":"https:\/\/www.europesays.com\/pt\/wp-json\/wp\/v2\/comments?post=172295"}],"version-history":[{"count":0,"href":"https:\/\/www.europesays.com\/pt\/wp-json\/wp\/v2\/posts\/172295\/revisions"}],"wp:featuredmedia":[{"embeddable":true,"href":"https:\/\/www.europesays.com\/pt\/wp-json\/wp\/v2\/media\/172296"}],"wp:attachment":[{"href":"https:\/\/www.europesays.com\/pt\/wp-json\/wp\/v2\/media?parent=172295"}],"wp:term":[{"taxonomy":"category","embeddable":true,"href":"https:\/\/www.europesays.com\/pt\/wp-json\/wp\/v2\/categories?post=172295"},{"taxonomy":"post_tag","embeddable":true,"href":"https:\/\/www.europesays.com\/pt\/wp-json\/wp\/v2\/tags?post=172295"}],"curies":[{"name":"wp","href":"https:\/\/api.w.org\/{rel}","templated":true}]}}