{"id":172303,"date":"2025-12-01T21:25:14","date_gmt":"2025-12-01T21:25:14","guid":{"rendered":"https:\/\/www.europesays.com\/pt\/172303\/"},"modified":"2025-12-01T21:25:14","modified_gmt":"2025-12-01T21:25:14","slug":"trump-faz-ultimato-a-maduro-para-sair-da-venezuela-em-seguranca","status":"publish","type":"post","link":"https:\/\/www.europesays.com\/pt\/172303\/","title":{"rendered":"Trump faz ultimato a Maduro para sair da Venezuela em seguran\u00e7a"},"content":{"rendered":"<p data-remotead-prev-elm=\"true\" data-remotead-elm-id=\"inread\">&#8220;N\u00e3o diria que foi boa nem m\u00e1. Foi uma chamada telef\u00f3nica&#8221;, resumiu ontem o presidente norte-americano, quando questionado por jornalistas sobre o telefonema com Maduro, que ter\u00e1 ocorrido a 21 de novembro, avan\u00e7ou inicialmente o &#8220;The New York Times&#8221;. Segundo o jornal norte-americano, Trump ter\u00e1 feito um ultimato ao hom\u00f3logo venezuelano para que este renunciasse ao poder, mas Maduro recusou, exigindo uma &#8220;amnistia global&#8221; para si e para os seus aliados.<\/p>\n<p>De acordo com o &#8220;Miami Herald&#8221;, o presidente dos EUA enviou uma &#8220;mensagem direta&#8221; ao sul-americano: se Maduro renunciasse ao poder imediatamente, seria garantida seguran\u00e7a para si, para a sua mulher e para o seu filho, mas o l\u00edder venezuelano ter\u00e1 recusado.<\/p>\n<p>O senador dos EUA Markwayne Mullin confirmou que Washington prop\u00f4s ao presidente venezuelano deixar o pa\u00eds. &#8220;Demos a Maduro a oportunidade de sair. <a href=\"https:\/\/www.jn.pt\/mundo\/artigo\/eua-propuseram-a-maduro-ir-para-a-russia\/18025683\" target=\"_blank\" rel=\"nofollow noopener\">Dissemos que poderia ir para a R\u00fassia ou outro pa\u00eds<\/a>&#8220;, declarou o republicano \u00e0 CNN.<\/p>\n<p>Combate ao tr\u00e1fico de droga no centro do despique<\/p>\n<p data-remotead-prev-elm=\"true\" data-remotead-elm-id=\"centro1\">Washington acusa Maduro de liderar um cartel de drogas e mant\u00e9m, desde agosto, uma opera\u00e7\u00e3o contra narcotraficantes nas Cara\u00edbas. Entre as for\u00e7as mobilizadas pelos EUA, est\u00e1 o <a href=\"https:\/\/www.jn.pt\/mundo\/artigo\/porta-avioes-mais-avancado-dos-eua-chega-as-caraibas-em-plena-escalada-de-tensao-com-venezuela\/18020569\" target=\"_blank\" rel=\"nofollow noopener\">maior porta-avi\u00f5es do mundo<\/a>. Maduro alega que Trump est\u00e1 a usar o combate ao tr\u00e1fico de droga como pretexto para derrubar o poder em Caracas e assegura que a Venezuela \u00e9 um pa\u00eds &#8220;indestrut\u00edvel, intoc\u00e1vel, invenc\u00edvel&#8221;.<\/p>\n<blockquote data-type=\"articles\" data-id=\"related-article-17873575\"><p>\n              <strong>Leia tamb\u00e9m <\/strong><br \/>\n              <a href=\"https:\/\/www.jn.pt\/mundo\/artigo\/cartel-de-los-soles-o-grupo-de-narcotrafico-liderado-por-maduro-que-nem-se-sabe-se-existe\/17873575\" rel=\"nofollow noopener\" target=\"_blank\">Cartel de los Soles: o grupo de narcotr\u00e1fico &#8220;liderado&#8221; por Maduro que nem se sabe se existe<\/a>\n            <\/p><\/blockquote>\n<p>Segundo uma carta de Maduro divulgada no domingo, a Venezuela pediu ajuda \u00e0 Organiza\u00e7\u00e3o dos Pa\u00edses Exportadores de Petr\u00f3leo (OPEP) para deter a &#8220;agress\u00e3o&#8221; dos Estados Unidos.<\/p>\n<p>&#8220;Espero contar com os seus melhores esfor\u00e7os para deter esta agress\u00e3o, que acontece com cada vez mais for\u00e7a e amea\u00e7a seriamente os equil\u00edbrios do mercado energ\u00e9tico internacional&#8221;, l\u00ea-se na missiva do presidente venezuelano, que acusa Washington de querer derrubar o Governo venezuelano e assumir o controlo das reservas de petr\u00f3leo do pa\u00eds. Uma a\u00e7\u00e3o militar &#8220;coloca em grave perigo a estabilidade da produ\u00e7\u00e3o de petr\u00f3leo venezuelana e o mercado mundial&#8221;, acrescenta a carta.<\/p>\n<p data-remotead-prev-elm=\"true\" data-remotead-elm-id=\"centro2\">Embora Trump n\u00e3o tenha amea\u00e7ado publicamente atacar Maduro, o presidente norte-americano afirmou, nos \u00faltimos dias, que os esfor\u00e7os para parar o narcotr\u00e1fico venezuelano &#8220;por terra&#8221; come\u00e7ariam &#8220;muito em breve&#8221;.<\/p>\n<blockquote data-type=\"articles\" data-id=\"related-article-18024760\"><p>\n              <strong>Leia tamb\u00e9m <\/strong><br \/>\n              <a href=\"https:\/\/www.jn.pt\/mundo\/artigo\/trump-anuncia-intervencao-militar-terrestre-na-venezuela-e-maduro-pede-prontidao-a-forca-aerea\/18024760\" rel=\"nofollow noopener\" target=\"_blank\">Trump anuncia interven\u00e7\u00e3o militar terrestre na Venezuela e Maduro pede prontid\u00e3o a for\u00e7a a\u00e9rea<\/a>\n            <\/p><\/blockquote>\n<p>No s\u00e1bado, Trump advertiu que o espa\u00e7o a\u00e9reo da Venezuela devia ser considerado &#8220;fechado na totalidade&#8221;, uma semana ap\u00f3s Washington ter emitido um alerta a\u00e9reo que pedia \u00e0s companhias a\u00e9reas que adotassem precau\u00e7\u00f5es devido ao aumento da atividade militar na regi\u00e3o.<\/p>\n<p>A Venezuela revogou as licen\u00e7as operacionais de seis companhias a\u00e9reas que suspenderam os voos, incluindo a TAP, e considerou os coment\u00e1rios de Trump uma &#8220;amea\u00e7a colonialista que pretende afetar a soberania do espa\u00e7o a\u00e9reo&#8221;.<\/p>\n<blockquote data-type=\"articles\" data-id=\"related-article-18024389\"><p>\n              <strong>Leia tamb\u00e9m <\/strong><br \/>\n              <a href=\"https:\/\/www.jn.pt\/mundo\/artigo\/padroes-de-seguranca-impedem-tap-de-voar-para-a-venezuela\/18024389\" rel=\"nofollow noopener\" target=\"_blank\">Padr\u00f5es de seguran\u00e7a impedem TAP de voar para a Venezuela<\/a>\n            <\/p><\/blockquote>\n<p data-remotead-prev-elm=\"true\" data-remotead-elm-id=\"centro3\">A advert\u00eancia provocou a suspens\u00e3o de um programa de voos especiais de repatria\u00e7\u00e3o para venezuelanos deportados dos EUA. No entanto, Caracas anunciou uma opera\u00e7\u00e3o especial &#8220;para o retorno dos venezuelanos retidos noutros pa\u00edses&#8221;, al\u00e9m de &#8220;facilitar os itiner\u00e1rios de sa\u00edda&#8221; para aqueles que precisem de sair do pa\u00eds.<\/p>\n<p>&#8220;Crime de guerra&#8221;<\/p>\n<p>Os EUA j\u00e1 atacaram quase 20 embarca\u00e7\u00f5es suspeitas de narcotr\u00e1fico nas Cara\u00edbas e no Pac\u00edfico desde o in\u00edcio de setembro, com um balan\u00e7o de pelo menos 83 mortes, sem apresentar provas para as acusa\u00e7\u00f5es de crime.<\/p>\n<p>Jorge Rodr\u00edguez, presidente do Parlamento venezuelano, mencionou um artigo do &#8220;Washington Post&#8221; que informa que o secret\u00e1rio de Defesa dos EUA, Pete Hegseth, ordenou, durante um dos bombardeamentos na regi\u00e3o, que todos os passageiros de uma embarca\u00e7\u00e3o visada fossem eliminados, levando a um segundo ataque. Rodr\u00edguez acusou tratar-se de um &#8220;crime de guerra&#8221;.<\/p>\n<p>No domingo, Trump admitiu que pretende investigar o ocorrido, mas expressou confian\u00e7a na vers\u00e3o do chefe do Pent\u00e1gono. &#8220;N\u00e3o sei nada sobre isso. Ele [Pete Hegseth] diz que n\u00e3o disse aquilo e eu acredito nele&#8221;, acrescentou.<\/p>\n","protected":false},"excerpt":{"rendered":"&#8220;N\u00e3o diria que foi boa nem m\u00e1. Foi uma chamada telef\u00f3nica&#8221;, resumiu ontem o presidente norte-americano, quando questionado&hellip;\n","protected":false},"author":2,"featured_media":172304,"comment_status":"","ping_status":"","sticky":false,"template":"","format":"standard","meta":{"footnotes":""},"categories":[50],"tags":[27,28,413,15,16,14,25,26,21,22,62,7808,12,3025,13,19,20,23,24,17,18,29,30,31,3023,63,64,65],"class_list":{"0":"post-172303","1":"post","2":"type-post","3":"status-publish","4":"format-standard","5":"has-post-thumbnail","7":"category-mundo","8":"tag-breaking-news","9":"tag-breakingnews","10":"tag-eua","11":"tag-featured-news","12":"tag-featurednews","13":"tag-headlines","14":"tag-latest-news","15":"tag-latestnews","16":"tag-main-news","17":"tag-mainnews","18":"tag-mundo","19":"tag-narcotrafico","20":"tag-news","21":"tag-nicolas-maduro","22":"tag-noticias","23":"tag-noticias-principais","24":"tag-noticiasprincipais","25":"tag-principais-noticias","26":"tag-principaisnoticias","27":"tag-top-stories","28":"tag-topstories","29":"tag-ultimas","30":"tag-ultimas-noticias","31":"tag-ultimasnoticias","32":"tag-venezuela","33":"tag-world","34":"tag-world-news","35":"tag-worldnews"},"share_on_mastodon":{"url":"https:\/\/pubeurope.com\/@pt\/115646426366172159","error":""},"_links":{"self":[{"href":"https:\/\/www.europesays.com\/pt\/wp-json\/wp\/v2\/posts\/172303","targetHints":{"allow":["GET"]}}],"collection":[{"href":"https:\/\/www.europesays.com\/pt\/wp-json\/wp\/v2\/posts"}],"about":[{"href":"https:\/\/www.europesays.com\/pt\/wp-json\/wp\/v2\/types\/post"}],"author":[{"embeddable":true,"href":"https:\/\/www.europesays.com\/pt\/wp-json\/wp\/v2\/users\/2"}],"replies":[{"embeddable":true,"href":"https:\/\/www.europesays.com\/pt\/wp-json\/wp\/v2\/comments?post=172303"}],"version-history":[{"count":0,"href":"https:\/\/www.europesays.com\/pt\/wp-json\/wp\/v2\/posts\/172303\/revisions"}],"wp:featuredmedia":[{"embeddable":true,"href":"https:\/\/www.europesays.com\/pt\/wp-json\/wp\/v2\/media\/172304"}],"wp:attachment":[{"href":"https:\/\/www.europesays.com\/pt\/wp-json\/wp\/v2\/media?parent=172303"}],"wp:term":[{"taxonomy":"category","embeddable":true,"href":"https:\/\/www.europesays.com\/pt\/wp-json\/wp\/v2\/categories?post=172303"},{"taxonomy":"post_tag","embeddable":true,"href":"https:\/\/www.europesays.com\/pt\/wp-json\/wp\/v2\/tags?post=172303"}],"curies":[{"name":"wp","href":"https:\/\/api.w.org\/{rel}","templated":true}]}}