{"id":172309,"date":"2025-12-01T21:32:30","date_gmt":"2025-12-01T21:32:30","guid":{"rendered":"https:\/\/www.europesays.com\/pt\/172309\/"},"modified":"2025-12-01T21:32:30","modified_gmt":"2025-12-01T21:32:30","slug":"apos-quebra-de-tradicao-cristina-ferreira-faz-esclarecimento-que-envolve-dylan-pedro-jorge-e-marisa","status":"publish","type":"post","link":"https:\/\/www.europesays.com\/pt\/172309\/","title":{"rendered":"Ap\u00f3s quebra de &#8220;tradi\u00e7\u00e3o&#8221;, Cristina Ferreira faz esclarecimento que envolve Dylan, Pedro Jorge e Marisa!"},"content":{"rendered":"<p>Cristina Ferreira tem contado, desde a segunda gala de &#8220;Secret Story&#8221;, da TVI, aos concorrentes que v\u00e3o sendo expulsos, que Pedro Jorge e Marisa s\u00e3o um casal &#8211; apesar de n\u00e3o ser propriamente este o segredo que os dois levaram para o reality show, uma vez que cada um defende o respetivo enigma. Por\u00e9m, aquela que j\u00e1 vem sendo uma &#8220;tradi\u00e7\u00e3o&#8221; n\u00e3o aconteceu no passado domingo, dia 30, e <a href=\"https:\/\/selfie.iol.pt\/famosos\/casa-dos-segredos\/expulso-dylan-ja-sabe-que-pedro-jorge-e-marisa-sao-um-casal-e-tem-algo-a-dizer\/20251201\/692cecf4d34e3caad84be32a\" target=\"_blank\" rel=\"nofollow noopener\">Dylan acabou por descobrir tudo atrav\u00e9s de outros ex-concorrentes<\/a>.<\/p>\n<p>&#8220;J\u00e1 est\u00e1vamos atrasados, tive de fazer tudo \u00e0 pressa&#8221;, esclareceu, \u00e0s gargalhadas, a apresentadora, na manh\u00e3 desta segunda-feira, dia 1, no programa &#8220;Dois \u00e0s 10&#8221;.<\/p>\n<p>Durante a conversa com <a href=\"https:\/\/selfie.iol.pt\/famosos\/secret-story\/dylan-fala-sobre-vera-se-tivesse-sido-eu-a-enfiar-lhe-quatro-chapadas-queria-ver\/20251201\/692db526d34e2bd5c6d49e0b\" target=\"_blank\" rel=\"nofollow noopener\">Dylan<\/a>, Cristina Ferreira voltou a abordar o assunto. &#8220;Ontem, j\u00e1 n\u00e3o tive tempo. Esse \u00e9 o segredo mais impactante para todos os que t\u00eam sa\u00eddo. J\u00e1 n\u00e3o consegui fazer contigo, mas houve quem gravasse&#8221;, finalizou.<\/p>\n<p>Veja, agora, o v\u00eddeo.<\/p>\n","protected":false},"excerpt":{"rendered":"Cristina Ferreira tem contado, desde a segunda gala de &#8220;Secret Story&#8221;, da TVI, aos concorrentes que v\u00e3o sendo&hellip;\n","protected":false},"author":2,"featured_media":172310,"comment_status":"","ping_status":"","sticky":false,"template":"","format":"standard","meta":{"footnotes":""},"categories":[142],"tags":[36021,1651,166,19105,114,115,980,19184,619,21416,32,33,1014,1315,7958,1012,151,162],"class_list":{"0":"post-172309","1":"post","2":"type-post","3":"status-publish","4":"format-standard","5":"has-post-thumbnail","7":"category-tv","8":"tag-casados","9":"tag-casal","10":"tag-cristina-ferreira","11":"tag-dylan","12":"tag-entertainment","13":"tag-entretenimento","14":"tag-famosos","15":"tag-marisa","16":"tag-nacional","17":"tag-pedro-jorge","18":"tag-portugal","19":"tag-pt","20":"tag-reality-show","21":"tag-secret-story","22":"tag-segredo","23":"tag-selfie","24":"tag-tv","25":"tag-tvi"},"share_on_mastodon":{"url":"https:\/\/pubeurope.com\/@pt\/115646453759538312","error":""},"_links":{"self":[{"href":"https:\/\/www.europesays.com\/pt\/wp-json\/wp\/v2\/posts\/172309","targetHints":{"allow":["GET"]}}],"collection":[{"href":"https:\/\/www.europesays.com\/pt\/wp-json\/wp\/v2\/posts"}],"about":[{"href":"https:\/\/www.europesays.com\/pt\/wp-json\/wp\/v2\/types\/post"}],"author":[{"embeddable":true,"href":"https:\/\/www.europesays.com\/pt\/wp-json\/wp\/v2\/users\/2"}],"replies":[{"embeddable":true,"href":"https:\/\/www.europesays.com\/pt\/wp-json\/wp\/v2\/comments?post=172309"}],"version-history":[{"count":0,"href":"https:\/\/www.europesays.com\/pt\/wp-json\/wp\/v2\/posts\/172309\/revisions"}],"wp:featuredmedia":[{"embeddable":true,"href":"https:\/\/www.europesays.com\/pt\/wp-json\/wp\/v2\/media\/172310"}],"wp:attachment":[{"href":"https:\/\/www.europesays.com\/pt\/wp-json\/wp\/v2\/media?parent=172309"}],"wp:term":[{"taxonomy":"category","embeddable":true,"href":"https:\/\/www.europesays.com\/pt\/wp-json\/wp\/v2\/categories?post=172309"},{"taxonomy":"post_tag","embeddable":true,"href":"https:\/\/www.europesays.com\/pt\/wp-json\/wp\/v2\/tags?post=172309"}],"curies":[{"name":"wp","href":"https:\/\/api.w.org\/{rel}","templated":true}]}}