{"id":172315,"date":"2025-12-01T21:43:44","date_gmt":"2025-12-01T21:43:44","guid":{"rendered":"https:\/\/www.europesays.com\/pt\/172315\/"},"modified":"2025-12-01T21:43:44","modified_gmt":"2025-12-01T21:43:44","slug":"dylan-ja-reagiu-ao-segredo-de-marisa-e-pedro-jorge","status":"publish","type":"post","link":"https:\/\/www.europesays.com\/pt\/172315\/","title":{"rendered":"Dylan j\u00e1 reagiu ao segredo de Marisa e Pedro Jorge"},"content":{"rendered":"<p>\t\t\t\t\t\t\t\t\t\t\t\t<a href=\"#\" onclick=\"window.open('http:\/\/www.facebook.com\/sharer.php?u=https:\/\/cusquices.com\/dylan-ja-reagiu-ao-segredo-de-marisa-e-pedro-jorge\/&amp;t=Dylan j\u00e1 reagiu ao segredo de Marisa e Pedro Jorge', 'facebookShare', 'width=626,height=436'); return false;\" title=\"Share on Facebook\"><\/p>\n<p>Share<\/p>\n<p><\/a><br \/>\n\t\t\t\t\t\t\t\t\t\t\t\t<a href=\"#\" onclick=\"window.open('http:\/\/twitter.com\/share?text=Dylan j\u00e1 reagiu ao segredo de Marisa e Pedro Jorge -&amp;url=https:\/\/cusquices.com\/dylan-ja-reagiu-ao-segredo-de-marisa-e-pedro-jorge\/', 'twitterShare', 'width=626,height=436'); return false;\" title=\"Tweet This Post\"><\/p>\n<p>Tweet<\/p>\n<p><\/a><br \/>\n\t\t\t\t\t\t\t\t\t\t\t\t<a href=\"whatsapp:\/\/send?text=Dylan j\u00e1 reagiu ao segredo de Marisa e Pedro Jorge https:\/\/cusquices.com\/dylan-ja-reagiu-ao-segredo-de-marisa-e-pedro-jorge\/\" rel=\"nofollow\"><\/p>\n<p>Share<\/p>\n<p><\/a><br \/>\n\t\t\t\t\t\t\t\t\t\t\t\t<a href=\"#\" onclick=\"window.open('http:\/\/pinterest.com\/pin\/create\/button\/?url=https:\/\/cusquices.com\/dylan-ja-reagiu-ao-segredo-de-marisa-e-pedro-jorge\/&amp;media=https:\/\/cusquices.com\/wp-content\/uploads\/2025\/12\/dylan-reage-1000x600.jpg&amp;description=Dylan j\u00e1 reagiu ao segredo de Marisa e Pedro Jorge', 'pinterestShare', 'width=750,height=350'); return false;\" title=\"Pin This Post\"><\/p>\n<p>Share<\/p>\n<p><\/a><br \/>\n\t\t\t\t\t\t\t\t\t\t\t\t<a href=\"mailto:?subject=Dylan j\u00e1 reagiu ao segredo de Marisa e Pedro Jorge&amp;BODY=I found this article interesting and thought of sharing it with you. Check it out: https:\/\/cusquices.com\/dylan-ja-reagiu-ao-segredo-de-marisa-e-pedro-jorge\/\"><\/p>\n<p>Email<\/p>\n<p><\/a><br \/>\n\t\t\t\t\t\t\t\t\t\t\t\t\t\t\t\t\t\t\t\t\t\t\t\t\t\t\t\t\t\t\t\t\t\t\t\t\t\t\t\t\t\t\t\t\t\t\t\t\t\t\t\t\t<a href=\"https:\/\/cusquices.com\/dylan-ja-reagiu-ao-segredo-de-marisa-e-pedro-jorge\/#respond\" rel=\"nofollow noopener\" target=\"_blank\"><\/p>\n<p>Dylan Fonte ficou em choque ao descobrir o segredo de Marisa e Pedro, que os ex-concorrentes fizeram quest\u00e3o de lhe contar.<\/p>\n<p><strong>Dylan Fonte<\/strong> foi o concorrente expulso este domingo, 30 de novembro, do Secret Story, com 36% dos votos. <\/p>\n<p>Desta vez Cristina Ferreira n\u00e3o revelou em direto ao concorrente expulso o segredo mais medi\u00e1tico desta edi\u00e7\u00e3o, no entanto, os ex-concorrentes contaram tudo a Dylan na bancada e gravaram a sua rea\u00e7\u00e3o.<\/p>\n<p><strong>\u201cSabes qual \u00e9 o segredo dele?\u201d, <\/strong>questionaram. <strong>\u201c\u00c9 meio irm\u00e3o da Ana?\u201d,<\/strong> questionou Dylan. <strong>\u201c\u00c9 casado com a Marisa e t\u00eam filhos\u201d,<\/strong> disseram os ex-concorrentes.<strong> Dylan<\/strong> ficou em choque e atirou:<strong> \u201cCala-te\u2026\u201d<\/strong>.<\/p>\n<p>Veja o v\u00eddeo:<\/p>\n<blockquote class=\"instagram-media\" data-instgrm-captioned=\"\" data-instgrm-permalink=\"https:\/\/www.instagram.com\/reel\/DRs8WBgCMgt\/?utm_source=ig_embed&amp;utm_campaign=loading\" data-instgrm-version=\"14\" style=\" background:#FFF; border:0; border-radius:3px; box-shadow:0 0 1px 0 rgba(0,0,0,0.5),0 1px 10px 0 rgba(0,0,0,0.15); margin: 1px; max-width:540px; min-width:326px; padding:0; width:99.375%; width:-webkit-calc(100% - 2px); width:calc(100% - 2px);\"\/>\n<p><strong>Leia tamb\u00e9m:<\/strong><\/p>\n<p>\t\t\t\t\t\t\t\t\t\t\t\t\t\t\t\t\t\t\t\t\t\t\t\t\t<img decoding=\"async\" src=\"https:\/\/www.europesays.com\/pt\/wp-content\/uploads\/2025\/10\/cusquices-logo-52x.png\" class=\"webpexpress-processed\"\/><\/p>\n<p>\t\t\t\t\t\t\t\t\t\t\t\t\t\t\t\t\t\t\t\t\t            \t\t\t\t\t\t\t\t\t\t\t\t\t\t\t\t\t\t\t\t\t\t\t\t\t\t\t\t\t\t\t\t\t\t\t\t\t\t\t<script async src=\"https:\/\/platform.twitter.com\/widgets.js\" charset=\"utf-8\"><\/script><script async src=\"\/\/www.instagram.com\/embed.js\"><\/script><\/p>\n","protected":false},"excerpt":{"rendered":"Share Tweet Share Share Email Dylan Fonte ficou em choque ao descobrir o segredo de Marisa e Pedro,&hellip;\n","protected":false},"author":2,"featured_media":172316,"comment_status":"","ping_status":"","sticky":false,"template":"","format":"standard","meta":{"footnotes":""},"categories":[85],"tags":[2632,49,21040,114,115,21766,21416,32,33,227],"class_list":{"0":"post-172315","1":"post","2":"type-post","3":"status-publish","4":"format-standard","5":"has-post-thumbnail","7":"category-entretenimento","8":"tag-casa-dos-segredos","9":"tag-destaques","10":"tag-dylan-fonte","11":"tag-entertainment","12":"tag-entretenimento","13":"tag-marisa-pires","14":"tag-pedro-jorge","15":"tag-portugal","16":"tag-pt","17":"tag-videos"},"share_on_mastodon":{"url":"https:\/\/pubeurope.com\/@pt\/115646497486468342","error":""},"_links":{"self":[{"href":"https:\/\/www.europesays.com\/pt\/wp-json\/wp\/v2\/posts\/172315","targetHints":{"allow":["GET"]}}],"collection":[{"href":"https:\/\/www.europesays.com\/pt\/wp-json\/wp\/v2\/posts"}],"about":[{"href":"https:\/\/www.europesays.com\/pt\/wp-json\/wp\/v2\/types\/post"}],"author":[{"embeddable":true,"href":"https:\/\/www.europesays.com\/pt\/wp-json\/wp\/v2\/users\/2"}],"replies":[{"embeddable":true,"href":"https:\/\/www.europesays.com\/pt\/wp-json\/wp\/v2\/comments?post=172315"}],"version-history":[{"count":0,"href":"https:\/\/www.europesays.com\/pt\/wp-json\/wp\/v2\/posts\/172315\/revisions"}],"wp:featuredmedia":[{"embeddable":true,"href":"https:\/\/www.europesays.com\/pt\/wp-json\/wp\/v2\/media\/172316"}],"wp:attachment":[{"href":"https:\/\/www.europesays.com\/pt\/wp-json\/wp\/v2\/media?parent=172315"}],"wp:term":[{"taxonomy":"category","embeddable":true,"href":"https:\/\/www.europesays.com\/pt\/wp-json\/wp\/v2\/categories?post=172315"},{"taxonomy":"post_tag","embeddable":true,"href":"https:\/\/www.europesays.com\/pt\/wp-json\/wp\/v2\/tags?post=172315"}],"curies":[{"name":"wp","href":"https:\/\/api.w.org\/{rel}","templated":true}]}}