{"id":172319,"date":"2025-12-01T21:46:11","date_gmt":"2025-12-01T21:46:11","guid":{"rendered":"https:\/\/www.europesays.com\/pt\/172319\/"},"modified":"2025-12-01T21:46:11","modified_gmt":"2025-12-01T21:46:11","slug":"marcelo-rebelo-de-sousa-da-entrada-nas-urgencias-no-porto-apos-indisposicao-presidente-da-republica","status":"publish","type":"post","link":"https:\/\/www.europesays.com\/pt\/172319\/","title":{"rendered":"Marcelo Rebelo de Sousa d\u00e1 entrada nas urg\u00eancias no Porto ap\u00f3s indisposi\u00e7\u00e3o | Presidente da Rep\u00fablica"},"content":{"rendered":"<p>Marcelo Rebelo de Sousa foi admitido, ao final da tarde desta segunda-feira, no Hospital Universit\u00e1rio de S\u00e3o Jo\u00e3o, no Porto (ULS S\u00e3o Jo\u00e3o), &#8220;depois de se ter sentido indisposto&#8221;, indica nota do Pal\u00e1cio de Bel\u00e9m.<\/p>\n<p>O chefe de Estado ter\u00e1 sofrido uma &#8220;paragem de digest\u00e3o&#8221;, quando regressava de Amarante, onde decorreram as cerim\u00f3nias f\u00fanebres do engenheiro <a href=\"https:\/\/www.publico.pt\/2025\/11\/30\/economia\/noticia\/morreu-antonio-mota-antigo-lider-mota-engil-2156575\" target=\"_blank\" rel=\"nofollow noopener\">Ant\u00f3nio Mota<\/a>.<\/p>\n<p>&#8220;Os m\u00e9dicos da Presid\u00eancia da Rep\u00fablica entenderam que, antes de fazer a viagem de regresso a Lisboa, seria melhor proceder a exames m\u00e9dicos, que est\u00e3o neste momento em curso pela equipa m\u00e9dica deste hospital do Servi\u00e7o Nacional de Sa\u00fade&#8221;, l\u00ea-se ainda no comunicado.<\/p>\n<p>A Presid\u00eancia acrescenta que dar\u00e1 mais detalhes ap\u00f3s serem conhecidos os resultados dos exames.<\/p>\n<p>Na \u00faltima interven\u00e7\u00e3o cir\u00fargica a que foi sujeito, em Dezembro de 2021, Marcelo Rebelo de Sousa foi operado a duas <a href=\"https:\/\/www.publico.pt\/2021\/12\/15\/politica\/noticia\/presidente-republica-operado-sucesso-duas-hernias-inguinais-1988789\" target=\"_blank\" rel=\"nofollow noopener\">h\u00e9rnias inguinais<\/a>, no Hospital das For\u00e7as Armadas, em Lisboa.<\/p>\n<p>Em Dezembro de 2017 foi tamb\u00e9m <a href=\"https:\/\/www.publico.pt\/2017\/12\/30\/politica\/noticia\/o-senhor-presidente-da-republica-passou-uma-noite-tranquila-1797675\" target=\"_blank\" rel=\"nofollow noopener\">operado de urg\u00eancia<\/a> a uma h\u00e9rnia umbilical, dessa vez no Hospital Curry Cabral.<\/p>\n<p>Em 2019 foi submetido a um <a href=\"https:\/\/www.publico.pt\/2019\/10\/30\/politica\/noticia\/marcelo-rebelo-sousa-entrada-hospital-cateterismo-1891907\" target=\"_blank\" rel=\"nofollow noopener\">cateterismo card\u00edaco<\/a> (uma interven\u00e7\u00e3o programada), no Hospital de Santa Cruz, em Carnaxide.<\/p>\n<p>Mais recentemente, no Ver\u00e3o de 2023, foi hospitalizado ap\u00f3s desmaiar durante uma visita a um laborat\u00f3rio da Faculdade de Ci\u00eancias e Tecnologia da Universidade Nova de Lisboa.<\/p>\n","protected":false},"excerpt":{"rendered":"Marcelo Rebelo de Sousa foi admitido, ao final da tarde desta segunda-feira, no Hospital Universit\u00e1rio de S\u00e3o Jo\u00e3o,&hellip;\n","protected":false},"author":2,"featured_media":172320,"comment_status":"","ping_status":"","sticky":false,"template":"","format":"standard","meta":{"footnotes":""},"categories":[10],"tags":[27,28,15,16,14,25,26,21,22,588,12,13,19,20,52,462,32,1963,23,24,33,117,17,18,29,30,31],"class_list":{"0":"post-172319","1":"post","2":"type-post","3":"status-publish","4":"format-standard","5":"has-post-thumbnail","7":"category-portugal","8":"tag-breaking-news","9":"tag-breakingnews","10":"tag-featured-news","11":"tag-featurednews","12":"tag-headlines","13":"tag-latest-news","14":"tag-latestnews","15":"tag-main-news","16":"tag-mainnews","17":"tag-marcelo-rebelo-de-sousa","18":"tag-news","19":"tag-noticias","20":"tag-noticias-principais","21":"tag-noticiasprincipais","22":"tag-politica","23":"tag-porto","24":"tag-portugal","25":"tag-presidente-da-republica","26":"tag-principais-noticias","27":"tag-principaisnoticias","28":"tag-pt","29":"tag-saude","30":"tag-top-stories","31":"tag-topstories","32":"tag-ultimas","33":"tag-ultimas-noticias","34":"tag-ultimasnoticias"},"share_on_mastodon":{"url":"https:\/\/pubeurope.com\/@pt\/115646509080650008","error":""},"_links":{"self":[{"href":"https:\/\/www.europesays.com\/pt\/wp-json\/wp\/v2\/posts\/172319","targetHints":{"allow":["GET"]}}],"collection":[{"href":"https:\/\/www.europesays.com\/pt\/wp-json\/wp\/v2\/posts"}],"about":[{"href":"https:\/\/www.europesays.com\/pt\/wp-json\/wp\/v2\/types\/post"}],"author":[{"embeddable":true,"href":"https:\/\/www.europesays.com\/pt\/wp-json\/wp\/v2\/users\/2"}],"replies":[{"embeddable":true,"href":"https:\/\/www.europesays.com\/pt\/wp-json\/wp\/v2\/comments?post=172319"}],"version-history":[{"count":0,"href":"https:\/\/www.europesays.com\/pt\/wp-json\/wp\/v2\/posts\/172319\/revisions"}],"wp:featuredmedia":[{"embeddable":true,"href":"https:\/\/www.europesays.com\/pt\/wp-json\/wp\/v2\/media\/172320"}],"wp:attachment":[{"href":"https:\/\/www.europesays.com\/pt\/wp-json\/wp\/v2\/media?parent=172319"}],"wp:term":[{"taxonomy":"category","embeddable":true,"href":"https:\/\/www.europesays.com\/pt\/wp-json\/wp\/v2\/categories?post=172319"},{"taxonomy":"post_tag","embeddable":true,"href":"https:\/\/www.europesays.com\/pt\/wp-json\/wp\/v2\/tags?post=172319"}],"curies":[{"name":"wp","href":"https:\/\/api.w.org\/{rel}","templated":true}]}}