{"id":172329,"date":"2025-12-01T21:54:09","date_gmt":"2025-12-01T21:54:09","guid":{"rendered":"https:\/\/www.europesays.com\/pt\/172329\/"},"modified":"2025-12-01T21:54:09","modified_gmt":"2025-12-01T21:54:09","slug":"penev-esta-a-lutar-pela-vida-e-foi-hospitalizado-de-forma-urgente-em-clinica-oncologica","status":"publish","type":"post","link":"https:\/\/www.europesays.com\/pt\/172329\/","title":{"rendered":"Penev &#8220;est\u00e1 a lutar pela vida&#8221; e foi hospitalizado de forma urgente em cl\u00ednica oncol\u00f3gica"},"content":{"rendered":"<p>Lyuboslav Penev, atualmente com 59 anos, foi hospitalizado de urg\u00eancia numa cl\u00ednica oncol\u00f3gica da Alemanha devido a um cancro de rins que padece h\u00e1 anos. Segundo informam no seu pa\u00eds, a doen\u00e7a est\u00e1 em estado avan\u00e7ado e foi descartada a quimioterapia, pois perdeu muito peso e est\u00e1 debilitado.<\/p>\n<p>O antigo avan\u00e7ado b\u00falgaro, que se destacou na liga espanhola no Val\u00eancia, Atl\u00e9tico de Madrid, Compostela e Celta de Vigo, j\u00e1 tinha ultrapassado um cancro nos test\u00edculos em 1990, quando representava o Val\u00eancia, acabando por isso por falhar o Mundial de 1990.<\/p>\n<p>A esposa do ex-jogador pediu ajuda nas redes sociais para ajudar a pagar o tratamento para o cancro de rins: &#8220;Hoje, uma das maiores lendas b\u00falgaras est\u00e1 a lutar pela sua vida. Luboslav Penev deu-nos vit\u00f3rias, orgulho e poder &#8211; agora devemos dar-lhe esperan\u00e7a. Por favor, vamos ficar lado a lado e estender a m\u00e3o a um homem que nunca deixou de dar pela Bulg\u00e1ria. Da esposa, Kristina Yulianova Mitseva.&#8221;<\/p>\n<p>Como treinador destacou-se no CSKA de Sofia e o seu \u00faltimo trabalho foi no Lokomotiv Plovdiv, de onde saiu h\u00e1 um ano.<\/p>\n<p>Valeri Bojinov, que representou o Sporting, dedicou-lhe uma mensagem de apoio nas redes sociais: &#8220;Quero que saibas que n\u00e3o est\u00e1s sozinho nesta batalha! Tens pessoas ao teu lado que te amam, que acreditam em ti e que todos os dias te desejam o melhor, com esperan\u00e7a, com gentileza e com um desejo sincero de te ver calmo, saud\u00e1vel e a sorrir novamente. A tua lutae e esp\u00edrito s\u00e3o um exemplo para todos!&#8221;<\/p>\n","protected":false},"excerpt":{"rendered":"Lyuboslav Penev, atualmente com 59 anos, foi hospitalizado de urg\u00eancia numa cl\u00ednica oncol\u00f3gica da Alemanha devido a um&hellip;\n","protected":false},"author":2,"featured_media":172330,"comment_status":"","ping_status":"","sticky":false,"template":"","format":"standard","meta":{"footnotes":""},"categories":[87],"tags":[135,32,33,134],"class_list":{"0":"post-172329","1":"post","2":"type-post","3":"status-publish","4":"format-standard","5":"has-post-thumbnail","7":"category-desporto","8":"tag-desporto","9":"tag-portugal","10":"tag-pt","11":"tag-sports"},"share_on_mastodon":{"url":"https:\/\/pubeurope.com\/@pt\/115646540468221042","error":""},"_links":{"self":[{"href":"https:\/\/www.europesays.com\/pt\/wp-json\/wp\/v2\/posts\/172329","targetHints":{"allow":["GET"]}}],"collection":[{"href":"https:\/\/www.europesays.com\/pt\/wp-json\/wp\/v2\/posts"}],"about":[{"href":"https:\/\/www.europesays.com\/pt\/wp-json\/wp\/v2\/types\/post"}],"author":[{"embeddable":true,"href":"https:\/\/www.europesays.com\/pt\/wp-json\/wp\/v2\/users\/2"}],"replies":[{"embeddable":true,"href":"https:\/\/www.europesays.com\/pt\/wp-json\/wp\/v2\/comments?post=172329"}],"version-history":[{"count":0,"href":"https:\/\/www.europesays.com\/pt\/wp-json\/wp\/v2\/posts\/172329\/revisions"}],"wp:featuredmedia":[{"embeddable":true,"href":"https:\/\/www.europesays.com\/pt\/wp-json\/wp\/v2\/media\/172330"}],"wp:attachment":[{"href":"https:\/\/www.europesays.com\/pt\/wp-json\/wp\/v2\/media?parent=172329"}],"wp:term":[{"taxonomy":"category","embeddable":true,"href":"https:\/\/www.europesays.com\/pt\/wp-json\/wp\/v2\/categories?post=172329"},{"taxonomy":"post_tag","embeddable":true,"href":"https:\/\/www.europesays.com\/pt\/wp-json\/wp\/v2\/tags?post=172329"}],"curies":[{"name":"wp","href":"https:\/\/api.w.org\/{rel}","templated":true}]}}