{"id":172339,"date":"2025-12-01T22:00:22","date_gmt":"2025-12-01T22:00:22","guid":{"rendered":"https:\/\/www.europesays.com\/pt\/172339\/"},"modified":"2025-12-01T22:00:22","modified_gmt":"2025-12-01T22:00:22","slug":"choque-frontal-com-camiao-faz-um-morto-e-corta-en4-em-estremoz","status":"publish","type":"post","link":"https:\/\/www.europesays.com\/pt\/172339\/","title":{"rendered":"Choque frontal com cami\u00e3o faz um morto e corta EN4 em Estremoz"},"content":{"rendered":"<p data-remotead-prev-elm=\"true\" data-remotead-elm-id=\"inread\">O acidente, indicou \u00e0 ag\u00eancia Lusa fonte do Comando Sub-Regional de Emerg\u00eancia e Prote\u00e7\u00e3o Civil do Alentejo Central, ocorreu na EN4, junto \u00e0 cidade de Estremoz, com o alerta a chegar \u00e0s autoridades \u00e0s 9.54 horas. Segundo a fonte, tratou-se de um choque frontal entre os dois ve\u00edculos.<\/p>\n<p>Fonte dos Bombeiros de Estremoz adiantou que a v\u00edtima mortal \u00e9 um homem de 30 anos e era o condutor do ve\u00edculo ligeiro de mercadorias, cujo \u00f3bito foi declarado no local do acidente.<\/p>\n<p>O condutor do cami\u00e3o foi assistido no local pelas equipas de emerg\u00eancia, adiantou a fonte do Comando Sub-Regional de Emerg\u00eancia e Prote\u00e7\u00e3o Civil do Alentejo Central.<\/p>\n<p data-remotead-prev-elm=\"true\" data-remotead-elm-id=\"centro1\">\u00c0s 11h20, a EN4 encontrou-se cortada \u00e0 circula\u00e7\u00e3o na zona do acidente.<\/p>\n<p>As opera\u00e7\u00f5es de socorro mobilizaram as corpora\u00e7\u00f5es de bombeiros de Estremoz e Borba, Instituto Nacional de Emerg\u00eancia M\u00e9dica (INEM), GNR, PSP e Servi\u00e7o Municipal de Prote\u00e7\u00e3o Civil, com um total de 23 operacionais, apoiados por 11 ve\u00edculos. Uma viatura m\u00e9dica de emerg\u00eancia e reanima\u00e7\u00e3o (VMER) est\u00e1 entre os meios mobilizados.<\/p>\n","protected":false},"excerpt":{"rendered":"O acidente, indicou \u00e0 ag\u00eancia Lusa fonte do Comando Sub-Regional de Emerg\u00eancia e Prote\u00e7\u00e3o Civil do Alentejo Central,&hellip;\n","protected":false},"author":2,"featured_media":172340,"comment_status":"","ping_status":"","sticky":false,"template":"","format":"standard","meta":{"footnotes":""},"categories":[10],"tags":[1455,27,28,36028,15,16,14,25,26,21,22,12,13,19,20,32,23,24,33,17,18,29,30,31],"class_list":{"0":"post-172339","1":"post","2":"type-post","3":"status-publish","4":"format-standard","5":"has-post-thumbnail","7":"category-portugal","8":"tag-acidentes","9":"tag-breaking-news","10":"tag-breakingnews","11":"tag-concelho-estremoz","12":"tag-featured-news","13":"tag-featurednews","14":"tag-headlines","15":"tag-latest-news","16":"tag-latestnews","17":"tag-main-news","18":"tag-mainnews","19":"tag-news","20":"tag-noticias","21":"tag-noticias-principais","22":"tag-noticiasprincipais","23":"tag-portugal","24":"tag-principais-noticias","25":"tag-principaisnoticias","26":"tag-pt","27":"tag-top-stories","28":"tag-topstories","29":"tag-ultimas","30":"tag-ultimas-noticias","31":"tag-ultimasnoticias"},"share_on_mastodon":{"url":"https:\/\/pubeurope.com\/@pt\/115646563942101402","error":""},"_links":{"self":[{"href":"https:\/\/www.europesays.com\/pt\/wp-json\/wp\/v2\/posts\/172339","targetHints":{"allow":["GET"]}}],"collection":[{"href":"https:\/\/www.europesays.com\/pt\/wp-json\/wp\/v2\/posts"}],"about":[{"href":"https:\/\/www.europesays.com\/pt\/wp-json\/wp\/v2\/types\/post"}],"author":[{"embeddable":true,"href":"https:\/\/www.europesays.com\/pt\/wp-json\/wp\/v2\/users\/2"}],"replies":[{"embeddable":true,"href":"https:\/\/www.europesays.com\/pt\/wp-json\/wp\/v2\/comments?post=172339"}],"version-history":[{"count":0,"href":"https:\/\/www.europesays.com\/pt\/wp-json\/wp\/v2\/posts\/172339\/revisions"}],"wp:featuredmedia":[{"embeddable":true,"href":"https:\/\/www.europesays.com\/pt\/wp-json\/wp\/v2\/media\/172340"}],"wp:attachment":[{"href":"https:\/\/www.europesays.com\/pt\/wp-json\/wp\/v2\/media?parent=172339"}],"wp:term":[{"taxonomy":"category","embeddable":true,"href":"https:\/\/www.europesays.com\/pt\/wp-json\/wp\/v2\/categories?post=172339"},{"taxonomy":"post_tag","embeddable":true,"href":"https:\/\/www.europesays.com\/pt\/wp-json\/wp\/v2\/tags?post=172339"}],"curies":[{"name":"wp","href":"https:\/\/api.w.org\/{rel}","templated":true}]}}