{"id":172343,"date":"2025-12-01T22:02:20","date_gmt":"2025-12-01T22:02:20","guid":{"rendered":"https:\/\/www.europesays.com\/pt\/172343\/"},"modified":"2025-12-01T22:02:20","modified_gmt":"2025-12-01T22:02:20","slug":"qual-mariah-carey-qual-que-leandro-da-tudo-na-musica-mais-famosa-do-natal-secret-story","status":"publish","type":"post","link":"https:\/\/www.europesays.com\/pt\/172343\/","title":{"rendered":"Qual Mariah Carey, qual qu\u00ea: Leandro d\u00e1 tudo na m\u00fasica mais famosa do Natal &#8211; Secret Story"},"content":{"rendered":"<p>No Secret Story, Leandro est\u00e1 sozinho na sala e come\u00e7a a cantar a m\u00fasica mais famosa de sempre em rela\u00e7\u00e3o \u00e0 quadra natal\u00edcia: &#8220;All Want For Christmas Is You&#8221; de Mariah Carey. Veja a interpreta\u00e7\u00e3o do concorrente!\u00a0<\/p>\n<p>Dylan foi o concorrente expulso na gala deste domingo. A gala ficou ainda marcada pela revela\u00e7\u00e3o do segredo de Leandro: \u00abFui assaltado \u00e0 m\u00e3o armada\u00bb. Acompanhe tudo o que se passa na casa mais vigiada do Pa\u00eds na linha do <a href=\"https:\/\/tvi.iol.pt\/secretstory\/aominuto\" rel=\"nofollow noopener\" target=\"_blank\">Ao Minuto.<\/a>\u00a0<\/p>\n","protected":false},"excerpt":{"rendered":"No Secret Story, Leandro est\u00e1 sozinho na sala e come\u00e7a a cantar a m\u00fasica mais famosa de sempre&hellip;\n","protected":false},"author":2,"featured_media":172344,"comment_status":"","ping_status":"","sticky":false,"template":"","format":"standard","meta":{"footnotes":""},"categories":[145],"tags":[211,210,114,115,19033,19034,32,33,19032],"class_list":{"0":"post-172343","1":"post","2":"type-post","3":"status-publish","4":"format-standard","5":"has-post-thumbnail","7":"category-celebridades","8":"tag-celebridades","9":"tag-celebrities","10":"tag-entertainment","11":"tag-entretenimento","12":"tag-galas-em-video","13":"tag-melhores-momentos-casa-dos-segredos","14":"tag-portugal","15":"tag-pt","16":"tag-videos-secret-story-tvi"},"share_on_mastodon":{"url":"https:\/\/pubeurope.com\/@pt\/115646571664532479","error":""},"_links":{"self":[{"href":"https:\/\/www.europesays.com\/pt\/wp-json\/wp\/v2\/posts\/172343","targetHints":{"allow":["GET"]}}],"collection":[{"href":"https:\/\/www.europesays.com\/pt\/wp-json\/wp\/v2\/posts"}],"about":[{"href":"https:\/\/www.europesays.com\/pt\/wp-json\/wp\/v2\/types\/post"}],"author":[{"embeddable":true,"href":"https:\/\/www.europesays.com\/pt\/wp-json\/wp\/v2\/users\/2"}],"replies":[{"embeddable":true,"href":"https:\/\/www.europesays.com\/pt\/wp-json\/wp\/v2\/comments?post=172343"}],"version-history":[{"count":0,"href":"https:\/\/www.europesays.com\/pt\/wp-json\/wp\/v2\/posts\/172343\/revisions"}],"wp:featuredmedia":[{"embeddable":true,"href":"https:\/\/www.europesays.com\/pt\/wp-json\/wp\/v2\/media\/172344"}],"wp:attachment":[{"href":"https:\/\/www.europesays.com\/pt\/wp-json\/wp\/v2\/media?parent=172343"}],"wp:term":[{"taxonomy":"category","embeddable":true,"href":"https:\/\/www.europesays.com\/pt\/wp-json\/wp\/v2\/categories?post=172343"},{"taxonomy":"post_tag","embeddable":true,"href":"https:\/\/www.europesays.com\/pt\/wp-json\/wp\/v2\/tags?post=172343"}],"curies":[{"name":"wp","href":"https:\/\/api.w.org\/{rel}","templated":true}]}}