{"id":172351,"date":"2025-12-01T22:14:13","date_gmt":"2025-12-01T22:14:13","guid":{"rendered":"https:\/\/www.europesays.com\/pt\/172351\/"},"modified":"2025-12-01T22:14:13","modified_gmt":"2025-12-01T22:14:13","slug":"sonda-da-nasa-faz-imagens-impressionantes-da-terra-e-da-lua","status":"publish","type":"post","link":"https:\/\/www.europesays.com\/pt\/172351\/","title":{"rendered":"Sonda da NASA faz imagens impressionantes da Terra e da Lua"},"content":{"rendered":"<p>                            <img width=\"944\" height=\"531\" src=\"https:\/\/www.europesays.com\/pt\/wp-content\/uploads\/2025\/12\/Padrao-fotos-NSC-9-944x531.jpg\" class=\"attachment-custom-large size-custom-large article-featured-image\" alt=\"Terra e Lua vistas do espa\u00e7o (Foto: imagem gerada por IA)\" fetchpriority=\"high\" decoding=\"async\"  \/><\/p>\n<p>Terra e Lua vistas do espa\u00e7o (Foto: imagem gerada por IA)<\/p>\n<p>A NASA retornou de forma integral aos trabalhos recentemente ap\u00f3s a resolu\u00e7\u00e3o do shutdown nos Estados Unidos e, desde ent\u00e3o, tem proporcionado imagens do Universo que s\u00e3o de encher os olhos. <a href=\"https:\/\/www.nsctotal.com.br\/noticias\/quais-foram-as-revelacoes-da-nasa-sobre-o-cometa-3i-atlas\" rel=\"nofollow noopener\" target=\"_blank\">Al\u00e9m das revela\u00e7\u00f5es sobre o cometa 3I\/Atlas, realizada em live h\u00e1 cerca de 15 dias<\/a>, a volta \u00e0s opera\u00e7\u00f5es da Ag\u00eancia Espacial Americana nos proporcionou registros incr\u00edveis da Terra e da Lua vistas do espa\u00e7o.<\/p>\n<p>Continua depois da publicidade<\/p>\n<p>As imagens foram capturadas pela sonda Osiris-Apex, que foi enviada para o espa\u00e7o para estudar o asteroide Apophis que, h\u00e1 cerca de 20 anos, foi considerado uma potencial amea\u00e7a \u00e0 Terra e chamado de \u201cdestruidor de cidades\u201d.<\/p>\n<p>A sonda foi enviada para encontrar o asteroide, que far\u00e1 uma aproxima\u00e7\u00e3o com a Terra em abril de 2029. Durante a viagem, no trajeto, o equipamento foi utilizado para fazer alguns registros do espa\u00e7o. Entre elas, as imagens recentemente divulgadas pela NASA mostrando o nosso planeta e a Lua.<\/p>\n<p>As imagens da Terra e da Lua divulgadas pela NASA1<\/p>\n<p>VoltarAvan\u00e7ar<\/p>\n<p><img loading=\"lazy\" decoding=\"async\" width=\"1200\" height=\"675\" data-id=\"7742059\" src=\"https:\/\/www.europesays.com\/pt\/wp-content\/uploads\/2025\/12\/Padrao-fotos-NSC-2-2.jpg\" alt=\"\" class=\"wp-image-7742059\"  \/><\/p>\n<p>Terra vista do espa\u00e7o e fotografada pela sonda Osiris-Apex (Foto: NASA, divulga\u00e7\u00e3o)<\/p>\n<p><img loading=\"lazy\" decoding=\"async\" width=\"1200\" height=\"675\" data-id=\"7742057\" src=\"https:\/\/www.europesays.com\/pt\/wp-content\/uploads\/2025\/12\/Padrao-fotos-NSC-3-2.jpg\" alt=\"\" class=\"wp-image-7742057\"  \/><\/p>\n<p>Imagem mostra a dist\u00e2ncia entre a Terra e a Lua (Foto: NASA, divulga\u00e7\u00e3o)<\/p>\n<p><img loading=\"lazy\" decoding=\"async\" width=\"1200\" height=\"675\" data-id=\"7742058\" src=\"https:\/\/www.europesays.com\/pt\/wp-content\/uploads\/2025\/12\/Padrao-fotos-NSC-4-2.jpg\" alt=\"\" class=\"wp-image-7742058\"  \/><\/p>\n<p>Superf\u00edcie terrestre (Foto: NASA, divulga\u00e7\u00e3o)<\/p>\n<p><img loading=\"lazy\" decoding=\"async\" width=\"1200\" height=\"675\" data-id=\"7742065\" src=\"https:\/\/www.europesays.com\/pt\/wp-content\/uploads\/2025\/12\/Padrao-fotos-NSC-5-2.jpg\" alt=\"\" class=\"wp-image-7742065\"  \/><\/p>\n<p>Superf\u00edcie e atmosfera terrestre , e a Lua ao fundo (Foto: NASA, divulga\u00e7\u00e3o)<\/p>\n<p><img loading=\"lazy\" decoding=\"async\" width=\"1200\" height=\"675\" data-id=\"7742066\" src=\"https:\/\/www.europesays.com\/pt\/wp-content\/uploads\/2025\/12\/Padrao-fotos-NSC-6-2.jpg\" alt=\"\" class=\"wp-image-7742066\"  \/><\/p>\n<p>Sonda Osiris-Apex foi enviada ao espa\u00e7o para estudar asteroide (Foto: NASA, divulga\u00e7\u00e3o)<\/p>\n<p>A miss\u00e3o da sonda<\/p>\n<p>A NASA enviou a sonda Osiris-Apex (sigla em ingl\u00eas para\u00a0Origins,\u00a0Spectral\u00a0Interpretation,\u00a0Resource\u00a0Identification and\u00a0Security \u2013\u00a0Apophis\u00a0Explorer) para observar e estudar o asteroide Apophis, que j\u00e1 representou um alto risco de colis\u00e3o com a Terra em 2024 mas que hoje n\u00e3o apresenta nenhum perigo.<\/p>\n<p>Apesar de n\u00e3o ser uma amea\u00e7a, o asteroide vai ficar a \u201capenas\u201d 32 mil quil\u00f4metros de dist\u00e2ncia da superf\u00edcie terrestre, uma dist\u00e2ncia menor do que a \u00f3rbita de alguns sat\u00e9lites de comunica\u00e7\u00e3o e cerca de um d\u00e9cimo do espa\u00e7o entre a Terra e a Lua, por exemplo. A aproxima\u00e7\u00e3o vai acontecer em abril de 2029 \u2013 que \u00e9 quando a sonda far\u00e1 os registros, estudos e observa\u00e7\u00f5es do asteroide que ficou conhecido como o \u201cdestruidor de cidades\u201d.<\/p>\n<p>Continua depois da publicidade<\/p>\n","protected":false},"excerpt":{"rendered":"Terra e Lua vistas do espa\u00e7o (Foto: imagem gerada por IA) A NASA retornou de forma integral aos&hellip;\n","protected":false},"author":2,"featured_media":172352,"comment_status":"","ping_status":"","sticky":false,"template":"","format":"standard","meta":{"footnotes":""},"categories":[84],"tags":[109,107,108,829,32,33,105,103,104,106,110],"class_list":{"0":"post-172351","1":"post","2":"type-post","3":"status-publish","4":"format-standard","5":"has-post-thumbnail","7":"category-ciencia-e-tecnologia","8":"tag-ciencia","9":"tag-ciencia-e-tecnologia","10":"tag-cienciaetecnologia","11":"tag-conteudo-liberado","12":"tag-portugal","13":"tag-pt","14":"tag-science","15":"tag-science-and-technology","16":"tag-scienceandtechnology","17":"tag-technology","18":"tag-tecnologia"},"share_on_mastodon":{"url":"https:\/\/pubeurope.com\/@pt\/115646619190982779","error":""},"_links":{"self":[{"href":"https:\/\/www.europesays.com\/pt\/wp-json\/wp\/v2\/posts\/172351","targetHints":{"allow":["GET"]}}],"collection":[{"href":"https:\/\/www.europesays.com\/pt\/wp-json\/wp\/v2\/posts"}],"about":[{"href":"https:\/\/www.europesays.com\/pt\/wp-json\/wp\/v2\/types\/post"}],"author":[{"embeddable":true,"href":"https:\/\/www.europesays.com\/pt\/wp-json\/wp\/v2\/users\/2"}],"replies":[{"embeddable":true,"href":"https:\/\/www.europesays.com\/pt\/wp-json\/wp\/v2\/comments?post=172351"}],"version-history":[{"count":0,"href":"https:\/\/www.europesays.com\/pt\/wp-json\/wp\/v2\/posts\/172351\/revisions"}],"wp:featuredmedia":[{"embeddable":true,"href":"https:\/\/www.europesays.com\/pt\/wp-json\/wp\/v2\/media\/172352"}],"wp:attachment":[{"href":"https:\/\/www.europesays.com\/pt\/wp-json\/wp\/v2\/media?parent=172351"}],"wp:term":[{"taxonomy":"category","embeddable":true,"href":"https:\/\/www.europesays.com\/pt\/wp-json\/wp\/v2\/categories?post=172351"},{"taxonomy":"post_tag","embeddable":true,"href":"https:\/\/www.europesays.com\/pt\/wp-json\/wp\/v2\/tags?post=172351"}],"curies":[{"name":"wp","href":"https:\/\/api.w.org\/{rel}","templated":true}]}}