{"id":172359,"date":"2025-12-01T22:20:09","date_gmt":"2025-12-01T22:20:09","guid":{"rendered":"https:\/\/www.europesays.com\/pt\/172359\/"},"modified":"2025-12-01T22:20:09","modified_gmt":"2025-12-01T22:20:09","slug":"sad-e-pge-pe-publicam-processo-seletivo-para-arquitetos","status":"publish","type":"post","link":"https:\/\/www.europesays.com\/pt\/172359\/","title":{"rendered":"SAD e PGE &#8211; PE publicam Processo Seletivo para Arquitetos"},"content":{"rendered":"<p>Remunera\u00e7\u00e3o mensal \u00e9 de R$ 5,2 mil, para atuar em jornada de 40 horas semanais; confira<\/p>\n<p><img decoding=\"async\" src=\"https:\/\/www.europesays.com\/pt\/wp-content\/uploads\/2025\/12\/36ff12caca1930152743d7eea8292080.png\" class=\"noticia-img\" alt=\"SAD e PGE - PE publicam Processo Seletivo para Arquitetos\" title=\"SAD e PGE - PE publicam Processo Seletivo para Arquitetos\"\/><\/p>\n<p>No estado de Pernambuco, a <a href=\"https:\/\/www.sad.pe.gov.br\/\" target=\"_blank\" rel=\"nofollow noopener\">Secretaria Estadual de Administra\u00e7\u00e3o (SAD-PE)<\/a> e a <a href=\"https:\/\/www.pge.pe.gov.br\/\" target=\"_blank\" rel=\"nofollow noopener\">Procuradoria-Geral Adjunta (PGE)<\/a> divulgam a abertura de um Processo Seletivo, com o objetivo de preencher duas vagas para o cargo de Arquiteto.<\/p>\n<p>No quantitativo de vagas acima mencionado, encontram-se as reservadas aos candidatos (AC, PCD) que se enquadrem nos itens especificados no edital de abertura.<\/p>\n<p>Para participar, \u00e9 necess\u00e1rio que o candidato tenha gradua\u00e7\u00e3o em Arquitetura ou Arquitetura e Urbanismo, com cadastro ativo no respectivo conselho.<\/p>\n<p>Ao serem admitidos, os profissionais dever\u00e3o cumprir jornada de 40 horas semanais e receber\u00e3o remunera\u00e7\u00e3o mensal de R$ 5.200,00.<\/p>\n<p><b>Inscri\u00e7\u00e3o e Sele\u00e7\u00e3o<\/b><\/p>\n<p>Os interessados poder\u00e3o se inscrever no per\u00edodo de 4 a 18 de dezembro de 2025, at\u00e9 \u00e0s 23h59 <a href=\"https:\/\/www.sad.pe.gov.br\/concursos-e-selecoes\/64-concursos-e-selec\u00f5es-simplificadas\/23208-selecoes-simplificadas-andamento\" target=\"_blank\" rel=\"nofollow noopener\">via internet<\/a>.<\/p>\n<p>A sele\u00e7\u00e3o dos candidatos ser\u00e1 realizada por meio de an\u00e1lise curricular, conforme os crit\u00e9rios de pontua\u00e7\u00e3o estabelecidos no edital.<\/p>\n<p>Mais detalhes podem ser encontrados no edital completo, dispon\u00edvel em anexo.<\/p>\n<p>Quer se aprofundar? Ou\u00e7a agora o <a href=\"#podcast\" class=\"link-podcast\">podcast relacionado<\/a>.<\/p>\n","protected":false},"excerpt":{"rendered":"Remunera\u00e7\u00e3o mensal \u00e9 de R$ 5,2 mil, para atuar em jornada de 40 horas semanais; confira No estado&hellip;\n","protected":false},"author":2,"featured_media":172360,"comment_status":"","ping_status":"","sticky":false,"template":"","format":"standard","meta":{"footnotes":""},"categories":[144],"tags":[36031,207,205,206,203,201,202,13825,13482,36029,28458,204,14225,114,115,36030,32,33],"class_list":{"0":"post-172359","1":"post","2":"type-post","3":"status-publish","4":"format-standard","5":"has-post-thumbnail","7":"category-arte-e-design","8":"tag-apostila","9":"tag-arte","10":"tag-arte-e-design","11":"tag-artedesign","12":"tag-arts","13":"tag-arts-and-design","14":"tag-artsanddesign","15":"tag-concurso","16":"tag-concursos","17":"tag-concursos-publicos","18":"tag-curriculo","19":"tag-design","20":"tag-empregos","21":"tag-entertainment","22":"tag-entretenimento","23":"tag-estagios","24":"tag-portugal","25":"tag-pt"},"share_on_mastodon":{"url":"https:\/\/pubeurope.com\/@pt\/115646642717443869","error":""},"_links":{"self":[{"href":"https:\/\/www.europesays.com\/pt\/wp-json\/wp\/v2\/posts\/172359","targetHints":{"allow":["GET"]}}],"collection":[{"href":"https:\/\/www.europesays.com\/pt\/wp-json\/wp\/v2\/posts"}],"about":[{"href":"https:\/\/www.europesays.com\/pt\/wp-json\/wp\/v2\/types\/post"}],"author":[{"embeddable":true,"href":"https:\/\/www.europesays.com\/pt\/wp-json\/wp\/v2\/users\/2"}],"replies":[{"embeddable":true,"href":"https:\/\/www.europesays.com\/pt\/wp-json\/wp\/v2\/comments?post=172359"}],"version-history":[{"count":0,"href":"https:\/\/www.europesays.com\/pt\/wp-json\/wp\/v2\/posts\/172359\/revisions"}],"wp:featuredmedia":[{"embeddable":true,"href":"https:\/\/www.europesays.com\/pt\/wp-json\/wp\/v2\/media\/172360"}],"wp:attachment":[{"href":"https:\/\/www.europesays.com\/pt\/wp-json\/wp\/v2\/media?parent=172359"}],"wp:term":[{"taxonomy":"category","embeddable":true,"href":"https:\/\/www.europesays.com\/pt\/wp-json\/wp\/v2\/categories?post=172359"},{"taxonomy":"post_tag","embeddable":true,"href":"https:\/\/www.europesays.com\/pt\/wp-json\/wp\/v2\/tags?post=172359"}],"curies":[{"name":"wp","href":"https:\/\/api.w.org\/{rel}","templated":true}]}}