{"id":172361,"date":"2025-12-01T22:24:30","date_gmt":"2025-12-01T22:24:30","guid":{"rendered":"https:\/\/www.europesays.com\/pt\/172361\/"},"modified":"2025-12-01T22:24:30","modified_gmt":"2025-12-01T22:24:30","slug":"dois-filmes-brasileiros-sao-selecionados-pelo-the-economist-entre-os-melhores-de-2025-veja-lista","status":"publish","type":"post","link":"https:\/\/www.europesays.com\/pt\/172361\/","title":{"rendered":"Dois filmes brasileiros s\u00e3o selecionados pelo The Economist entre os melhores de 2025; veja lista"},"content":{"rendered":"\n<p class=\" content-text__container theme-color-primary-first-letter\" data-track-category=\"Link no Texto\" data-track-links=\"\"> O ano ainda n\u00e3o acabou, e a revista brit\u00e2nica The Economist elegeu os melhores filmes de 2025. O Brasil aparece com dois t\u00edtulos na seleta lista, que re\u00fane produ\u00e7\u00f5es de diversos pa\u00edses. S\u00e3o eles: &#8220;O Agente Secreto&#8221;, de Kleber Mendon\u00e7a Filho, e &#8220;Ainda Estou Aqui&#8221;, de Walter Salles. <\/p>\n<ul class=\"content-unordered-list\">\n<li><strong>&#8216;Veja o quanto antes&#8217;:<\/strong> <a class=\"\" href=\"https:\/\/oglobo.globo.com\/cultura\/noticia\/2025\/11\/27\/veja-o-quanto-antes-o-que-as-revistas-americanas-estao-falando-sobre-o-agente-secreto.ghtml\" rel=\"nofollow noopener\" target=\"_blank\">o que as revistas americanas est\u00e3o falando sobre &#8216;O agente secreto&#8217;<\/a><\/li>\n<li><strong>New York Times:<\/strong> <a class=\"\" href=\"https:\/\/oglobo.globo.com\/cultura\/filmes\/noticia\/2025\/11\/26\/new-york-times-o-agente-secreto-e-arrebatador-e-interpretacao-de-wagner-de-moura-e-bela.ghtml\" rel=\"nofollow noopener\" target=\"_blank\">&#8216;O agente secreto&#8217; \u00e9 &#8216;arrebatador&#8217;, e interpreta\u00e7\u00e3o de Wagner Moura \u00e9 &#8216;bela&#8217;<\/a><\/li>\n<\/ul>\n<p class=\" content-text__container \" data-track-category=\"Link no Texto\" data-track-links=\"\"> A segunda produ\u00e7\u00e3o, vencedora do Oscar de Melhor Filme Internacional deste ano, aparece na lista porque s\u00f3 chegou ao Reino Unido este ano. &#8220;Ainda Estou Aqui&#8221; foi o primeiro longa brasileiro a ganhar uma estatueta. <\/p>\n<p class=\" content-text__container \" data-track-category=\"Link no Texto\" data-track-links=\"\"> &#8220;O Agente Secreto&#8221; tem conquistado elogios. Na semana passada, o New York Times chamou o filme brasileiro, que tenta uma indica\u00e7\u00e3o ao Oscar do pr\u00f3ximo ano, de &#8220;<a class=\"\" href=\"https:\/\/oglobo.globo.com\/cultura\/filmes\/noticia\/2025\/11\/26\/new-york-times-o-agente-secreto-e-arrebatador-e-interpretacao-de-wagner-de-moura-e-bela.ghtml\" rel=\"nofollow noopener\" target=\"_blank\">arrebatador<\/a>&#8220;. J\u00e1 a <a class=\"\" href=\"https:\/\/oglobo.globo.com\/cultura\/filmes\/noticia\/2025\/11\/26\/new-york-times-o-agente-secreto-e-arrebatador-e-interpretacao-de-wagner-de-moura-e-bela.ghtml\" rel=\"nofollow noopener\" target=\"_blank\">atua\u00e7\u00e3o de Wagner Moura foi descrita como &#8220;bela&#8221;<\/a> pela principal cr\u00edtica de cinema do jornal americano, <\/p>\n<p>Confira a lista completa do The Economist dos melhores filmes de 2025:<\/p>\n<p class=\" content-text__container \" data-track-category=\"Link no Texto\" data-track-links=\"\"> Novo filme do diretor Kleber Mendon\u00e7a Filho, protagonizado por Wagner Moura \u2014 ambos premiados em Cannes \u2014, e forte candidato a indica\u00e7\u00f5es ao Oscar. O thriller sobre um professor que foge de S\u00e3o Paulo para Pernambuco trata de preserva\u00e7\u00e3o da mem\u00f3ria, busca pela verdade e a vida sob paranoia e opress\u00e3o, temas que se conectam a obras anteriores do diretor. <\/p>\n<p class=\" content-text__container \" data-track-category=\"Link no Texto\" data-track-links=\"\"> Quando o deputado Rubens Paiva (Selton Mello) \u00e9 levado de casa por agentes da ditadura militar e acaba desaparecendo, sua mulher, Eunice (Fernanda Torres), precisa cuidar sozinha dos cinco filhos, al\u00e9m de buscar justi\u00e7a pelo desaparecimento do marido. Com dire\u00e7\u00e3o de Walter Salles (&#8220;Central do Brasil&#8221;), o longa premiado tamb\u00e9m tem Fernanda Montenegro no elenco. <\/p>\n<p>    Confira a casa onde aconteceram as grava\u00e7\u00f5es de &#8216;Ainda Estou Aqui&#8217;         <\/p>\n<p>Veja imagens da casa que pertenceu \u00e1 fam\u00edlia Paiva <\/p>\n<p class=\" content-text__container \" data-track-category=\"Link no Texto\" data-track-links=\"\"> No longa de Brady Corbet \u2014 que venceu o Globo de Ouro e est\u00e1 indicado a dez categorias no Oscar, incluindo a de &#8220;Melhor filme&#8221; \u2014, o arquiteto h\u00fangaro L\u00e1szl\u00f3 T\u00f3th (Adrien Brody) se estabelece na Filad\u00e9lfia, nos EUA dos anos 1940, para fugir do nazismo. Logo no primeiro trabalho em terra estrangeira, ganha a miss\u00e3o de refazer a biblioteca de um rica\u00e7o, o industrial Harrison Van Buren (Guy Pearce). Mas seu projeto brutalista enfurece o cliente ilustre. <\/p>\n<p class=\" content-text__container \" data-track-category=\"Link no Texto\" data-track-links=\"\"> Novo filme da diretora vencedora do Oscar Kathryn Bigalow \u00e9 centrado num fict\u00edcio ataque nuclear aos Estados Unidos e nos 18 minutos subsequentes \u00e0 a\u00e7\u00e3o, o longa mostra como as autoridades respondem a esse problema e o que fazem para determinar os autores. <\/p>\n<ul class=\"content-unordered-list\">\n<li><strong>Diretor:<\/strong> <a class=\"\" href=\"https:\/\/oglobo.globo.com\/cultura\/filmes\/noticia\/2025\/12\/01\/ira-condena-jafar-panahi-vencedor-da-palma-de-ouro-em-cannes-a-1-ano-de-prisao.ghtml\" rel=\"nofollow noopener\" target=\"_blank\">Ir\u00e3 condena Jafar Panahi, vencedor da Palma de Ouro em Cannes, a 1 ano de pris\u00e3o<\/a><\/li>\n<\/ul>\n<p>&#8216;Exterm\u00ednio: a evolu\u00e7\u00e3o&#8217;<\/p>\n<p class=\" content-text__container \" data-track-category=\"Link no Texto\" data-track-links=\"\"> Na terceira parte da franquia de Danny Boyle, j\u00e1 se passaram 28 anos desde que grande parte da humanidade foi transformada em zumbi, deixando os sobreviventes em quarentena. \u00c9 nesse contexto que o adolescente Spike (Alfie Williams), que acaba de aprender m\u00e9todos de autodefesa com o pai (Aaron Taylor-Johnson), sai de sua comunidade protegida para levar a m\u00e3e doente (Jodie Comer) a um m\u00e9dico excepcional (Ralph Fiennes). <\/p>\n<p class=\" content-text__container \" data-track-category=\"Link no Texto\" data-track-links=\"\"> Ap\u00f3s ter sua casa destru\u00edda por uma enchente, um gato se junta a uma capivara, um l\u00eamure, um p\u00e1ssaro e um cachorro para navegar num barco em busca de terra firme. Durante a viagem, os animais ter\u00e3o que rever conceitos e abra\u00e7ar as diferen\u00e7as, porque s\u00f3 dessa forma conseguir\u00e3o sobreviver e enfrentar os perigos da nova realidade em uma esp\u00e9cie de arca de No\u00e9. Com roteiro e dire\u00e7\u00e3o de Gints Zilbalodis, da Let\u00f4nia, o filme venceu o Globo de Ouro e o Oscar, ambos na categoria &#8220;Melhor anima\u00e7\u00e3o&#8221;. <\/p>\n<p class=\" content-text__container \" data-track-category=\"Link no Texto\" data-track-links=\"\"> No novo filme do iraniano Jafar Panahi, um grupo de cidad\u00e3os organiza um plano de vingan\u00e7a contra um homem que eles acreditam ser seu torturador. A ideia surge do mec\u00e2nico Vanid, que foi aprisionado pelas autoridades iranianas, interrogado de olhos vendados e torturado. Anos depois, em liberdade, entra em sua oficina um homem chamado Eghbal, que Vanid acredita ser seu torturador a partir do som da perna prost\u00e9tica que ele ainda ouve nos seus pesadelos. Outros antigos prisioneiros se juntam para tentar descobrir se o homem \u00e9 o antigo algoz. <\/p>\n<p>\u2018Hamnet: A vida antes de Hamlet\u2019<\/p>\n<p class=\" content-text__container \" data-track-category=\"Link no Texto\" data-track-links=\"\"> Novo filme de Chlo\u00e9 Zhao \u00e9 uma das principais apostas para o Oscar 2026. A trama acompanha a rela\u00e7\u00e3o entre William Shakespeare e Agnes ap\u00f3s a morte do filho do casal, Hamnet, aos 11 anos, e liga a trag\u00e9dia \u00e0 cl\u00e1ssica pe\u00e7a \u201cHamlet\u201d. <\/p>\n<p class=\" content-text__container \" data-track-category=\"Link no Texto\" data-track-links=\"\"> Estrelado por Josh Brolin e Julia Garner, o terror acompanha o misterioso desaparecimento de todas as crian\u00e7as de uma classe \u2014 exceto uma \u2014 que sa\u00edram de suas casas de madrugada, no mesmo hor\u00e1rio. Agora, todos buscam respostas. Dire\u00e7\u00e3o de Zach Cregger. <\/p>\n<p class=\" content-text__container \" data-track-category=\"Link no Texto\" data-track-links=\"\"> \u00c0 medida que seu casamento se desfaz silenciosamente, Alex (Will Arnett) enfrenta a meia-idade e um div\u00f3rcio iminente, buscando um novo prop\u00f3sito no cen\u00e1rio da com\u00e9dia de Nova York, enquanto Tess (Laura Dern) confronta os sacrif\u00edcios que fez pela fam\u00edlia, for\u00e7ando-os a lidar com a coparentalidade, a identidade e se o amor pode assumir uma nova forma. O longa tem dire\u00e7\u00e3o de Bradley Cooper. <\/p>\n<p class=\" content-text__container \" data-track-category=\"Link no Texto\" data-track-links=\"\"> Depois de \u201cPantera Negra\u201d e \u201cCreed\u201d, o diretor Ryan Coogler e o ator Michael B. Jordan voltam a trabalhar juntos nesse thriller de terror sobrenatural. Elogiado pela cr\u00edtica internacional e ambientado no Mississippi em 1932, o filme segue os irm\u00e3os g\u00eameos Elias e Elijah Smoke (interpretados por Jordan), que retornam \u00e0 sua cidade natal para recome\u00e7ar suas vidas, mas se deparam com uma amea\u00e7a vamp\u00edrica que coloca todos em risco. <\/p>\n<p>&#8216;Uma Batalha Ap\u00f3s a Outra&#8217;<\/p>\n<p class=\" content-text__container \" data-track-category=\"Link no Texto\" data-track-links=\"\"> Paul Thomas Anderson apresenta uma combina\u00e7\u00e3o dist\u00f3pica de a\u00e7\u00e3o, drama, com\u00e9dia e western para ilustrar a atual pol\u00edtica interna americana. O roteiro escrito pelo diretor envolve um grupo de guerrilheiros, um contradit\u00f3rio coronel linha-dura (Sean Penn), um revolucion\u00e1rio fracassado usu\u00e1rio de drogas (Leonardo DiCaprio) e sua filha espirituosa (Chase Infiniti). <\/p>\n<p class=\" content-text__container \" data-track-category=\"Link no Texto\" data-track-links=\"\"> Drama noruegu\u00eas vencedor do Grande Pr\u00eamio do J\u00fari do Festival de Cannes. Dirigido por Joachim Trier, o longa \u00e9 uma das apostas para o Oscar 2026. <\/p>\n<p>&#8216;Vivo ou Morto: Um Mist\u00e9rio Knives Out&#8217;<\/p>\n<p class=\" content-text__container \" data-track-category=\"Link no Texto\" data-track-links=\"\"> Benoit Blanc est\u00e1 de volta para desvendar seu caso mais perigoso, um assassinato, aparentemente imposs\u00edvel de ser solucionado, em uma cidade pequena. <\/p>\n<p>    Celebridades internacionais que elogiaram Fernanda Torres e &#8216;Ainda estou aqui&#8217;           <img decoding=\"async\" id=\"image-id-tumb-dfb7b9e4-1745-4329-bf34-05ae8e02d99e\" alt=\"Jamie Lee Curtis compartilhou um storie sobre o filme e escreveu: &quot;Obra-prima&quot;\u2014 Foto: Reprodu\u00e7\u00e3o\/Redes sociais\" src=\"https:\/\/www.europesays.com\/pt\/wp-content\/uploads\/2025\/12\/whatsapp-image-2024-08-09-at-12.11.37.jpeg\" loading=\"lazy\" height=\"792\" width=\"674\" data-posicao=\"1\" role=\"button\" tabindex=\"0\"\/>    <img decoding=\"async\" id=\"image-id-dfb7b9e4-1745-4329-bf34-05ae8e02d99e\" class=\"gallery-photo\" alt=\"Jamie Lee Curtis compartilhou um storie sobre o filme e escreveu: &quot;Obra-prima&quot;\u2014 Foto: Reprodu\u00e7\u00e3o\/Redes sociais\" src=\"https:\/\/www.europesays.com\/pt\/wp-content\/uploads\/2025\/12\/1764627865_624_whatsapp-image-2024-08-09-at-12.11.37.jpeg\" loading=\"lazy\" height=\"792\" width=\"674\"\/>  <\/p>\n<p> 1 de 7 <br \/>&#13;Jamie Lee Curtis compartilhou um storie sobre o filme e escreveu: &#8220;Obra-prima&#8221;\u2014 Foto: Reprodu\u00e7\u00e3o\/Redes sociais <\/p>\n<p>     <img decoding=\"async\" id=\"image-id-tumb-418d4eb1-66b3-46b6-8f41-0a93b349105a\" alt=\"Em uma entrevista, Sean Penn disse ter ficado muito entusiasmado em ver filmes como &quot;Ainda estou aqui&quot; indicados ao Oscar \u2014 Foto: Reprodu\u00e7\u00e3o \/ Instagram\" src=\"https:\/\/www.europesays.com\/pt\/wp-content\/uploads\/2025\/12\/sean.jpg\" loading=\"lazy\" height=\"889\" width=\"1080\" data-posicao=\"2\" role=\"button\" tabindex=\"0\"\/>    <img decoding=\"async\" id=\"image-id-418d4eb1-66b3-46b6-8f41-0a93b349105a\" class=\"gallery-photo\" alt=\"Em uma entrevista, Sean Penn disse ter ficado muito entusiasmado em ver filmes como &quot;Ainda estou aqui&quot; indicados ao Oscar \u2014 Foto: Reprodu\u00e7\u00e3o \/ Instagram\" src=\"https:\/\/www.europesays.com\/pt\/wp-content\/uploads\/2025\/12\/1764627866_506_sean.jpg\" loading=\"lazy\" height=\"889\" width=\"1080\"\/>  <\/p>\n<p> 2 de 7 <br \/>&#13;Em uma entrevista, Sean Penn disse ter ficado muito entusiasmado em ver filmes como &#8220;Ainda estou aqui&#8221; indicados ao Oscar \u2014 Foto: Reprodu\u00e7\u00e3o \/ Instagram <\/p>\n<p>       <img decoding=\"async\" id=\"image-id-tumb-fc19332a-d33c-44ca-95ad-ce47afa2e161\" alt=\"Ao encontrar Fernanda Torres no Festival de Santa Barbara, na Calif\u00f3rnia, Ariana Grande n\u00e3o poupou a colega de elogios: &quot;&quot;Voc\u00ea \u00e9 brilhante, eu te amo muito. \u00c9 uma honra!&quot;\" src=\"https:\/\/www.europesays.com\/pt\/wp-content\/uploads\/2025\/12\/arte-12-.png\" loading=\"lazy\" height=\"1194\" width=\"2000\" data-posicao=\"3\" role=\"button\" tabindex=\"0\"\/>    <img decoding=\"async\" id=\"image-id-fc19332a-d33c-44ca-95ad-ce47afa2e161\" class=\"gallery-photo\" alt=\"Ao encontrar Fernanda Torres no Festival de Santa Barbara, na Calif\u00f3rnia, Ariana Grande n\u00e3o poupou a colega de elogios: &quot;&quot;Voc\u00ea \u00e9 brilhante, eu te amo muito. \u00c9 uma honra!&quot;\" src=\"https:\/\/www.europesays.com\/pt\/wp-content\/uploads\/2025\/12\/1764627868_150_arte-12-.png\" loading=\"lazy\" height=\"1194\" width=\"2000\"\/>  <\/p>\n<p> 3 de 7 <br \/>&#13;Ao encontrar Fernanda Torres no Festival de Santa Barbara, na Calif\u00f3rnia, Ariana Grande n\u00e3o poupou a colega de elogios: &#8220;&#8221;Voc\u00ea \u00e9 brilhante, eu te amo muito. \u00c9 uma honra!&#8221; <\/p>\n<p>      <img decoding=\"async\" id=\"image-id-5a08fe8d-4733-4160-887e-09f8f27f372a\" class=\"gallery-photo\" alt=\"Aos entrevistar Fernanda Torres para a Interview Maganize, a atriz Jessica Chastain, que venceu o Oscar, comentou: &quot;Sua performance \u00e9 inacredit\u00e1vel e estou t\u00e3o feliz que voc\u00ea foi inclu\u00edda neste grupo de pessoas que foi reconhecida&quot; \u2014 Foto: Chantal Anderson \/ Roger Kisby \/ The New York Times\" src=\"https:\/\/www.europesays.com\/pt\/wp-content\/uploads\/2025\/12\/arte-2025-02-10t150042.451.png\" loading=\"lazy\" height=\"1194\" width=\"2000\"\/>  <\/p>\n<p> 4 de 7 <br \/>&#13;Aos entrevistar Fernanda Torres para a Interview Maganize, a atriz Jessica Chastain, que venceu o Oscar, comentou: &#8220;Sua performance \u00e9 inacredit\u00e1vel e estou t\u00e3o feliz que voc\u00ea foi inclu\u00edda neste grupo de pessoas que foi reconhecida&#8221; \u2014 Foto: Chantal Anderson \/ Roger Kisby \/ The New York Times <\/p>\n<p>       <img decoding=\"async\" id=\"image-id-11b733a3-cb06-4c18-b1d5-6453f2b1502d\" class=\"gallery-photo\" alt=\"Influenciadora e ex-atriz porn\u00f4, Mia Khalifa fez um post sobre o filme nas redes: &quot;Fiquei sem palavras para descrever um filme t\u00e3o visceral e importante. Os primeiros 30 minutos foram perfeitamente escritos e atuados. Fernanda Torres se voc\u00ea n\u00e3o ganhar aquele Oscar, voc\u00ea ter\u00e1 sido roubada&quot;. &quot;Descanse em paz Rubens Paiva \u2014 Foto: Reprodu\u00e7\u00e3o; Getty Images\" src=\"https:\/\/www.europesays.com\/pt\/wp-content\/uploads\/2025\/12\/mia-khalifa-faz-campanha-para-fernanda-torres-112232.webp.jpeg\" loading=\"lazy\" height=\"1080\" width=\"1920\"\/>  <\/p>\n<p> 5 de 7 <br \/>&#13;Influenciadora e ex-atriz porn\u00f4, Mia Khalifa fez um post sobre o filme nas redes: &#8220;Fiquei sem palavras para descrever um filme t\u00e3o visceral e importante. Os primeiros 30 minutos foram perfeitamente escritos e atuados. Fernanda Torres se voc\u00ea n\u00e3o ganhar aquele Oscar, voc\u00ea ter\u00e1 sido roubada&#8221;. &#8220;Descanse em paz Rubens Paiva \u2014 Foto: Reprodu\u00e7\u00e3o; Getty Images <\/p>\n<p>      <img decoding=\"async\" id=\"image-id-9d0abb41-43ea-4489-87d9-f4e934620728\" class=\"gallery-photo\" alt=\"Produtor do filme, Rodrigo Teixeira contou em entrevista ao podcast &quot;Dois pontos&quot; que o diretor Martins Scorses enviou um e-mail muito elogioso para Walter Salles sobre &quot;Ainda estou aqui&quot; \u2014 Foto: AFP\" src=\"https:\/\/www.europesays.com\/pt\/wp-content\/uploads\/2025\/12\/martin.jpg\" loading=\"lazy\" height=\"450\" width=\"675\"\/>  <\/p>\n<p> 6 de 7 <br \/>&#13;Produtor do filme, Rodrigo Teixeira contou em entrevista ao podcast &#8220;Dois pontos&#8221; que o diretor Martins Scorses enviou um e-mail muito elogioso para Walter Salles sobre &#8220;Ainda estou aqui&#8221; \u2014 Foto: AFP <\/p>\n<p>       <img decoding=\"async\" id=\"image-id-27a828d5-1372-4307-83d0-7bc37f73a830\" class=\"gallery-photo\" alt=\"Em entrevista ao &quot;Fant\u00e1stico&quot;, Marcelo Rubens Paiva disse que o diretor Pedro Almod\u00f3var disse que &quot;Ainda estou aqui&quot; \u00e9 'um dos melhores filmes que ele viu na vida nos \u00faltimos tempos'\" src=\"https:\/\/www.europesays.com\/pt\/wp-content\/uploads\/2025\/12\/108589098-the-filmmaker-pedro-almodovar-in-madrid-on-july-24-2024-in-his-book-othe-last-dreamo-the-s.jpeg\" loading=\"lazy\" height=\"2889\" width=\"3985\"\/>  <\/p>\n<p> 7 de 7 <br \/>&#13;Em entrevista ao &#8220;Fant\u00e1stico&#8221;, Marcelo Rubens Paiva disse que o diretor Pedro Almod\u00f3var disse que &#8220;Ainda estou aqui&#8221; \u00e9 &#8216;um dos melhores filmes que ele viu na vida nos \u00faltimos tempos&#8217; <\/p>\n<p>.<\/p>\n","protected":false},"excerpt":{"rendered":"O ano ainda n\u00e3o acabou, e a revista brit\u00e2nica The Economist elegeu os melhores filmes de 2025. O&hellip;\n","protected":false},"author":2,"featured_media":172362,"comment_status":"","ping_status":"","sticky":false,"template":"","format":"standard","meta":{"footnotes":""},"categories":[140],"tags":[114,115,147,148,319,146,32,33,318],"class_list":{"0":"post-172361","1":"post","2":"type-post","3":"status-publish","4":"format-standard","5":"has-post-thumbnail","7":"category-filmes","8":"tag-entertainment","9":"tag-entretenimento","10":"tag-film","11":"tag-filmes","12":"tag-hard-news","13":"tag-movies","14":"tag-portugal","15":"tag-pt","16":"tag-radar"},"share_on_mastodon":{"url":"https:\/\/pubeurope.com\/@pt\/115646658988515982","error":""},"_links":{"self":[{"href":"https:\/\/www.europesays.com\/pt\/wp-json\/wp\/v2\/posts\/172361","targetHints":{"allow":["GET"]}}],"collection":[{"href":"https:\/\/www.europesays.com\/pt\/wp-json\/wp\/v2\/posts"}],"about":[{"href":"https:\/\/www.europesays.com\/pt\/wp-json\/wp\/v2\/types\/post"}],"author":[{"embeddable":true,"href":"https:\/\/www.europesays.com\/pt\/wp-json\/wp\/v2\/users\/2"}],"replies":[{"embeddable":true,"href":"https:\/\/www.europesays.com\/pt\/wp-json\/wp\/v2\/comments?post=172361"}],"version-history":[{"count":0,"href":"https:\/\/www.europesays.com\/pt\/wp-json\/wp\/v2\/posts\/172361\/revisions"}],"wp:featuredmedia":[{"embeddable":true,"href":"https:\/\/www.europesays.com\/pt\/wp-json\/wp\/v2\/media\/172362"}],"wp:attachment":[{"href":"https:\/\/www.europesays.com\/pt\/wp-json\/wp\/v2\/media?parent=172361"}],"wp:term":[{"taxonomy":"category","embeddable":true,"href":"https:\/\/www.europesays.com\/pt\/wp-json\/wp\/v2\/categories?post=172361"},{"taxonomy":"post_tag","embeddable":true,"href":"https:\/\/www.europesays.com\/pt\/wp-json\/wp\/v2\/tags?post=172361"}],"curies":[{"name":"wp","href":"https:\/\/api.w.org\/{rel}","templated":true}]}}