{"id":172378,"date":"2025-12-01T22:39:10","date_gmt":"2025-12-01T22:39:10","guid":{"rendered":"https:\/\/www.europesays.com\/pt\/172378\/"},"modified":"2025-12-01T22:39:10","modified_gmt":"2025-12-01T22:39:10","slug":"villas-boas-e-por-causa-da-sua-forca-que-o-fc-porto-continua-a-incomodar-tanta-gente","status":"publish","type":"post","link":"https:\/\/www.europesays.com\/pt\/172378\/","title":{"rendered":"Villas-Boas: \u00ab\u00c9 por causa da sua for\u00e7a que o FC Porto continua a incomodar tanta gente\u00bb"},"content":{"rendered":"<p>No discurso da cerim\u00f3nia dos Drag\u00f5es de Ouro, Andr\u00e9 Villas-Boas reconheceu que a \u00e9poca 2024\/2025 foi marcada por um misto de desafios e conquistas para o <a class=\"autolink-enabled\" data-resource-id=\"451\" data-resource-type=\"team\" data-sport=\"football\" href=\"https:\/\/www.abola.pt\/futebol\/fc-porto-451\" rel=\"nofollow noopener\" target=\"_blank\">FC Porto<\/a>. Um ano duro, como o rotulou.<\/p>\n<p>\u00abQuando olhamos para a \u00e9poca de 2024\/2025, sabemos que foi um ano duro. Tivemos conquistas importantes, lan\u00e7\u00e1mos projetos estruturantes, mas n\u00e3o conseguimos o t\u00edtulo nacional em futebol que todos desej\u00e1vamos. Houve momentos de frustra\u00e7\u00e3o e houve erros, e n\u00e3o temos nenhum problema em assumi-lo. O mais importante \u00e9 que o clube n\u00e3o se escondeu e, por isso, n\u00e3o foi um ano perdido\u00bb, afirmou.<\/p>\n<blockquote>\n<p>Quando olhamos para a \u00e9poca de 2024\/2025, sabemos que foi um ano duro. Tivemos conquistas importantes, lan\u00e7\u00e1mos projetos estruturantes, mas n\u00e3o conseguimos o t\u00edtulo nacional em futebol que todos desej\u00e1vamos<\/p>\n<\/blockquote>\n<p>O <a class=\"autolink-enabled\" data-resource-id=\"451\" data-resource-type=\"team\" data-sport=\"football\" href=\"https:\/\/www.abola.pt\/futebol\/fc-porto-451\" rel=\"nofollow noopener\" target=\"_blank\">FC Porto<\/a> iniciou a \u00e9poca com a conquista da Superta\u00e7a em futebol, sagrou-se bicampe\u00e3o nacional em h\u00f3quei em patins, arrecadou a Superta\u00e7a e a Ta\u00e7a em basquetebol, e celebrou in\u00fameros t\u00edtulos em nata\u00e7\u00e3o e desporto adaptado. Estes triunfos, segundo Villas-Boas, comprovam que \u00abo esp\u00edrito portista, competitivo e vencedor, est\u00e1 presente em todas as frentes, honrando o s\u00edmbolo que representamos e elevando o nome do <a class=\"autolink-enabled\" data-resource-id=\"451\" data-resource-type=\"team\" data-sport=\"football\" href=\"https:\/\/www.abola.pt\/futebol\/fc-porto-451\" rel=\"nofollow noopener\" target=\"_blank\">FC Porto<\/a> em cada modalidade.\u00bb<\/p>\n<p>No futebol, o <a class=\"autolink-enabled\" data-resource-id=\"451\" data-resource-type=\"team\" data-sport=\"football\" href=\"https:\/\/www.abola.pt\/futebol\/fc-porto-451\" rel=\"nofollow noopener\" target=\"_blank\">FC Porto<\/a> apostou na lideran\u00e7a de Francesco Farioli, \u00abum treinador jovem, mas com um percurso j\u00e1 s\u00f3lido\u00bb que representa o equil\u00edbrio que a institui\u00e7\u00e3o quer. \u00abO respeito absoluto pelo nosso ADN competitivo e, ao mesmo tempo, uma abordagem moderna ao treino, ao jogo e \u00e0 gest\u00e3o do balne\u00e1rio\u00bb, sintetizou Villas-Boas.<\/p>\n<blockquote>\n<p>Farioli \u00e9 um treinador jovem, mas com um percurso j\u00e1 s\u00f3lido, com uma abordagem moderna ao treino, ao jogo e \u00e0 gest\u00e3o do balne\u00e1rio<\/p>\n<\/blockquote>\n<p>Com um investimento superior a 100 milh\u00f5es de euros, o plantel foi refor\u00e7ado com jogadores que combinam experi\u00eancia e juventude, e os primeiros sinais t\u00eam sido animadores: \u00abOs sinais dados at\u00e9 agora s\u00e3o encorajadores. Todos sentimos, no balne\u00e1rio e fora dele, que temos condi\u00e7\u00f5es para lutar at\u00e9 ao fim pelo lugar a que o FC Porto pertence. O sonho de sermos campe\u00f5es est\u00e1 presente em cada treino, em cada reuni\u00e3o, em cada decis\u00e3o que tomamos.\u00bb<\/p>\n<p>O dirigente destacou ainda o resultado l\u00edquido consolidado hist\u00f3rico de \u20ac39,2 milh\u00f5es, a redu\u00e7\u00e3o dos custos operacionais e promo\u00e7\u00e3o do crescimento associativo, com mais de 15 mil novos s\u00f3cios em cinco meses, apontando ainda a obra que est\u00e1 quase a nascer, como o Centro de Alto Rendimento do Olival e o futuro pavilh\u00e3o multidesportivo em Campanh\u00e3.<\/p>\n<blockquote>\n<p>Em duas \u00e9pocas desportivas vimos os lugares anuais esgotar num tempo recorde, vemos os est\u00e1dios cheios em casa e fora, vemos milhares de portistas acompanharem a equipa em desloca\u00e7\u00f5es longas<\/p>\n<\/blockquote>\n<p>Villas-Boas enalteceu essa for\u00e7a dos adeptos: \u00abEm duas \u00e9pocas desportivas vimos os lugares anuais esgotar num tempo recorde, vemos os est\u00e1dios cheios em casa e fora, vemos milhares de portistas acompanharem a equipa em desloca\u00e7\u00f5es longas e vemos a energia com que nos defendem num sentido de unidade que nos \u00e9 pr\u00f3prio. \u00c9 por causa dessa for\u00e7a que o FC Porto continua a incomodar tanta gente. \u00c9 por causa dessa for\u00e7a que, mesmo quando o caminho parece inclinado, sabemos que n\u00e3o estamos sozinhos.\u00bb<\/p>\n<p><a target=\"_blank\" class=\"editor-link Hyperlink SCXW11341795 BCX0\" href=\"https:\/\/profile.google.com\/cp\/CgkvbS8wNWNjOHQ?pf=0\" rel=\"nofollow noopener\"><strong>Siga o perfil de A BOLA no Google<\/strong><\/a><strong>\u00a0<\/strong><\/p>\n","protected":false},"excerpt":{"rendered":"No discurso da cerim\u00f3nia dos Drag\u00f5es de Ouro, Andr\u00e9 Villas-Boas reconheceu que a \u00e9poca 2024\/2025 foi marcada por&hellip;\n","protected":false},"author":2,"featured_media":172379,"comment_status":"","ping_status":"","sticky":false,"template":"","format":"standard","meta":{"footnotes":""},"categories":[87],"tags":[135,32,33,134],"class_list":{"0":"post-172378","1":"post","2":"type-post","3":"status-publish","4":"format-standard","5":"has-post-thumbnail","7":"category-desporto","8":"tag-desporto","9":"tag-portugal","10":"tag-pt","11":"tag-sports"},"share_on_mastodon":{"url":"https:\/\/pubeurope.com\/@pt\/115646717247422711","error":""},"_links":{"self":[{"href":"https:\/\/www.europesays.com\/pt\/wp-json\/wp\/v2\/posts\/172378","targetHints":{"allow":["GET"]}}],"collection":[{"href":"https:\/\/www.europesays.com\/pt\/wp-json\/wp\/v2\/posts"}],"about":[{"href":"https:\/\/www.europesays.com\/pt\/wp-json\/wp\/v2\/types\/post"}],"author":[{"embeddable":true,"href":"https:\/\/www.europesays.com\/pt\/wp-json\/wp\/v2\/users\/2"}],"replies":[{"embeddable":true,"href":"https:\/\/www.europesays.com\/pt\/wp-json\/wp\/v2\/comments?post=172378"}],"version-history":[{"count":0,"href":"https:\/\/www.europesays.com\/pt\/wp-json\/wp\/v2\/posts\/172378\/revisions"}],"wp:featuredmedia":[{"embeddable":true,"href":"https:\/\/www.europesays.com\/pt\/wp-json\/wp\/v2\/media\/172379"}],"wp:attachment":[{"href":"https:\/\/www.europesays.com\/pt\/wp-json\/wp\/v2\/media?parent=172378"}],"wp:term":[{"taxonomy":"category","embeddable":true,"href":"https:\/\/www.europesays.com\/pt\/wp-json\/wp\/v2\/categories?post=172378"},{"taxonomy":"post_tag","embeddable":true,"href":"https:\/\/www.europesays.com\/pt\/wp-json\/wp\/v2\/tags?post=172378"}],"curies":[{"name":"wp","href":"https:\/\/api.w.org\/{rel}","templated":true}]}}