{"id":172390,"date":"2025-12-01T22:46:10","date_gmt":"2025-12-01T22:46:10","guid":{"rendered":"https:\/\/www.europesays.com\/pt\/172390\/"},"modified":"2025-12-01T22:46:10","modified_gmt":"2025-12-01T22:46:10","slug":"apesar-de-divergencia-de-fundo-jorge-pinto-e-antonio-jose-seguro-declaram-nao-ser-inimigos","status":"publish","type":"post","link":"https:\/\/www.europesays.com\/pt\/172390\/","title":{"rendered":"Apesar de &#8220;diverg\u00eancia de fundo&#8221; Jorge Pinto e Ant\u00f3nio Jos\u00e9 Seguro declaram n\u00e3o ser inimigos"},"content":{"rendered":"<p>Jorge Pinto come\u00e7a desde logo o debate a tecer cr\u00edticas ao advers\u00e1rio sobre a quest\u00e3o da converg\u00eancia das candidaturas \u00e0 esquerda, acusando o candidato apoiado pelo PS de ter \u201cdeturpado\u201d as suas palavras.<\/p>\n<p>\u201cAs minhas palavras foram deturpadas por Ant\u00f3nio Jos\u00e9 Seguro, porque nunca tinha falado de uma desist\u00eancia em prol da sua candidatura\u201d, disse.<\/p>\n<p>Jorge Pinto salienta que para haver uma converg\u00eancia, o di\u00e1logo devia ter sido \u201cainda antes das candidaturas serem apresentadas\u201d. \u201cSei que avancei porque a minha candidatura \u00e9 distintiva. Em rela\u00e7\u00e3o a Ant\u00f3nio Jos\u00e9 Seguro, Jorge Pinto destaca que &#8220;h\u00e1 uma diverg\u00eancia de fundo\u201d.<\/p>\n<p>Essa diverg\u00eancia prende-se com as posi\u00e7\u00f5es que o candidato teve enquanto l\u00edder do PS. \u201cQuando teve responsabilidades pol\u00edticas como l\u00edder da oposi\u00e7\u00e3o, op\u00f4s-se aos que dentro do PS votaram contra o Or\u00e7amento, ao contr\u00e1rio do que queria Ant\u00f3nio Jos\u00e9 Seguro\u201d, lembra.<\/p>\n<p>\u201cSeguro candidata-se a ser o guardi\u00e3o da Constitui\u00e7\u00e3o portuguesa, mas quando teve responsabilidades no nosso pa\u00eds enquanto l\u00edder da oposi\u00e7\u00e3o, n\u00e3o s\u00f3 n\u00e3o usou o seu dever de apelar \u00e0 defesa da Constitui\u00e7\u00e3o, como, pelo contr\u00e1rio, at\u00e9 se op\u00f4s \u00e0queles que dentro do PS n\u00e3o votaram da maneira que Seguro defendia\u201d, continua. <\/p>\n<p>Seguro defende-se, afirmando que avan\u00e7ou com a candidatura em junho \u201cporque os partidos n\u00e3o t\u00eam o condom\u00ednio das elei\u00e7\u00f5es presidenciais\u201d. <\/p>\n<p>\u201cN\u00e3o fiz combinatas com ningu\u00e9m, acordos nenhuns. Sou uma pessoa livre, n\u00e3o tenho amarras nenhuma nem vivo dentro de gavetas\u201d, argumentou.&#13;\n<\/p>\n<p>Questionado sobre se n\u00e3o sente que impediu uma candidatura mais agregadora \u00e0 esquerda, Seguro responde: \u201cVivemos numa democracia. Agora vou impedir algu\u00e9m que se apresente como candidato?\u201d.<\/p>\n<p>\u201cEstas candidaturas s\u00e3o tamb\u00e9m um ato de coragem e eu tive essa coragem\u201d, acrescenta.<\/p>\n<p>Em rela\u00e7\u00e3o \u00e0s acusa\u00e7\u00f5es sobre a posi\u00e7\u00e3o da sua lideran\u00e7a em 2012, diz que sempre esteve \u201cdo lado da defesa nacional\u201d, apontando aos \u201csetores conservadores\u201d que queriam um limite para o endividamento e para o d\u00e9fice na Constitui\u00e7\u00e3o a que se op\u00f4s como l\u00edder do PS.<\/p>\n<p>\u201cEu tomei aquilo que me pareceu correto, que foi a op\u00e7\u00e3o pela responsabilidade e pela defesa do interesse nacional\u201d, argumentou.<\/p>\n<p>\u201cEssa absten\u00e7\u00e3o violenta na verdade \u00e9 uma passividade\u201d, responde depois Jorge Pinto, considerando que o Tribunal Constitucional deu raz\u00e3o a essa posi\u00e7\u00e3o.<br \/>&#13;<br \/>\nGreve geral e as altera\u00e7\u00f5es \u00e0 greve do trabalho<br \/>&#13;<br \/>\nQuestionado sobre a greve geral e as altera\u00e7\u00f5es \u00e0 greve do trabalho, Ant\u00f3nio Jos\u00e9 Seguro, diz que o que o preocupa mais s\u00e3o as altera\u00e7\u00f5es \u00e0 lei do trabalho, \u201cporque v\u00eam desequilibrar a rela\u00e7\u00e3o que tem de existir entre empres\u00e1rios e trabalhadores\u201d.<\/p>\n<p>\u201cNeste momento as negocia\u00e7\u00f5es s\u00e3o bilaterais, entre Governo e representantes dos trabalhadores\u201d, critica. Diz que o pa\u00eds tem de \u201ccriar instrumentos para que economia ganhe mais competitividade e produtividade e que os jovens tenham oportunidades de emprego em Portugal\u201d.<\/p>\n<p>Seguro diz ainda que discorda a ministra do Trabalho quando esta diz que a legisla\u00e7\u00e3o est\u00e1 desequilibrada a favor dos trabalhadores.&#13;\n<\/p>\n<p>Questionado sobre o que far\u00e1 se for Presidente, Seguro diz que n\u00e3o se deve \u201cinterferir quando as negocia\u00e7\u00f5es est\u00e3o a decorrer\u201d, mas lembra que mudan\u00e7a na lei laboral \u201cn\u00e3o foi objeto de valida\u00e7\u00e3o eleitoral\u201d.<\/p>\n<p>Se chegar a Bel\u00e9m, o socialista diz que ter\u00e1 em conta resultado das negocia\u00e7\u00f5es na concerta\u00e7\u00e3o social e resultado do trabalho parlamentar. \u201cNessa altura vou-me pronunciar. Mas neste momento, h\u00e1 uma clara inclina\u00e7\u00e3o para n\u00e3o aceitar proposta que chegar a Bel\u00e9m\u201d.<\/p>\n<p>Jorge Pinto volta ao passado e lembra que o 1 de dezembro deixou de ser feriado durante o per\u00edodo da troika, ap\u00f3s \u201caltera\u00e7\u00f5es ao C\u00f3digo de Trabalho que contaram com a absten\u00e7\u00e3o de Seguro\u201d.<\/p>\n<p>O candidato apoiado pelo Livre diz que levaria a proposta da reforma laboral \u201ctal qual como est\u00e1\u201d ao Tribunal Constitucional e que a mesma mereceria o seu veto pol\u00edtico.&#13;\n<\/p>\n<p>Revis\u00e3o da Constitui\u00e7\u00e3o. Seguro diz que proposta de Jorge Pinto \u00e9 \u201cirrespons\u00e1vel\u201d<br \/>\nA revis\u00e3o da Constitui\u00e7\u00e3o tem sido outro dos temas em discuss\u00e3o entre os candidatos a Bel\u00e9m. Ant\u00f3nio Jos\u00e9 Seguro n\u00e3o v\u00ea nenhuma raz\u00e3o para se fazer uma revis\u00e3o constitucional e rejeita que isso seja uma prioridade. <\/p>\n<p>\u201cN\u00e3o h\u00e1 nenhum problema no pa\u00eds que n\u00e3o possa ser resolvido com a atual Constitui\u00e7\u00e3o\u201d, refere.<\/p>\n<p>Jorge Pinto j\u00e1 anunciou que prop\u00f5e dissolver o Parlamento em situa\u00e7\u00e3o de grande gravidade numa revis\u00e3o constitucional. O candidato socialista considera que o seu oponente \u201ciria agir mal\u201d.<\/p>\n<p>\u201cSe houvesse dissolu\u00e7\u00e3o, a campanha eleitoral iriam centrar-se em qu\u00ea? Num debate sobre as propostas do Governo ou num plebiscito \u00e0s propostas de revis\u00e3o constitucional?\u201d, questiona, afirmando que a proposta de Jorge Pinto \u00e9 \u201cirrespons\u00e1vel\u201d.&#13;\n<\/p>\n<p>Jorge Pinto diz que h\u00e1 \u201cuma linha clar\u00edssima\u201d que o separa de Ant\u00f3nio Jos\u00e9 Seguro e explica que \u201cuma revis\u00e3o dr\u00e1stica\u201d da Constitui\u00e7\u00e3o que o levaria a dissolver o Parlamento seria, por exemplo, alterar o sistema semi-presidencialista ou tirar os limites \u00e0 revis\u00e3o constitucional inscritos na pr\u00f3pria Constitui\u00e7\u00e3o.<\/p>\n<p>\u201cOs portugueses t\u00eam o direito de ser ouvidos se houver alguma altera\u00e7\u00e3o\u201d, afirma.\u00a0&#13;\n<\/p>\n<p>Comiss\u00e3o de combate \u00e0 fraude para o SNS<br \/>\nAnt\u00f3nio Jos\u00e9 Seguro diz que foi com grande surpresa que assistiu \u00e0 cria\u00e7\u00e3o de uma comiss\u00e3o de combate \u00e0 frade para o SNS.<\/p>\n<p>\u201cA minha surpresa \u00e9 grande. O SNS j\u00e1 n\u00e3o tinha meios para prevenir a fraude?\u201d, questiona, afirmando que em primeiro lugar \u201ctem de haver planos de preven\u00e7\u00e3o para que isso n\u00e3o aconte\u00e7a\u201d.<\/p>\n<p>O candidato socialista salienta, no entanto, que \u201co que \u00e9 necess\u00e1rio \u00e9 que o SNS promova o acesso de todos os portugueses e a tempo e horas\u201d.<\/p>\n<p>Jorge Pinto, por sua vez, lembra que o Governo tinha um plano para o SNS a ser aplicado em 60 dias e \u201cj\u00e1 passaram mais de 600\u201d sem melhorias.<\/p>\n<p>O deputado do Livre diz querer discutir uma \u201crevis\u00e3o do papel do SNS e como fixar quadros do SNS\u201d e \u201cacabar com o gargalo da forma\u00e7\u00e3o de m\u00e9dicos especialistas, afirmando que a regionaliza\u00e7\u00e3o teria uma grande \u201cimport\u00e2ncia\u201d para o pa\u00eds nesta \u00e1rea.<\/p>\n<p>A regionaliza\u00e7\u00e3o \u00e9 \u201cum imperativo constitucional e continua por cumprir quase 50 anos depois da aprova\u00e7\u00e3o da Constitui\u00e7\u00e3o\u201d, salienta.&#13;\n<\/p>\n<p>Imigra\u00e7\u00e3o<br \/>\nQuestionado sobre a discuss\u00e3o da imigra\u00e7\u00e3o em Portugal, Jorge Pinto come\u00e7a por afirmar que foi imigrante durante 15 anos e \u00e9 filho e neto de imigrantes. Diz, por isso, que \u00e9 \u201ccom muita tristeza\u201d que assiste ao \u201cclima envenenado\u201d da discuss\u00e3o sobre a imigra\u00e7\u00e3o.<\/p>\n<p>\u201cN\u00e3o vou alinhar neste que parece ser o sabor dos tempos, em que atacar a imigra\u00e7\u00e3o \u00e9 o alfa e o \u00f3mega de tudo o que \u00e9 pol\u00edtica em Portugal\u201d, asseverou, defendendo que \u201co pa\u00eds tem de olhar para a imigra\u00e7\u00e3o como uma oportunidade e n\u00e3o como um ataque\u201d.<\/p>\n<p>Sobre este tema, Ant\u00f3nio Jos\u00e9 Seguro come\u00e7a por afirmar que \u201co pa\u00eds precisa de imigra\u00e7\u00e3o\u201d, mas salienta que \u201cela precisa de ser regulada e organizada quer na entrada, quer no acolhimento, quer na integra\u00e7\u00e3o\u201d.<\/p>\n<p>\u201cSou sempre uma pessoa centrada em rela\u00e7\u00e3o ao futuro\u201d, diz o socialista, afirmando que \u201c\u00e9 ineg\u00e1vel\u201d o contributo positivo da imigra\u00e7\u00e3o para a economia e apontando &#8220;pontos de converg\u00eancia&#8221; com Jorge Pinto.&#13;\n<\/p>\n<p>&#8220;N\u00e3o vim combater contra si, n\u00e3o \u00e9 o meu inimigo&#8221;<br \/>\nSobre as altera\u00e7\u00f5es que existiram \u00e0s leis dos estrangeiros e da nacionalidade, Seguro diz que o pa\u00eds \u201cest\u00e1 muito desequilibrado\u201d e mostra, mais uma vez, concorda com Jorge Pinto quando este afirma que \u201cn\u00e3o podemos ter os ovos todos no mesmo cesto\u201d.  <\/p>\n<p>O socialista desafia mesmo o seu oponente a visualizar um cen\u00e1rio de uma segunda volta em que estivessem dois candidatos de direita \u201ce em que eu n\u00e3o estivesse presente\u201d, para acrescentar de seguida: \u201cN\u00e3o vim combater contra si, n\u00e3o \u00e9 o meu inimigo\u201d. \u201cNem eu\u201d, responde Jorge Pinto.<\/p>\n<p>\u201cEstou a lutar para que a esquerda democr\u00e1tica tenha uma presen\u00e7a na segunda volta e isso s\u00f3 ser\u00e1 conseguido se houver uma concentra\u00e7\u00e3o de votos na minha candidatura\u201d, remata Seguro.<\/p>\n<p>Jorge Pinto salienta que \u201cainda muita \u00e1gua vai correr\u201d, porque h\u00e1 ainda muitos indecisos, segundo as sondagens.\u00a0\u201cEu vou at\u00e9 ao fim, porque sei o que farei como Presidente da Rep\u00fablica\u201d, garante.&#13;\n<\/p>\n<p>&#13;<br \/>\nSeguro volta a desafiar a esquerda a \u201cassumir as suas responsabilidades\u201d na sua passagem \u00e0 segunda volta. \u201cEspero que nenhum eleitor de esquerda possa acordar a 19 de janeiro e dizer que por causa do seu voto, Seguro n\u00e3o foi \u00e0 segunda volta\u201d, conclui.&#13;<\/p>\n","protected":false},"excerpt":{"rendered":"Jorge Pinto come\u00e7a desde logo o debate a tecer cr\u00edticas ao advers\u00e1rio sobre a quest\u00e3o da converg\u00eancia das&hellip;\n","protected":false},"author":2,"featured_media":172391,"comment_status":"","ping_status":"","sticky":false,"template":"","format":"standard","meta":{"footnotes":""},"categories":[8],"tags":[3399,27,28,15,16,14,28245,25,26,21,22,12,13,19,20,32,23,24,33,17,18,29,30,31],"class_list":{"0":"post-172390","1":"post","2":"type-post","3":"status-publish","4":"format-standard","5":"has-post-thumbnail","7":"category-principais-noticias","8":"tag-antonio-jose-seguro","9":"tag-breaking-news","10":"tag-breakingnews","11":"tag-featured-news","12":"tag-featurednews","13":"tag-headlines","14":"tag-jorge-pinto","15":"tag-latest-news","16":"tag-latestnews","17":"tag-main-news","18":"tag-mainnews","19":"tag-news","20":"tag-noticias","21":"tag-noticias-principais","22":"tag-noticiasprincipais","23":"tag-portugal","24":"tag-principais-noticias","25":"tag-principaisnoticias","26":"tag-pt","27":"tag-top-stories","28":"tag-topstories","29":"tag-ultimas","30":"tag-ultimas-noticias","31":"tag-ultimasnoticias"},"share_on_mastodon":{"url":"https:\/\/pubeurope.com\/@pt\/115646744923717628","error":""},"_links":{"self":[{"href":"https:\/\/www.europesays.com\/pt\/wp-json\/wp\/v2\/posts\/172390","targetHints":{"allow":["GET"]}}],"collection":[{"href":"https:\/\/www.europesays.com\/pt\/wp-json\/wp\/v2\/posts"}],"about":[{"href":"https:\/\/www.europesays.com\/pt\/wp-json\/wp\/v2\/types\/post"}],"author":[{"embeddable":true,"href":"https:\/\/www.europesays.com\/pt\/wp-json\/wp\/v2\/users\/2"}],"replies":[{"embeddable":true,"href":"https:\/\/www.europesays.com\/pt\/wp-json\/wp\/v2\/comments?post=172390"}],"version-history":[{"count":0,"href":"https:\/\/www.europesays.com\/pt\/wp-json\/wp\/v2\/posts\/172390\/revisions"}],"wp:featuredmedia":[{"embeddable":true,"href":"https:\/\/www.europesays.com\/pt\/wp-json\/wp\/v2\/media\/172391"}],"wp:attachment":[{"href":"https:\/\/www.europesays.com\/pt\/wp-json\/wp\/v2\/media?parent=172390"}],"wp:term":[{"taxonomy":"category","embeddable":true,"href":"https:\/\/www.europesays.com\/pt\/wp-json\/wp\/v2\/categories?post=172390"},{"taxonomy":"post_tag","embeddable":true,"href":"https:\/\/www.europesays.com\/pt\/wp-json\/wp\/v2\/tags?post=172390"}],"curies":[{"name":"wp","href":"https:\/\/api.w.org\/{rel}","templated":true}]}}