{"id":172392,"date":"2025-12-01T22:47:15","date_gmt":"2025-12-01T22:47:15","guid":{"rendered":"https:\/\/www.europesays.com\/pt\/172392\/"},"modified":"2025-12-01T22:47:15","modified_gmt":"2025-12-01T22:47:15","slug":"claudio-ramos-as-curiosas-regras-que-o-apresentador-teve-de-cumprir-para-entrar-na-sic-nunca-mais","status":"publish","type":"post","link":"https:\/\/www.europesays.com\/pt\/172392\/","title":{"rendered":"Cl\u00e1udio Ramos &#8211; As curiosas \u2018regras\u2019 que o apresentador teve de cumprir para entrar na SIC: \u201cNunca mais&#8230;\u201d"},"content":{"rendered":"<p><strong>Cl\u00e1udio Ramos<\/strong> esteve recentemente no podcast de <strong>Mafalda Castro e Rui Sim\u00f5es<\/strong>, \u2018Bate P\u00e9\u2019, e partilhou a hist\u00f3ria dos seus primeiros passos na televis\u00e3o\u2026 E as curiosas exig\u00eancias que a <strong>SIC<\/strong> lhe fez.<\/p>\n<p>\u201cEu comecei em Portugal como comentador numa coisa que eram as <strong>\u2018Noites Marcianas\u2019<\/strong> (\u2026) Era feito pelo <strong>Carlos Cruz<\/strong>, primeira temporada, e segunda temporada, a <strong>J\u00falia [Pinheiro]<\/strong>. E eu entrei a\u00ed\u201d, come\u00e7ou por contextualizar.<\/p>\n<p>De seguida, explicou o que fez para entrar: <strong>\u201cEu fui entregar uma cassete ao Em\u00eddio Rangel\u2026 Eu sabia como era o programa, porque conheci em Espanha. Gravei uma cassete em VHS em casa com uma c\u00e2mara, onde eu dizia por que \u00e9 que eu deveria ir fazer aquele programa\u201d<\/strong>.<\/p>\n<p><strong>\u201cEntreguei na SIC, na portaria, quando cheguei a casa no Alentejo recebo um telefonema da produtora, que era a Paula Moura, a dizer \u2018quer\u00edamos falar consigo\u2019\u201d<\/strong>, contou.<\/p>\n<blockquote>\n<p><strong>Leia tamb\u00e9m: Cl\u00e1udio Ramos &#8211; <\/strong><a href=\"https:\/\/www.novagente.pt\/claudio-ramos-preocupacao-que-sentiu-quando-soube-que-ia-trabalhar-com-cristina-ferreira-nas-manhas\" rel=\"nofollow noopener\" target=\"_blank\">A &#8220;preocupa\u00e7\u00e3o&#8221; que sentiu quando soube que ia trabalhar com Cristina Ferreira nas manh\u00e3s da TVI<\/a><\/p>\n<\/blockquote>\n<p>No dia seguinte, o apresentador regressou a Lisboa e foi recebido com um <strong>recado direto do diretor de programas<\/strong>\u00a0da altura da esta\u00e7\u00e3o de Pa\u00e7o de Arcos.<\/p>\n<p><strong>\u201cA mulher diz-me assim \u2018olhe, o doutor Rangel h\u00e1 duas coisas que ele pede que \u00e9: para trabalhar ter\u00e7a-feira e para nunca mais usar camisola de gola alta canelada\u2019\u201d<\/strong>, revelou. E esclareceu o motivo da segunda exig\u00eancia: \u201cPorque o casting foi com uma camisola canelada, castanha\u2026 A mim fica-me p\u00e9ssimo. Nunca mais usei\u201d.<\/p>\n<p>Texto: Carolina Charrua; Fotos: Redes sociais e Impala<\/p>\n<p class=\"intagram-text\">Siga a Nova Gente no Instagram<\/p>\n<p>                        <a href=\"https:\/\/www.instagram.com\/revistanovagente\/\" target=\"_blank\" aria-label=\"instagram\" rel=\"noopener nofollow\"><img decoding=\"async\" style=\"display: block; margin-left: auto; margin-right: auto; width: 250px; height: 83px;\" src=\"https:\/\/www.europesays.com\/pt\/wp-content\/uploads\/2025\/11\/Instagram_NG.png\" alt=\"instagram\"\/><\/a><br \/>\n                    <script async src=\"\/\/www.instagram.com\/embed.js\"><\/script><\/p>\n","protected":false},"excerpt":{"rendered":"Cl\u00e1udio Ramos esteve recentemente no podcast de Mafalda Castro e Rui Sim\u00f5es, \u2018Bate P\u00e9\u2019, e partilhou a hist\u00f3ria&hellip;\n","protected":false},"author":2,"featured_media":172393,"comment_status":"","ping_status":"","sticky":false,"template":"","format":"standard","meta":{"footnotes":""},"categories":[145],"tags":[211,210,329,36034,114,115,12005,1326,32,33,1327,1751,218],"class_list":{"0":"post-172392","1":"post","2":"type-post","3":"status-publish","4":"format-standard","5":"has-post-thumbnail","7":"category-celebridades","8":"tag-celebridades","9":"tag-celebrities","10":"tag-claudio-ramos","11":"tag-emidio-rangel","12":"tag-entertainment","13":"tag-entretenimento","14":"tag-exigencias","15":"tag-mafalda-castro","16":"tag-portugal","17":"tag-pt","18":"tag-rui-simoes","19":"tag-sic","20":"tag-televisao"},"share_on_mastodon":{"url":"https:\/\/pubeurope.com\/@pt\/115646749080670782","error":""},"_links":{"self":[{"href":"https:\/\/www.europesays.com\/pt\/wp-json\/wp\/v2\/posts\/172392","targetHints":{"allow":["GET"]}}],"collection":[{"href":"https:\/\/www.europesays.com\/pt\/wp-json\/wp\/v2\/posts"}],"about":[{"href":"https:\/\/www.europesays.com\/pt\/wp-json\/wp\/v2\/types\/post"}],"author":[{"embeddable":true,"href":"https:\/\/www.europesays.com\/pt\/wp-json\/wp\/v2\/users\/2"}],"replies":[{"embeddable":true,"href":"https:\/\/www.europesays.com\/pt\/wp-json\/wp\/v2\/comments?post=172392"}],"version-history":[{"count":0,"href":"https:\/\/www.europesays.com\/pt\/wp-json\/wp\/v2\/posts\/172392\/revisions"}],"wp:featuredmedia":[{"embeddable":true,"href":"https:\/\/www.europesays.com\/pt\/wp-json\/wp\/v2\/media\/172393"}],"wp:attachment":[{"href":"https:\/\/www.europesays.com\/pt\/wp-json\/wp\/v2\/media?parent=172392"}],"wp:term":[{"taxonomy":"category","embeddable":true,"href":"https:\/\/www.europesays.com\/pt\/wp-json\/wp\/v2\/categories?post=172392"},{"taxonomy":"post_tag","embeddable":true,"href":"https:\/\/www.europesays.com\/pt\/wp-json\/wp\/v2\/tags?post=172392"}],"curies":[{"name":"wp","href":"https:\/\/api.w.org\/{rel}","templated":true}]}}