{"id":172394,"date":"2025-12-01T22:48:11","date_gmt":"2025-12-01T22:48:11","guid":{"rendered":"https:\/\/www.europesays.com\/pt\/172394\/"},"modified":"2025-12-01T22:48:11","modified_gmt":"2025-12-01T22:48:11","slug":"as-melhores-fotos-do-ano-national-geographic-elege-as-imagens-de-2025-e-traz-cliques-de-brasileiros-na-lista-brasil-national-geographic","status":"publish","type":"post","link":"https:\/\/www.europesays.com\/pt\/172394\/","title":{"rendered":"As melhores fotos do ano: National Geographic elege as imagens de 2025 \u2013 e traz cliques de brasileiros na lista &#8211; Brasil | National Geographic"},"content":{"rendered":"<ol>\n<li><a href=\"https:\/\/news.google.com\/rss\/articles\/CBMi_AFBVV95cUxQenlPRVdtYzhoZDdEaU5INFFFOFpxRXJGSkhtck1SdV9Sd0ZTNmhLb0ViWm0wR3A4MlRSb19xWEUyQ3MycEtIQzFfb180ck50VzZrTzNtUDljRVdzcTg3REU0VEpmRDhRYkV2Q3NFN05EalZycVl0RTlCbk5keVRhX1NEdWtQYlVXcEUtMnhYM1hnNTdTRDNUdnlZdTgyaVV1NWhwZkx0eUh5Ujlxd2QyYWhsZTRyeXRGUVhXRHp5Y0l2cnJydGlqX2RLeERkTDdHU2IxN0syU01MamVPVG91NVpScGRCaFBSNFdkcnVyM1RfcGtoa0RVd2Z3X1Q?oc=5\" target=\"_blank\" rel=\"nofollow noopener\">As melhores fotos do ano: National Geographic elege as imagens de 2025 \u2013 e traz cliques de brasileiros na lista<\/a>&nbsp;&nbsp;Brasil | National Geographic<\/li>\n<li><a href=\"https:\/\/news.google.com\/rss\/articles\/CBMiywFBVV95cUxOMkFudU5ZYUctMEdtUXg4RVRCWDZYOVVRajZzM2tqVklnTm1VZDhia1pPcmxXUGtxbjFBWGJHZVVmUUFvSURBQ3p2VF9LSWR3b2R4UjgxUi1pb0ZkRUkycERxbU85Ym5nUUNNN3M4RlFWQVotV1VTQmlsUlVIeG5Qc0lrRW9OS0tWWFdweGZQdWtKZWlnb0NvNnFFSWhwWFFpOWVDNFdyMFJSY1I4MFlZRVE2dElsYmtoWmo2RUNKYVRXZ1k2cXhmUjhVZw?oc=5\" target=\"_blank\" rel=\"nofollow noopener\">Foto de On\u00e7a-pintada no Parque Estadual do Rio Doce \u00e9 destaque na National Geographic<\/a>&nbsp;&nbsp;R\u00e1dio Itatiaia<\/li>\n<li><a href=\"https:\/\/news.google.com\/rss\/articles\/CBMi4gFBVV95cUxQT2JjcEpFcDV4dnMtWE4zeUVmczQ0bGQxYjVSdzJUT2ROcEMzN0llVUhQcDBhbEFGVzlJNlV0ZTFMU3J1aFhHQkZuZm1HVG5LaEdqVDBjZUwwTDA0bWpWcHRYQ3R2bmRqQXRtNjFYZzhWdjhSZlZkTnVoRFotNkk1X29nUHRDRG5VWmZIQ0V1RjhQZ2RlMHFmX0pkQnBwdFFYbDZZTjBzeU11U2xDZHppNV9qcEUtLVR6a2hmRUdxcXRyMmZPOTg2MnhpWmo1ZjRHWDk1aHZ6YzE2all4THJ2TnZn0gHwAUFVX3lxTE1ldmxHbVRnT1IzaldlNlNpeVh5emV3SGlobWJkYUZfeGJBREU0NnJtc19Zc0xiaWx6WG5tZ2xseDl3Y3hSV04zbFJrVHlFYWRSX2RsR2VDLTJ3cGJkTC0tTGFoUFBxTkxuOEVUbDliX0R3MmtFSmxCN1FIaURlYTJ0cm9nQnptU1lEUW1Yd0ZwMlF5bkZDUXZieWhfbEgwSkE3RVhfMU1ZLVVxRF9GN3BuUk85T2FkLVZBcFFXS3dlRkt1VFROYm5wcmlOR0owbzV2MUhzZjFOUW9tc2ZRU09xeVVKazRKV1lDYTMwaEktTQ?oc=5\" target=\"_blank\" rel=\"nofollow noopener\">Foto de pernambucana \u00e9 eleita uma das 25 imagens do ano pela revista National Geographic<\/a>&nbsp;&nbsp;G1<\/li>\n<li><a href=\"https:\/\/news.google.com\/rss\/articles\/CBMi1AFBVV95cUxQTS1GSnZlNkJQUEZiOXNkek5yc1RIbEZrUnN3bU52ZGpQZ3FMbW5UTWUxelJjbDlibnpZakg4d0trT0Q4TS1nY3RuUU1nd0RqRWNqbXZHdTZDWml1RTYyb01zdXNZc29EUG5salI2QjFydWtuVE1MdFVkTWh1cHM2ZGNMVnRDMmhwX0p4NUpud0hUSmJIRnNvN0UtelZ5VzJXeVItU29FMzg0dkFReGxzUEoxN2ZOSTFOSXZIVnNnelkwdDFLVVlNZUo3UjRoVllnZjc3Wg?oc=5\" target=\"_blank\" rel=\"nofollow noopener\">No Dia da On\u00e7a, Perd confirma 12 felinos vivendo no maior ref\u00fagio da Mata Atl\u00e2ntica em Minas<\/a>&nbsp;&nbsp;Portal Di\u00e1rio do A\u00e7o<\/li>\n<li><a href=\"https:\/\/news.google.com\/rss\/articles\/CBMigAFBVV95cUxQRDhUMW1qTDAyRGhxVEpGdnQ4SmwzQWlNemRzc3RmZUhkTUw1eExHZlVOMWhyRXB2eE10SEw4cXZQUFRUdlp2Y3NfbVVTMmIwbG9INWNkdE5IWjl3bmNMNTNYOUZjNnFWU1dZal9Jb3czVHFwUHF5ZXoxOGVZV2lNRdIBiAFBVV95cUxQSmRFYTBKWTJ3SkJoYlBGdU9ab3lNTTI3S3hhVWZrVWRhbHg4VS1HeExIWll6VkZtcDVVUnlUdzlLQTVjUDRjNGlXMFk3T0xfcEl6QjMzMGdjVmNVa1laZ19zZU1qYUNCRFJ5em5tRFVBSG8yY1pNanF5MWNaU1lsenRZZ0F2Q2hZ?oc=5\" target=\"_blank\" rel=\"nofollow noopener\">Parque que abrigou on\u00e7a-pintada vista em Juiz de Fora ganha destaque com foto no National Geographic; veja<\/a>&nbsp;&nbsp;Tribuna de Minas<\/li>\n<\/ol>\n","protected":false},"excerpt":{"rendered":"As melhores fotos do ano: National Geographic elege as imagens de 2025 \u2013 e traz cliques de brasileiros&hellip;\n","protected":false},"author":2,"featured_media":161252,"comment_status":"","ping_status":"","sticky":false,"template":"","format":"standard","meta":{"footnotes":""},"categories":[144],"tags":[207,205,206,203,201,202,204,114,115,32,33],"class_list":{"0":"post-172394","1":"post","2":"type-post","3":"status-publish","4":"format-standard","5":"has-post-thumbnail","7":"category-arte-e-design","8":"tag-arte","9":"tag-arte-e-design","10":"tag-artedesign","11":"tag-arts","12":"tag-arts-and-design","13":"tag-artsanddesign","14":"tag-design","15":"tag-entertainment","16":"tag-entretenimento","17":"tag-portugal","18":"tag-pt"},"share_on_mastodon":{"url":"https:\/\/pubeurope.com\/@pt\/115646752523189063","error":""},"_links":{"self":[{"href":"https:\/\/www.europesays.com\/pt\/wp-json\/wp\/v2\/posts\/172394","targetHints":{"allow":["GET"]}}],"collection":[{"href":"https:\/\/www.europesays.com\/pt\/wp-json\/wp\/v2\/posts"}],"about":[{"href":"https:\/\/www.europesays.com\/pt\/wp-json\/wp\/v2\/types\/post"}],"author":[{"embeddable":true,"href":"https:\/\/www.europesays.com\/pt\/wp-json\/wp\/v2\/users\/2"}],"replies":[{"embeddable":true,"href":"https:\/\/www.europesays.com\/pt\/wp-json\/wp\/v2\/comments?post=172394"}],"version-history":[{"count":0,"href":"https:\/\/www.europesays.com\/pt\/wp-json\/wp\/v2\/posts\/172394\/revisions"}],"wp:featuredmedia":[{"embeddable":true,"href":"https:\/\/www.europesays.com\/pt\/wp-json\/wp\/v2\/media\/161252"}],"wp:attachment":[{"href":"https:\/\/www.europesays.com\/pt\/wp-json\/wp\/v2\/media?parent=172394"}],"wp:term":[{"taxonomy":"category","embeddable":true,"href":"https:\/\/www.europesays.com\/pt\/wp-json\/wp\/v2\/categories?post=172394"},{"taxonomy":"post_tag","embeddable":true,"href":"https:\/\/www.europesays.com\/pt\/wp-json\/wp\/v2\/tags?post=172394"}],"curies":[{"name":"wp","href":"https:\/\/api.w.org\/{rel}","templated":true}]}}