{"id":172395,"date":"2025-12-01T22:52:12","date_gmt":"2025-12-01T22:52:12","guid":{"rendered":"https:\/\/www.europesays.com\/pt\/172395\/"},"modified":"2025-12-01T22:52:12","modified_gmt":"2025-12-01T22:52:12","slug":"doomsday-deve-ser-lancado-antes-da-data-prevista","status":"publish","type":"post","link":"https:\/\/www.europesays.com\/pt\/172395\/","title":{"rendered":"Doomsday deve ser lan\u00e7ado antes da data prevista"},"content":{"rendered":"<p><a href=\"https:\/\/legadodamarvel.com.br\/filme\/vingadores-doomsday\" rel=\"nofollow noopener\" target=\"_blank\">Vingadores: Doomsday<\/a>, o filme mais aguardado de 2026, est\u00e1 prestes a revelar o seu primeiro trailer, para a alegria de todos os f\u00e3s da Marvel.<\/p>\n<p>A expectativa \u00e9 a maior poss\u00edvel. O seu lan\u00e7amento, inclusive, j\u00e1 est\u00e1 sendo prometido desde o in\u00edcio do m\u00eas de novembro. Ou seja, a espera est\u00e1 sendo longa.<\/p>\n<p>Anteriormente, a primeira informa\u00e7\u00e3o foi de que o trailer seria lan\u00e7ado junto com Avatar: Fogo e Cinzas, marcado para chegar aos cinemas no dia 17 de dezembro. No entanto, agora o est\u00fadio pode lan\u00e7ar a pr\u00e9via com anteced\u00eancia.<\/p>\n<p>Vingadores: Doomsday pode ter trailer antecipado!<\/p>\n<p>Para nossa alegria, h\u00e1 v\u00e1rias rumores surgindo de que o trailer pode ser lan\u00e7ado online antes do dia 17 de dezembro, mas que ele estar\u00e1 anexado \u00e0s c\u00f3pias do novo Avatar.<\/p>\n<p>Por exemplo, segundo o <a href=\"https:\/\/x.com\/BeyondReporter\" rel=\"nofollow\">Beyond Reporter<\/a>, o trailer ser\u00e1 lan\u00e7ado entre o dia 7 e o dia 8. Ou seja, entre o pr\u00f3ximo domingo e a segunda-feira.<\/p>\n<p>Outras fontes, como o <a href=\"https:\/\/x.com\/Cryptic4KQual\" rel=\"nofollow\">Cryptic<\/a>, conhecido por vazar informa\u00e7\u00f5es da Marvel, tamb\u00e9m apontam que Vingadores: Doomsday ter\u00e1 seu trailer lan\u00e7ado neste per\u00edodo.<\/p>\n<p>O que veremos no trailer?<\/p>\n<p>H\u00e1 informa\u00e7\u00f5es, ainda n\u00e3o confirmadas, de que o trailer pode durar apenas 1 minuto. A dura\u00e7\u00e3o faz sentido, afinal o est\u00fadio s\u00f3 lan\u00e7ar\u00e1 o filme em dezembro de 2026. Faltando 1 ano para a estreia, a Marvel pode n\u00e3o querer entregar muita coisa nesta primeira pr\u00e9via.<\/p>\n<p>De qualquer forma, um grande foco do trailer dever\u00e1 ser a apresenta\u00e7\u00e3o do Doutor Destino. O vil\u00e3o vivido por <a href=\"https:\/\/legadodamarvel.com.br\/tag\/robert-downey-jr\" rel=\"nofollow noopener\" target=\"_blank\">Robert Downey Jr.<\/a> ser\u00e1 o grande antagonista do filme, e \u00e9 o maior motivo de curiosidade.<\/p>\n<p>Al\u00e9m disso, outro ponto de destaque pode ser a participa\u00e7\u00e3o dos X-Men. O grupo tamb\u00e9m deve brilhar em Vingadores: Doomsday, e seria \u00f3timo v\u00ea-los com destaque no trailer.<\/p>\n<p><strong>LEIA TAMB\u00c9M:<\/strong><\/p>\n<p>O que acharam? Deixe sua opini\u00e3o nos coment\u00e1rios e, por fim, continue acompanhando o\u00a0<strong>Legado da Marvel\u00a0<\/strong>para n\u00e3o perder nenhuma novidade!<\/p>\n","protected":false},"excerpt":{"rendered":"Vingadores: Doomsday, o filme mais aguardado de 2026, est\u00e1 prestes a revelar o seu primeiro trailer, para a&hellip;\n","protected":false},"author":2,"featured_media":172396,"comment_status":"","ping_status":"","sticky":false,"template":"","format":"standard","meta":{"footnotes":""},"categories":[140],"tags":[114,115,147,148,146,32,33,14176],"class_list":{"0":"post-172395","1":"post","2":"type-post","3":"status-publish","4":"format-standard","5":"has-post-thumbnail","7":"category-filmes","8":"tag-entertainment","9":"tag-entretenimento","10":"tag-film","11":"tag-filmes","12":"tag-movies","13":"tag-portugal","14":"tag-pt","15":"tag-vingadores-doomsday"},"share_on_mastodon":{"url":"https:\/\/pubeurope.com\/@pt\/115646768430260010","error":""},"_links":{"self":[{"href":"https:\/\/www.europesays.com\/pt\/wp-json\/wp\/v2\/posts\/172395","targetHints":{"allow":["GET"]}}],"collection":[{"href":"https:\/\/www.europesays.com\/pt\/wp-json\/wp\/v2\/posts"}],"about":[{"href":"https:\/\/www.europesays.com\/pt\/wp-json\/wp\/v2\/types\/post"}],"author":[{"embeddable":true,"href":"https:\/\/www.europesays.com\/pt\/wp-json\/wp\/v2\/users\/2"}],"replies":[{"embeddable":true,"href":"https:\/\/www.europesays.com\/pt\/wp-json\/wp\/v2\/comments?post=172395"}],"version-history":[{"count":0,"href":"https:\/\/www.europesays.com\/pt\/wp-json\/wp\/v2\/posts\/172395\/revisions"}],"wp:featuredmedia":[{"embeddable":true,"href":"https:\/\/www.europesays.com\/pt\/wp-json\/wp\/v2\/media\/172396"}],"wp:attachment":[{"href":"https:\/\/www.europesays.com\/pt\/wp-json\/wp\/v2\/media?parent=172395"}],"wp:term":[{"taxonomy":"category","embeddable":true,"href":"https:\/\/www.europesays.com\/pt\/wp-json\/wp\/v2\/categories?post=172395"},{"taxonomy":"post_tag","embeddable":true,"href":"https:\/\/www.europesays.com\/pt\/wp-json\/wp\/v2\/tags?post=172395"}],"curies":[{"name":"wp","href":"https:\/\/api.w.org\/{rel}","templated":true}]}}