{"id":172401,"date":"2025-12-01T22:58:27","date_gmt":"2025-12-01T22:58:27","guid":{"rendered":"https:\/\/www.europesays.com\/pt\/172401\/"},"modified":"2025-12-01T22:58:27","modified_gmt":"2025-12-01T22:58:27","slug":"nova-aposta-da-nvidia-mira-robos-e-direcao-autonoma","status":"publish","type":"post","link":"https:\/\/www.europesays.com\/pt\/172401\/","title":{"rendered":"Nova aposta da Nvidia mira rob\u00f4s e dire\u00e7\u00e3o aut\u00f4noma"},"content":{"rendered":"<p>Modelo de linguagem visual da empresa inaugura fase em que m\u00e1quinas passam a interpretar o mundo como humanos<\/p>\n<p><img decoding=\"async\" src=\"https:\/\/www.europesays.com\/pt\/wp-content\/uploads\/2025\/12\/nvidia-1920x1080.jpg\" class=\"attachment-banner size-banner\" alt=\"nvidia\" loading=\"eager\" fetchpriority=\"high\" width=\"1920\" height=\"1080\"\/><br \/>\n\t\t\t(Imagem:  JRdes \/ Shutterstock.com)<\/p>\n<p>Compartilhe esta mat\u00e9ria<\/p>\n<p class=\"fitec-embcmp\"><a href=\"https:\/\/profile.google.com\/cp\/CgsvZy8xMjFqY2oxMw\" target=\"_blank\" class=\"ftecmp-button\" rel=\"nofollow noopener\">Siga o Olhar Digital no Google Discover<\/a><\/p>\n<p>\t\t\t\t\t<img decoding=\"async\" src=\"https:\/\/www.europesays.com\/pt\/wp-content\/uploads\/2025\/09\/inteligencia-artificial.jpg\" width=\"250\" height=\"250\" alt=\"Intelig\u00eancia artificial\" loading=\"lazy\"\/><\/p>\n<p>Tudo sobre Intelig\u00eancia Artificial<\/p>\n<p>A <a href=\"https:\/\/olhardigital.com.br\/tag\/nvidia\/\" target=\"_blank\" rel=\"noreferrer noopener nofollow\">Nvidia<\/a> <a href=\"https:\/\/blogs.nvidia.com\/blog\/neurips-open-source-digital-physical-ai\/\" target=\"_blank\" rel=\"noreferrer noopener nofollow\">anunciou<\/a> nesta segunda-feira (1) um conjunto de novos modelos e ferramentas voltados para infraestrutura e intelig\u00eancia artificial, refor\u00e7ando sua aposta na chamada IA f\u00edsica \u2014 sistemas capazes de perceber e interagir com o mundo real.<\/p>\n<p>O destaque \u00e9 o Alpamayo-R1, apresentado durante a confer\u00eancia NeurIPS AI, em San Diego, nos Estados Unidos. Segundo a empresa, trata-se do primeiro modelo de linguagem visual criado especificamente para pesquisa em dire\u00e7\u00e3o aut\u00f4noma.<\/p>\n<p><img loading=\"lazy\" decoding=\"async\" width=\"1024\" height=\"682\" src=\"https:\/\/www.europesays.com\/pt\/wp-content\/uploads\/2025\/12\/nvidia-1-1024x682.jpg\" alt=\"Logo da Nvidia\" class=\"wp-image-1138947\"  \/>Empresa libera modelo especializado em dire\u00e7\u00e3o aut\u00f4noma e expande o ecossistema Cosmos (Imagem: Mamun_Sheikh\/Shutterstock)Avan\u00e7o para opera\u00e7\u00f5es aut\u00f4nomas<\/p>\n<ul>\n<li>Modelos de linguagem visual combinam an\u00e1lise de texto e imagens, permitindo que ve\u00edculos \u201cenxerguem\u201d o ambiente e tomem decis\u00f5es de navega\u00e7\u00e3o.<\/li>\n<li>O Alpamayo-R1 \u00e9 baseado no Cosmos Reason, modelo de racioc\u00ednio lan\u00e7ado pela Nvidia em 2025, projetado para avaliar cen\u00e1rios de forma mais cautelosa antes de gerar uma resposta.<\/li>\n<li>A tecnologia \u00e9 vista como essencial para empresas que buscam atingir o n\u00edvel 4 de autonomia \u2014 opera\u00e7\u00e3o totalmente aut\u00f4noma em \u00e1reas e condi\u00e7\u00f5es previamente definidas.<\/li>\n<\/ul>\n<p><strong>Leia mais:<\/strong><\/p>\n<p><img loading=\"lazy\" decoding=\"async\" width=\"1024\" height=\"682\" src=\"https:\/\/www.europesays.com\/pt\/wp-content\/uploads\/2025\/12\/nvidia2-1024x682.jpg\" alt=\"Logo da Nvidia\" class=\"wp-image-1014182\"  \/>Nvidia quer criar \u201co c\u00e9rebro dos rob\u00f4s\u201d com novo modelo de IA \u2013 Imagem: Mamun_Sheikh\/Shutterstock<\/p>\n<p>A Nvidia afirma que sistemas como o Alpamayo-R1 podem dar aos ve\u00edculos o \u201csenso comum\u201d necess\u00e1rio para lidar com situa\u00e7\u00f5es complexas de dire\u00e7\u00e3o, aproximando o comportamento das m\u00e1quinas do racioc\u00ednio humano. O modelo j\u00e1 est\u00e1 dispon\u00edvel no GitHub e no Hugging Face.<\/p>\n<p>Al\u00e9m dele, a empresa liberou novos guias, fluxos de trabalho de p\u00f3s-treinamento e recursos de infer\u00eancia, reunidos no Cosmos Cookbook, que orienta desde a curadoria de dados at\u00e9 a gera\u00e7\u00e3o de dados sint\u00e9ticos.<\/p>\n<p>IA f\u00edsica ganha for\u00e7a<\/p>\n<p>Os an\u00fancios refletem o investimento crescente da Nvidia em IA f\u00edsica. O CEO Jensen Huang tem destacado que esta ser\u00e1 a pr\u00f3xima grande etapa da intelig\u00eancia artificial.<\/p>\n<p>Bill Dally, cientista-chefe da empresa, refor\u00e7ou a vis\u00e3o ao <a href=\"https:\/\/techcrunch.com\/2025\/12\/01\/nvidia-announces-new-open-ai-models-and-tools-for-autonomous-driving-research\/\" target=\"_blank\" rel=\"noreferrer noopener nofollow\">TechCrunch<\/a>: \u201cOs rob\u00f4s ter\u00e3o um papel fundamental no mundo \u2014 e queremos criar os c\u00e9rebros de todos eles.\u201d<\/p>\n<p><img loading=\"lazy\" decoding=\"async\" width=\"1000\" height=\"667\" src=\"https:\/\/www.europesays.com\/pt\/wp-content\/uploads\/2025\/12\/Nvidia.jpg\" alt=\"Nvidia\" class=\"wp-image-442650\"  \/>Com o Alpamayo-R1, Nvidia busca colocar ve\u00edculos mais perto da autonomia total \u2013 Imagem: Ralf Liebhold\/Shutterstock<br \/>\n\t\t\t\t\t&#13;<br \/>\n\t\t\t\t\t&#13;<\/p>\n<p>\t\t\t\t\t\t<img decoding=\"async\" src=\"https:\/\/www.europesays.com\/pt\/wp-content\/uploads\/2025\/10\/Leandro-Criscuolo-150x150.jpg\" width=\"150\" height=\"150\" alt=\"Leandro Costa Criscuolo\" loading=\"lazy\"\/><\/p>\n<p>Colabora\u00e7\u00e3o para o Olhar Digital<\/p>\n<p>Leandro Criscuolo \u00e9 jornalista formado pela Faculdade C\u00e1sper L\u00edbero. J\u00e1 atuou como copywriter, analista de marketing digital e gestor de redes sociais. Atualmente, escreve para o Olhar Digital.<\/p>\n<p>\t\t\t\t\t\t<img decoding=\"async\" src=\"https:\/\/www.europesays.com\/pt\/wp-content\/uploads\/2025\/08\/Layse-Ventura-150x150.jpg\" width=\"150\" height=\"150\" alt=\"Layse Ventura\" loading=\"lazy\"\/><\/p>\n<p>Editor(a) SEO<\/p>\n<p>\t\t\t\t\t\t\t\t\t\t\t\t\t<a href=\"https:\/\/www.linkedin.com\/in\/layseventura\/\" target=\"_blank\" rel=\"noopener nofollow\" title=\"Layse Ventura no LinkedIn\">&#13;<br \/>\n\t\t\t\t\t\t\t\t<img decoding=\"async\" src=\"https:\/\/img.odcdn.com.br\/wp-content\/uploads\/icons\/author-linkedin.svg\" alt=\"Layse Ventura no LinkedIn\" width=\"24\" height=\"24\" loading=\"lazy\"\/>&#13;<br \/>\n\t\t\t\t\t\t\t<\/a><\/p>\n<p>Layse Ventura \u00e9 jornalista (Uerj), mestre em Engenharia e Gest\u00e3o do Conhecimento (Ufsc) e p\u00f3s-graduada em BI (Conquer). Acumula quase 20 anos de experi\u00eancia como rep\u00f3rter, copywriter e SEO.<\/p>\n<p>\t\t\t\t&#13;<br \/>\n\t\t\t\t\t&#13;<\/p>\n","protected":false},"excerpt":{"rendered":"Modelo de linguagem visual da empresa inaugura fase em que m\u00e1quinas passam a interpretar o mundo como humanos&hellip;\n","protected":false},"author":2,"featured_media":172402,"comment_status":"","ping_status":"","sticky":false,"template":"","format":"standard","meta":{"footnotes":""},"categories":[84],"tags":[109,107,108,32,33,105,103,104,106,110],"class_list":{"0":"post-172401","1":"post","2":"type-post","3":"status-publish","4":"format-standard","5":"has-post-thumbnail","7":"category-ciencia-e-tecnologia","8":"tag-ciencia","9":"tag-ciencia-e-tecnologia","10":"tag-cienciaetecnologia","11":"tag-portugal","12":"tag-pt","13":"tag-science","14":"tag-science-and-technology","15":"tag-scienceandtechnology","16":"tag-technology","17":"tag-tecnologia"},"share_on_mastodon":{"url":"https:\/\/pubeurope.com\/@pt\/115646792813317022","error":""},"_links":{"self":[{"href":"https:\/\/www.europesays.com\/pt\/wp-json\/wp\/v2\/posts\/172401","targetHints":{"allow":["GET"]}}],"collection":[{"href":"https:\/\/www.europesays.com\/pt\/wp-json\/wp\/v2\/posts"}],"about":[{"href":"https:\/\/www.europesays.com\/pt\/wp-json\/wp\/v2\/types\/post"}],"author":[{"embeddable":true,"href":"https:\/\/www.europesays.com\/pt\/wp-json\/wp\/v2\/users\/2"}],"replies":[{"embeddable":true,"href":"https:\/\/www.europesays.com\/pt\/wp-json\/wp\/v2\/comments?post=172401"}],"version-history":[{"count":0,"href":"https:\/\/www.europesays.com\/pt\/wp-json\/wp\/v2\/posts\/172401\/revisions"}],"wp:featuredmedia":[{"embeddable":true,"href":"https:\/\/www.europesays.com\/pt\/wp-json\/wp\/v2\/media\/172402"}],"wp:attachment":[{"href":"https:\/\/www.europesays.com\/pt\/wp-json\/wp\/v2\/media?parent=172401"}],"wp:term":[{"taxonomy":"category","embeddable":true,"href":"https:\/\/www.europesays.com\/pt\/wp-json\/wp\/v2\/categories?post=172401"},{"taxonomy":"post_tag","embeddable":true,"href":"https:\/\/www.europesays.com\/pt\/wp-json\/wp\/v2\/tags?post=172401"}],"curies":[{"name":"wp","href":"https:\/\/api.w.org\/{rel}","templated":true}]}}