{"id":172410,"date":"2025-12-01T23:10:43","date_gmt":"2025-12-01T23:10:43","guid":{"rendered":"https:\/\/www.europesays.com\/pt\/172410\/"},"modified":"2025-12-01T23:10:43","modified_gmt":"2025-12-01T23:10:43","slug":"antiga-capita-do-benfica-revela-como-descobriu-nodulo-maligno-no-rim","status":"publish","type":"post","link":"https:\/\/www.europesays.com\/pt\/172410\/","title":{"rendered":"Antiga capit\u00e3 do Benfica revela como descobriu n\u00f3dulo maligno no rim"},"content":{"rendered":"<p>Ana Lopes, conhecida no mundo do futebol feminino por Tita, revelou, esta segunda-feira, como infe\u00e7\u00f5es urin\u00e1rias recorrentes a levaram, recentemente, a descobrir um n\u00f3dulo maligno no rim. A antiga jogadora do Benfica, de 36 anos, que terminou a carreira h\u00e1 quatro anos, explicou a situa\u00e7\u00e3o atrav\u00e9s de uma publica\u00e7\u00e3o no Instagram.<\/p>\n<p>            <img decoding=\"async\" src=\"https:\/\/www.europesays.com\/pt\/wp-content\/uploads\/2025\/12\/5ec4919e-8a02-40a2-b4cd-ad36f77f971a.jpg\" alt=\"\" width=\"620\" class=\"w-full object-cover\"\/><\/p>\n<p>                    Tita (esq.) a jogar pelo Torreense frente ao Benfica, em 2021\/22 &#8211; Foto: A BOLA<\/p>\n<p>\u00abTodos os anos andava a ter uma infe\u00e7\u00e3o urin\u00e1ria, e o que me diziam \u00e9 que era normal nas mulheres a partir dos 30 anos. Mas eu n\u00e3o achava normal porque at\u00e9 me considero uma pessoa saud\u00e1vel! Fa\u00e7o an\u00e1lises regularmente e nunca apareceu nada!!! Por sorte, pedi a uma amiga minha que \u00e9 m\u00e9dica que me passasse uma ecografia renal e a\u00ed apareceu um angiomiolipoma (diziam para n\u00e3o me preocupar porque h\u00e1 muita gente com isso, que era s\u00f3 apenas gordura, fibras e m\u00fasculos, mas que no meu caso j\u00e1 com dimens\u00f5es avan\u00e7adas, 34 mil\u00edmetros). Na semana seguinte, fiz uma TAC com contraste e apareceu logo n\u00f3dulo com caracter\u00edsticas malignas de 40 mil\u00edmetros)\u00bb, pode ler-se na publica\u00e7\u00e3o, onde recebeu dezenas de coment\u00e1rios de incentivo v\u00e1rios seguidores.<\/p>\n<p>\u00abAlguns m\u00e9dicos chamaram a isto de &#8216;achadoma&#8217;, como quem diz que foi um achado porque, segundo diz a medicina, para bom portugu\u00eas o cu n\u00e3o tem que ver com as cal\u00e7as, supostamente os sintomas disto nem s\u00e3o a infe\u00e7\u00e3o urin\u00e1ria !!! S\u00e3o mais fadiga, dores fortes na lombar, sangue na urina, ficar dias sem urinar. Eu n\u00e3o tinha nada disto! Pelo sim, pelo n\u00e3o, se costumas fazer infe\u00e7\u00f5es recorrentes pede l\u00e1 uma ecografiazita!\u00bb, termina a antiga futebolista.<\/p>\n<p>A antiga defesa-central, 9 vezes internacional A por Portugal, foi contratada pelo Benfica ao Uni\u00e3o Ferreirense em 2018 para integrar o projeto de futebol feminino que arrancou na \u00e9poca seguinte nas \u00e1guias. Representou ainda\u00a0Cadima, Ouriense, Uni\u00e3o Ferreirense, Condeixa e Torreense, tendo terminado a carreira ao servi\u00e7o da equipa oestina em 2021\/22.<\/p>\n","protected":false},"excerpt":{"rendered":"Ana Lopes, conhecida no mundo do futebol feminino por Tita, revelou, esta segunda-feira, como infe\u00e7\u00f5es urin\u00e1rias recorrentes a&hellip;\n","protected":false},"author":2,"featured_media":172411,"comment_status":"","ping_status":"","sticky":false,"template":"","format":"standard","meta":{"footnotes":""},"categories":[87],"tags":[135,32,33,134],"class_list":{"0":"post-172410","1":"post","2":"type-post","3":"status-publish","4":"format-standard","5":"has-post-thumbnail","7":"category-desporto","8":"tag-desporto","9":"tag-portugal","10":"tag-pt","11":"tag-sports"},"share_on_mastodon":{"url":"https:\/\/pubeurope.com\/@pt\/115646839207939685","error":""},"_links":{"self":[{"href":"https:\/\/www.europesays.com\/pt\/wp-json\/wp\/v2\/posts\/172410","targetHints":{"allow":["GET"]}}],"collection":[{"href":"https:\/\/www.europesays.com\/pt\/wp-json\/wp\/v2\/posts"}],"about":[{"href":"https:\/\/www.europesays.com\/pt\/wp-json\/wp\/v2\/types\/post"}],"author":[{"embeddable":true,"href":"https:\/\/www.europesays.com\/pt\/wp-json\/wp\/v2\/users\/2"}],"replies":[{"embeddable":true,"href":"https:\/\/www.europesays.com\/pt\/wp-json\/wp\/v2\/comments?post=172410"}],"version-history":[{"count":0,"href":"https:\/\/www.europesays.com\/pt\/wp-json\/wp\/v2\/posts\/172410\/revisions"}],"wp:featuredmedia":[{"embeddable":true,"href":"https:\/\/www.europesays.com\/pt\/wp-json\/wp\/v2\/media\/172411"}],"wp:attachment":[{"href":"https:\/\/www.europesays.com\/pt\/wp-json\/wp\/v2\/media?parent=172410"}],"wp:term":[{"taxonomy":"category","embeddable":true,"href":"https:\/\/www.europesays.com\/pt\/wp-json\/wp\/v2\/categories?post=172410"},{"taxonomy":"post_tag","embeddable":true,"href":"https:\/\/www.europesays.com\/pt\/wp-json\/wp\/v2\/tags?post=172410"}],"curies":[{"name":"wp","href":"https:\/\/api.w.org\/{rel}","templated":true}]}}