{"id":172414,"date":"2025-12-01T23:14:09","date_gmt":"2025-12-01T23:14:09","guid":{"rendered":"https:\/\/www.europesays.com\/pt\/172414\/"},"modified":"2025-12-01T23:14:09","modified_gmt":"2025-12-01T23:14:09","slug":"presidente-da-fiesc-recebe-homenagem-da-camara-de-florianopolis","status":"publish","type":"post","link":"https:\/\/www.europesays.com\/pt\/172414\/","title":{"rendered":"Presidente da FIESC recebe homenagem da C\u00e2mara de Florian\u00f3polis"},"content":{"rendered":"<p><strong>Florian\u00f3polis, 1\u00b0.12.2025<\/strong> \u2013 O presidente da FIESC, Gilberto Seleme, foi homenageado pela C\u00e2mara de Vereadores de Florian\u00f3polis com o Trof\u00e9u Celso Ramos, durante solenidade nesta segunda-feira, dia 1\u00b0, na capital. O reconhecimento foi uma indica\u00e7\u00e3o do presidente da C\u00e2mara, Jo\u00e3o Cobalchini, e \u00e9 entregue a pessoas com destaque nas \u00e1reas p\u00fablica, empresarial ou pol\u00edtica no munic\u00edpio ou em SC.<\/p>\n<p>\u201cMe sinto honrado em receber essa distin\u00e7\u00e3o que leva o nome do fundador e primeiro presidente da FIESC, o vision\u00e1rio Celso Ramos, que foi l\u00edder empresarial e pol\u00edtico. Mais do que uma homenagem pessoal, o trof\u00e9u reconhece a for\u00e7a da ind\u00fastria catarinense e o trabalho que temos realizado em prol do setor e da sociedade\u201d, disse Seleme, destacando \u00e1reas como educa\u00e7\u00e3o, sa\u00fade e seguran\u00e7a e infraestrutura.<\/p>\n<p><strong>Perfil:<\/strong> Engenheiro civil e administrador de empresas, Seleme \u00e9 empres\u00e1rio dos setores de madeira, couro, constru\u00e7\u00e3o civil e do agroneg\u00f3cio. Tamb\u00e9m \u00e9 diretor e delegado da Confedera\u00e7\u00e3o Nacional da Ind\u00fastria (CNI) e membro do Conselho Estrat\u00e9gico da FIESC. Integra a diretoria da Associa\u00e7\u00e3o Empresarial de Ca\u00e7ador (ACIC), \u00e9 membro do Sindicato da Ind\u00fastria da Madeira de Ca\u00e7ador &#8211; do qual foi fundador e primeiro presidente -, al\u00e9m de integrar o Conselho Consultivo do Hospital Maic\u00e9, de Ca\u00e7ador.<\/p>\n<p>Ao longo de sua trajet\u00f3ria, tamb\u00e9m foi 1\u00ba vice-presidente e vice-presidente para a regi\u00e3o Centro-Norte da FIESC, membro da diretoria da Associa\u00e7\u00e3o de Servi\u00e7os Sociais Volunt\u00e1rios de Ca\u00e7ador (Bombeiros Volunt\u00e1rios) e integrante da diretoria da UnC-Ca\u00e7ador. Foi presidente da Funda\u00e7\u00e3o Universidade Alto Vale do Rio do Peixe \u2013 FUNIARP, tendo presidido seu conselho consultivo e integrado o conselho curador da institui\u00e7\u00e3o.<br \/>\u00a0<\/p>\n","protected":false},"excerpt":{"rendered":"Florian\u00f3polis, 1\u00b0.12.2025 \u2013 O presidente da FIESC, Gilberto Seleme, foi homenageado pela C\u00e2mara de Vereadores de Florian\u00f3polis com&hellip;\n","protected":false},"author":2,"featured_media":172415,"comment_status":"","ping_status":"","sticky":false,"template":"","format":"standard","meta":{"footnotes":""},"categories":[84],"tags":[109,107,108,32,33,105,103,104,106,110],"class_list":{"0":"post-172414","1":"post","2":"type-post","3":"status-publish","4":"format-standard","5":"has-post-thumbnail","7":"category-ciencia-e-tecnologia","8":"tag-ciencia","9":"tag-ciencia-e-tecnologia","10":"tag-cienciaetecnologia","11":"tag-portugal","12":"tag-pt","13":"tag-science","14":"tag-science-and-technology","15":"tag-scienceandtechnology","16":"tag-technology","17":"tag-tecnologia"},"share_on_mastodon":{"url":"https:\/\/pubeurope.com\/@pt\/115646854780544545","error":""},"_links":{"self":[{"href":"https:\/\/www.europesays.com\/pt\/wp-json\/wp\/v2\/posts\/172414","targetHints":{"allow":["GET"]}}],"collection":[{"href":"https:\/\/www.europesays.com\/pt\/wp-json\/wp\/v2\/posts"}],"about":[{"href":"https:\/\/www.europesays.com\/pt\/wp-json\/wp\/v2\/types\/post"}],"author":[{"embeddable":true,"href":"https:\/\/www.europesays.com\/pt\/wp-json\/wp\/v2\/users\/2"}],"replies":[{"embeddable":true,"href":"https:\/\/www.europesays.com\/pt\/wp-json\/wp\/v2\/comments?post=172414"}],"version-history":[{"count":0,"href":"https:\/\/www.europesays.com\/pt\/wp-json\/wp\/v2\/posts\/172414\/revisions"}],"wp:featuredmedia":[{"embeddable":true,"href":"https:\/\/www.europesays.com\/pt\/wp-json\/wp\/v2\/media\/172415"}],"wp:attachment":[{"href":"https:\/\/www.europesays.com\/pt\/wp-json\/wp\/v2\/media?parent=172414"}],"wp:term":[{"taxonomy":"category","embeddable":true,"href":"https:\/\/www.europesays.com\/pt\/wp-json\/wp\/v2\/categories?post=172414"},{"taxonomy":"post_tag","embeddable":true,"href":"https:\/\/www.europesays.com\/pt\/wp-json\/wp\/v2\/tags?post=172414"}],"curies":[{"name":"wp","href":"https:\/\/api.w.org\/{rel}","templated":true}]}}