{"id":172426,"date":"2025-12-01T23:31:29","date_gmt":"2025-12-01T23:31:29","guid":{"rendered":"https:\/\/www.europesays.com\/pt\/172426\/"},"modified":"2025-12-01T23:31:29","modified_gmt":"2025-12-01T23:31:29","slug":"ministro-da-defesa-destaca-maior-investimento-de-uma-vez-so-nas-forcas-armadas-governo","status":"publish","type":"post","link":"https:\/\/www.europesays.com\/pt\/172426\/","title":{"rendered":"Ministro da Defesa destaca \u201cmaior investimento de uma vez s\u00f3\u201d nas For\u00e7as Armadas | Governo"},"content":{"rendered":"<p>O ministro da Defesa destacou esta segunda-feira o &#8220;maior investimento de uma vez s\u00f3&#8221; nas For\u00e7as Armadas nas cerim\u00f3nias do 1.\u00ba de Dezembro, a \u00faltima de Marcelo Rebelo de Sousa, que ouviu palavras de desagrado de um grupo de nacionalistas.<\/p>\n<p>Nuno Melo referia-se \u00e0 candidatura formal de Portugal ao <a href=\"https:\/\/www.publico.pt\/2025\/11\/28\/politica\/noticia\/governo-aprova-financiamento-europeu-58-mil-milhoes-forcas-armadas-2156416\" rel=\"nofollow noopener\" target=\"_blank\">programa europeu de empr\u00e9stimos para a Defesa SAFE<\/a>, no valor de 5,8 mil milh\u00f5es de euros, aprovada na sexta-feira em Conselho de Ministros.<\/p>\n<p>&#8220;\u00c9 o maior investimento de uma vez s\u00f3 nas For\u00e7as Armadas, dotando-as de equipamentos que s\u00e3o absolutamente necess\u00e1rios para o cumprimento das miss\u00f5es dentro e fora de Portugal&#8221;, afirmou o ministro da Defesa, que representou o primeiro-ministro nas cerim\u00f3nias comemorativas da Restaura\u00e7\u00e3o da Independ\u00eancia de Portugal, nos Restauradores (em Lisboa).<\/p>\n<p>Pouco depois, o presidente da direc\u00e7\u00e3o da Sociedade Hist\u00f3rica da Independ\u00eancia de Portugal, Jos\u00e9 Ribeiro e Castro, tinha deixado cr\u00edticas \u00e0s poucas verbas destinadas a esta entidade \u2014 &#8220;meio sal\u00e1rio m\u00ednimo por m\u00eas&#8221; \u2014, um problema que disse estender-se desde aos governos PS, mas que n\u00e3o mudou no actual do PSD\/CDS-PP. &#8220;Desta vez tamb\u00e9m tenho culpa, que votei AD&#8221;, afirmou, lamentando tamb\u00e9m ainda n\u00e3o ter conseguido ser recebido pelo primeiro-ministro, Lu\u00eds Montenegro.<\/p>\n<p>O <a href=\"https:\/\/www.publico.pt\/2022\/12\/01\/politica\/noticia\/ribeiro-castro-patriotismo-intenso-diaspora-2029588\" rel=\"nofollow noopener\" target=\"_blank\">antigo l\u00edder do CDS-PP<\/a> relatou, na sua interven\u00e7\u00e3o, uma conversa que disse ter tido esta manh\u00e3 com uma popular nos Restauradores, na qual ela lhe manifestou estranheza pela aus\u00eancia do primeiro-ministro, que tamb\u00e9m n\u00e3o esteve presente nas cerim\u00f3nias do ano passado.<\/p>\n<p>Marcelo Rebelo de Sousa que, como \u00e9 habitual n\u00e3o discursou na cerim\u00f3nia, dirigiu-se no final a uma das laterais da Pra\u00e7a dos Restauradores para cumprimentar membros uma associa\u00e7\u00e3o amigos de Oliven\u00e7a.<\/p>\n<p>No entanto, ao lado estavam outros populares (cerca de uma dezena) com uma faixa onde lia &#8220;portugueses primeiro&#8221;, que aproveitaram a proximidade do chefe de Estado para lhe deixarem algumas palavras de desagrado.<\/p>\n<p>&#8220;Estou muito feliz que vai terminar o seu consulado e vai-se embora do pa\u00eds&#8221;, disse um deles, com outro a confront\u00e1-lo com o casos de alegado favorecimento a <a href=\"https:\/\/www.publico.pt\/2023\/12\/04\/politica\/noticia\/marcelo-afasta-intervencao-caso-gemeas-envia-mails-internos-pgr-2072532\" rel=\"nofollow noopener\" target=\"_blank\">duas crian\u00e7as g\u00e9meas no Servi\u00e7o Nacional de Sa\u00fade,<\/a> um incidente que durou breves momentos antes de o chefe de Estado entrar no carro.<\/p>\n<p>Na sua interven\u00e7\u00e3o, Nuno Melo aproveitou para responder que o Governo esteve representado &#8220;como um todo&#8221; e, no final, negou haver qualquer melindre com estas palavras.<\/p>\n<p>O ministro da Defesa Nacional destacou a grandeza dos que recuperaram a independ\u00eancia pol\u00edtica do pa\u00eds e considerou que esta grandeza se encontra, no Portugal contempor\u00e2neo, ainda nos antigos combatentes vivos e nos militares das For\u00e7as Armadas, quer dos actuais, quer dos que fizeram o 25 de Abril e o 25 de Novembro.<\/p>\n<p>&#8220;As For\u00e7as Armadas s\u00e3o hoje legat\u00e1rias do esp\u00edrito do 1.\u00ba de Dezembro, porque s\u00e3o a manifesta\u00e7\u00e3o viva de todas as conquistas, a ess\u00eancia da na\u00e7\u00e3o portuguesa, a primeira express\u00e3o de soberania e a \u00faltima fronteira da nossa independ\u00eancia&#8221;, exaltou, alargando este &#8220;esp\u00edrito de grandeza&#8221; aos profissionais de sa\u00fade, professores, agricultores, for\u00e7as de seguran\u00e7a, empres\u00e1rios ou desportistas.<\/p>\n<p>Nuno Melo remeteu para os pr\u00f3ximos dias mais detalhes sobre os <a href=\"https:\/\/www.publico.pt\/2025\/11\/28\/politica\/noticia\/governo-aprova-financiamento-europeu-58-mil-milhoes-forcas-armadas-2156416\" rel=\"nofollow noopener\" target=\"_blank\">equipamentos em que Portugal investir\u00e1 no \u00e2mbito deste programa<\/a> europeu para a pr\u00f3xima d\u00e9cada, e tamb\u00e9m sobre os juros a pagar, dizendo tratar-se de &#8220;navios, ve\u00edculos blindados, sat\u00e9lites, muni\u00e7\u00f5es, drones&#8221;.<\/p>\n<p>&#8220;Ser\u00e3o investimentos em todos os dom\u00ednios, terra, mar, ar e espa\u00e7o (&#8230;) Tudo aquilo que \u00e9 absolutamente necess\u00e1rio em For\u00e7as Armadas, que tem grande parte do seu equipamento j\u00e1 muito ultrapassado, em fim de ciclo, e este esfor\u00e7o \u00e9 determinante&#8221;, afirmou.<\/p>\n<p>Tamb\u00e9m o presidente da C\u00e2mara Municipal de Lisboa, Carlos Moedas, discursou na cerim\u00f3nia, voltando a alertar que s\u00e3o &#8220;as disson\u00e2ncias entre os pol\u00edticos e o que as pessoas pensam&#8221; que geram incompreens\u00e3o e d\u00e3o origem aos populismos.<\/p>\n<p>&#8220;O 1.\u00ba de Dezembro foi o momento em que as elites voltaram a escutar as pessoas&#8221;, destacou, defendendo que na vida pol\u00edtica &#8220;\u00e9 preciso coragem&#8221; de falar, por vezes, contra &#8220;a bolha pol\u00edtico-medi\u00e1tica&#8221; como disse ter sido o seu caso quando alertou h\u00e1 alguns anos para &#8220;a desregula\u00e7\u00e3o na imigra\u00e7\u00e3o&#8221;.<\/p>\n<p>Moedas elogiou o exemplo do Presidente da Rep\u00fablica de &#8220;proximidade com as pessoas&#8221;, e agradeceu-lhe &#8220;o muito que aprendeu&#8221; com ele, neste \u00faltimo 1.\u00ba de Dezembro a que presidiu, j\u00e1 que haver\u00e1 novo chefe de Estado a partir de 9 de Mar\u00e7o.<\/p>\n","protected":false},"excerpt":{"rendered":"O ministro da Defesa destacou esta segunda-feira o &#8220;maior investimento de uma vez s\u00f3&#8221; nas For\u00e7as Armadas nas&hellip;\n","protected":false},"author":2,"featured_media":172427,"comment_status":"","ping_status":"","sticky":false,"template":"","format":"standard","meta":{"footnotes":""},"categories":[10],"tags":[11507,27,28,3766,15,16,6293,301,14,25,26,21,22,588,12,13,19,20,7219,52,32,1963,23,24,455,4579,33,17,18,29,30,31],"class_list":{"0":"post-172426","1":"post","2":"type-post","3":"status-publish","4":"format-standard","5":"has-post-thumbnail","7":"category-portugal","8":"tag-ad","9":"tag-breaking-news","10":"tag-breakingnews","11":"tag-carlos-moedas","12":"tag-featured-news","13":"tag-featurednews","14":"tag-forcas-armadas","15":"tag-governo","16":"tag-headlines","17":"tag-latest-news","18":"tag-latestnews","19":"tag-main-news","20":"tag-mainnews","21":"tag-marcelo-rebelo-de-sousa","22":"tag-news","23":"tag-noticias","24":"tag-noticias-principais","25":"tag-noticiasprincipais","26":"tag-nuno-melo","27":"tag-politica","28":"tag-portugal","29":"tag-presidente-da-republica","30":"tag-principais-noticias","31":"tag-principaisnoticias","32":"tag-ps","33":"tag-psd","34":"tag-pt","35":"tag-top-stories","36":"tag-topstories","37":"tag-ultimas","38":"tag-ultimas-noticias","39":"tag-ultimasnoticias"},"share_on_mastodon":{"url":"","error":"Validation failed: Text character limit of 500 exceeded"},"_links":{"self":[{"href":"https:\/\/www.europesays.com\/pt\/wp-json\/wp\/v2\/posts\/172426","targetHints":{"allow":["GET"]}}],"collection":[{"href":"https:\/\/www.europesays.com\/pt\/wp-json\/wp\/v2\/posts"}],"about":[{"href":"https:\/\/www.europesays.com\/pt\/wp-json\/wp\/v2\/types\/post"}],"author":[{"embeddable":true,"href":"https:\/\/www.europesays.com\/pt\/wp-json\/wp\/v2\/users\/2"}],"replies":[{"embeddable":true,"href":"https:\/\/www.europesays.com\/pt\/wp-json\/wp\/v2\/comments?post=172426"}],"version-history":[{"count":0,"href":"https:\/\/www.europesays.com\/pt\/wp-json\/wp\/v2\/posts\/172426\/revisions"}],"wp:featuredmedia":[{"embeddable":true,"href":"https:\/\/www.europesays.com\/pt\/wp-json\/wp\/v2\/media\/172427"}],"wp:attachment":[{"href":"https:\/\/www.europesays.com\/pt\/wp-json\/wp\/v2\/media?parent=172426"}],"wp:term":[{"taxonomy":"category","embeddable":true,"href":"https:\/\/www.europesays.com\/pt\/wp-json\/wp\/v2\/categories?post=172426"},{"taxonomy":"post_tag","embeddable":true,"href":"https:\/\/www.europesays.com\/pt\/wp-json\/wp\/v2\/tags?post=172426"}],"curies":[{"name":"wp","href":"https:\/\/api.w.org\/{rel}","templated":true}]}}