{"id":172432,"date":"2025-12-01T23:39:08","date_gmt":"2025-12-01T23:39:08","guid":{"rendered":"https:\/\/www.europesays.com\/pt\/172432\/"},"modified":"2025-12-01T23:39:08","modified_gmt":"2025-12-01T23:39:08","slug":"dragoes-de-ouro-2025-ao-vivo","status":"publish","type":"post","link":"https:\/\/www.europesays.com\/pt\/172432\/","title":{"rendered":"Drag\u00f5es de Ouro 2025 AO VIVO"},"content":{"rendered":"<p>                    <a href=\"https:\/\/maisfutebol.iol.pt\/videos\/692e14fa0cf28fe4304871df\/fc-porto-continua-a-incomodar-o-que-nos-distingue-e-a-capacidade-de-lutar\" class=\"videoItem ver692e14fa0cf28fe4304871df\" data-id=\"692e14fa0cf28fe4304871df\" rel=\"nofollow noopener\" target=\"_blank\"><\/p>\n<p>                            00:16:08\n                        <\/p>\n<p>                        \u00abFC Porto continua a incomodar, o que nos distingue \u00e9 a capacidade de lutar\u00bb<\/p>\n<p>                    <\/a><\/p>\n<p>Andr\u00e9 Villas-Boas, presidente do FC Porto, inaugurou a gala dos Drag\u00f5es de Ouro, na noite desta segunda-feira, lembrando o legado de Jorge Nuno Pinto da Costa, Jorge Costa, Andr\u00e9 Silva e Diogo Jota. E n\u00e3o faltaram recados para Lisboa. O evento decorreu no Drag\u00e3o Arena.<\/p>\n<p><strong>Imagens: Porto Canal.<\/strong><\/p>\n<p>H\u00e1 1h e 15min<\/p>\n","protected":false},"excerpt":{"rendered":"00:16:08 \u00abFC Porto continua a incomodar, o que nos distingue \u00e9 a capacidade de lutar\u00bb Andr\u00e9 Villas-Boas, presidente&hellip;\n","protected":false},"author":2,"featured_media":172433,"comment_status":"","ping_status":"","sticky":false,"template":"","format":"standard","meta":{"footnotes":""},"categories":[87],"tags":[135,32,33,47,134],"class_list":{"0":"post-172432","1":"post","2":"type-post","3":"status-publish","4":"format-standard","5":"has-post-thumbnail","7":"category-desporto","8":"tag-desporto","9":"tag-portugal","10":"tag-pt","11":"tag-pura-paixao","12":"tag-sports"},"share_on_mastodon":{"url":"https:\/\/pubeurope.com\/@pt\/115646953170874858","error":""},"_links":{"self":[{"href":"https:\/\/www.europesays.com\/pt\/wp-json\/wp\/v2\/posts\/172432","targetHints":{"allow":["GET"]}}],"collection":[{"href":"https:\/\/www.europesays.com\/pt\/wp-json\/wp\/v2\/posts"}],"about":[{"href":"https:\/\/www.europesays.com\/pt\/wp-json\/wp\/v2\/types\/post"}],"author":[{"embeddable":true,"href":"https:\/\/www.europesays.com\/pt\/wp-json\/wp\/v2\/users\/2"}],"replies":[{"embeddable":true,"href":"https:\/\/www.europesays.com\/pt\/wp-json\/wp\/v2\/comments?post=172432"}],"version-history":[{"count":0,"href":"https:\/\/www.europesays.com\/pt\/wp-json\/wp\/v2\/posts\/172432\/revisions"}],"wp:featuredmedia":[{"embeddable":true,"href":"https:\/\/www.europesays.com\/pt\/wp-json\/wp\/v2\/media\/172433"}],"wp:attachment":[{"href":"https:\/\/www.europesays.com\/pt\/wp-json\/wp\/v2\/media?parent=172432"}],"wp:term":[{"taxonomy":"category","embeddable":true,"href":"https:\/\/www.europesays.com\/pt\/wp-json\/wp\/v2\/categories?post=172432"},{"taxonomy":"post_tag","embeddable":true,"href":"https:\/\/www.europesays.com\/pt\/wp-json\/wp\/v2\/tags?post=172432"}],"curies":[{"name":"wp","href":"https:\/\/api.w.org\/{rel}","templated":true}]}}