{"id":172436,"date":"2025-12-01T23:42:12","date_gmt":"2025-12-01T23:42:12","guid":{"rendered":"https:\/\/www.europesays.com\/pt\/172436\/"},"modified":"2025-12-01T23:42:12","modified_gmt":"2025-12-01T23:42:12","slug":"dica-do-app-da-semana-e-o-metronomo-cifra-club","status":"publish","type":"post","link":"https:\/\/www.europesays.com\/pt\/172436\/","title":{"rendered":"Dica do app da semana \u00e9 o Metr\u00f4nomo Cifra Club"},"content":{"rendered":"<p>Fim de ano chegando e as apresenta\u00e7\u00f5es de Natal e ano novo tamb\u00e9m. Quem \u00e9 m\u00fasico (por hobby ou profiss\u00e3o) precisa sempre estar bem afinado e com o tempo (andamento) da m\u00fasica na cabe\u00e7a. Por isso \u00e9 necess\u00e1rio sempre treinar\u00a0 com um metr\u00f4nomo.<\/p>\n<p>Geralmente, eu uso o metr\u00f4nomo anal\u00f3gico. Mas, com a correria do cotidiano, precisei de uma vers\u00e3o digital no app. Instalei o Metr\u00f4nomo Cifra Club (<a href=\"https:\/\/play.google.com\/store\/apps\/details?id=com.studiosol.metronomo&amp;pli=1\" target=\"_blank\" rel=\"noopener nofollow\" data-schema-attribute=\"mentions\">Android<\/a>, <a href=\"https:\/\/apps.apple.com\/br\/app\/metr%C3%B4nomo-cifra-club\/id569883867\" target=\"_blank\" rel=\"noopener nofollow\" data-schema-attribute=\"mentions\">iOS<\/a>).<\/p>\n<p>De acordo com o site, o app \u00e9 um dos mais populares do g\u00eanero, com 1,6 milh\u00e3o de downloads e 141 mil usu\u00e1rios por m\u00eas. Mas se o app de afina\u00e7\u00e3o da Boss na semana passada foi basicamente elogios, eu vou precisar criticar o aplicativo desta semana.<\/p>\n<p>Pensa em um aplicativo que n\u00e3o precisa de tanta publicidade embarcada para complicar a experi\u00eancia do usu\u00e1rio? \u00c9 v\u00eddeo em pre-roll toda vez que abre o app. Banner em cima e banner embaixo, que, al\u00e9m de complicar a UX, as publicidades tomam um espa\u00e7o relevante na tela do usu\u00e1rio. Tira algo como uma polegada da \u00e1rea de visualiza\u00e7\u00e3o.<\/p>\n<p>A <a href=\"https:\/\/www.cifraclub.com.br\/metronomo\/\" target=\"_blank\" rel=\"noopener nofollow\" data-schema-attribute=\"mentions\">vers\u00e3o web do metr\u00f4nomo tem zero publicidade<\/a>.<\/p>\n<p><strong>Como pode melhorar<\/strong><\/p>\n<p>Se n\u00e3o tivesse publicidade, o app seria perfeito para o m\u00fasico. Pode escolher compasso, tempo (por BPM), tipo de som, colocar em loop, favoritar a configura\u00e7\u00e3o montada e at\u00e9 tocar o ritmo da m\u00fasica para calcular o tempo ao bater o dedo da tela do handset na fun\u00e7\u00e3o \u2018tap tempo\u2019.<\/p>\n<p>Uma melhoria ser incluir a pr\u00e9-marca\u00e7\u00e3o de tempo baseada nas nomenclaturas que os compositores usam nas partituras para dizer o andamento da m\u00fasica, como ad\u00e1gio (lento) ou allegro (r\u00e1pido).<\/p>\n<p>\u00a0<\/p>\n<p><strong>*********************************<\/strong><\/p>\n<p class=\"p1\"><strong>Receba gratuitamente a newsletter do Mobile Time e fique bem informado sobre tecnologia m\u00f3vel e neg\u00f3cios. <a href=\"https:\/\/www.mobiletime.com.br\/newsletter\/?swcfpc=1\" target=\"_blank\" rel=\"noopener nofollow\">Cadastre-se aqui!<\/a><\/strong><\/p>\n<p><strong>E siga o canal do Mobile Time no <a href=\"https:\/\/whatsapp.com\/channel\/0029Va9kHLiCXC3KvpP0li2f\" target=\"_blank\" rel=\"noopener nofollow\">WhatsApp!<\/a><\/strong><\/p>\n","protected":false},"excerpt":{"rendered":"Fim de ano chegando e as apresenta\u00e7\u00f5es de Natal e ano novo tamb\u00e9m. Quem \u00e9 m\u00fasico (por hobby&hellip;\n","protected":false},"author":2,"featured_media":8317,"comment_status":"","ping_status":"","sticky":false,"template":"","format":"standard","meta":{"footnotes":""},"categories":[84],"tags":[109,107,108,32,33,105,103,104,106,110],"class_list":{"0":"post-172436","1":"post","2":"type-post","3":"status-publish","4":"format-standard","5":"has-post-thumbnail","7":"category-ciencia-e-tecnologia","8":"tag-ciencia","9":"tag-ciencia-e-tecnologia","10":"tag-cienciaetecnologia","11":"tag-portugal","12":"tag-pt","13":"tag-science","14":"tag-science-and-technology","15":"tag-scienceandtechnology","16":"tag-technology","17":"tag-tecnologia"},"share_on_mastodon":{"url":"https:\/\/pubeurope.com\/@pt\/115646964872925671","error":""},"_links":{"self":[{"href":"https:\/\/www.europesays.com\/pt\/wp-json\/wp\/v2\/posts\/172436","targetHints":{"allow":["GET"]}}],"collection":[{"href":"https:\/\/www.europesays.com\/pt\/wp-json\/wp\/v2\/posts"}],"about":[{"href":"https:\/\/www.europesays.com\/pt\/wp-json\/wp\/v2\/types\/post"}],"author":[{"embeddable":true,"href":"https:\/\/www.europesays.com\/pt\/wp-json\/wp\/v2\/users\/2"}],"replies":[{"embeddable":true,"href":"https:\/\/www.europesays.com\/pt\/wp-json\/wp\/v2\/comments?post=172436"}],"version-history":[{"count":0,"href":"https:\/\/www.europesays.com\/pt\/wp-json\/wp\/v2\/posts\/172436\/revisions"}],"wp:featuredmedia":[{"embeddable":true,"href":"https:\/\/www.europesays.com\/pt\/wp-json\/wp\/v2\/media\/8317"}],"wp:attachment":[{"href":"https:\/\/www.europesays.com\/pt\/wp-json\/wp\/v2\/media?parent=172436"}],"wp:term":[{"taxonomy":"category","embeddable":true,"href":"https:\/\/www.europesays.com\/pt\/wp-json\/wp\/v2\/categories?post=172436"},{"taxonomy":"post_tag","embeddable":true,"href":"https:\/\/www.europesays.com\/pt\/wp-json\/wp\/v2\/tags?post=172436"}],"curies":[{"name":"wp","href":"https:\/\/api.w.org\/{rel}","templated":true}]}}