{"id":172443,"date":"2025-12-01T23:48:11","date_gmt":"2025-12-01T23:48:11","guid":{"rendered":"https:\/\/www.europesays.com\/pt\/172443\/"},"modified":"2025-12-01T23:48:11","modified_gmt":"2025-12-01T23:48:11","slug":"sao-paulo-surf-club-c6-bank-promove-photo-contest","status":"publish","type":"post","link":"https:\/\/www.europesays.com\/pt\/172443\/","title":{"rendered":"S\u00e3o Paulo Surf Club &#8211; C6 Bank promove Photo Contest"},"content":{"rendered":"<p>A inaugura\u00e7\u00e3o oficial da nova piscina de ondas da capital paulista, no S\u00e3o Paulo Surf Club, ganhou uma celebra\u00e7\u00e3o \u00e0 altura no \u00faltimo domingo (30\/11). Com patroc\u00ednio do C6 Bank, o evento reuniu 16 duplas convidadas para a primeira edi\u00e7\u00e3o do Photo Contest em S\u00e3o Paulo, valendo R$ 10 mil de premia\u00e7\u00e3o para os vencedores.<\/p>\n<p>Al\u00e9m das competi\u00e7\u00f5es, a programa\u00e7\u00e3o contou com presen\u00e7a de atletas, fot\u00f3grafos, cinegrafistas e shapers convidados. Para marcar a parceria, o C6 Bank trouxe uma a\u00e7\u00e3o especial que chamou aten\u00e7\u00e3o: oito pranchas de carbono produzidas por grandes nomes do shape brasileiro, Ricardo Martins, Cl\u00e1udio Hennek, Greg\u00f3rio Motta, Caio Teixeira e Lost Surfboards, todas inspiradas no cart\u00e3o C6 Carbon Black. A marca tamb\u00e9m lan\u00e7ou um modelo exclusivo de bermuda em colabora\u00e7\u00e3o com a TVB Shorts.<\/p>\n<p>O clima de celebra\u00e7\u00e3o se estendeu at\u00e9 o fim do dia com um show exclusivo de Eagle-Eye Cherry, que embalou a noite e marcou a inaugura\u00e7\u00e3o do S\u00e3o Paulo Surf Club com muita m\u00fasica e alto astral.<\/p>\n<p>No Photo Contest, cada dupla teve quatro rounds para registrar sua melhor imagem. As fotos foram avaliadas por um painel com tr\u00eas jurados, combinando performance e criatividade nas ondas perfeitas da piscina.<\/p>\n<p>A dupla Henrique Pinguim e Jasmin Avelino brilhou na decis\u00e3o e garantiu o t\u00edtulo do evento. Affonso Dalle e Gabriel Pastori ficaram com o segundo lugar, enquanto Vit\u00f3ria Borges e Jesse Mendes completaram o p\u00f3dio em terceiro. A quarta coloca\u00e7\u00e3o terminou com Yunes Khader e Caio Teixeira.<\/p>\n<p>A festa ainda contou com uma Expression Session de twin fins e quem levou a melhor foi a dupla Murilo Calegari e Dario Costa, mandando manobras potentes e estilosas para fechar o dia em grande estilo.<\/p>\n<p>O S\u00e3o Paulo Surf Club inaugura um novo cap\u00edtulo do surfe na cidade, com ondas constantes e um espa\u00e7o pensado para evoluir o n\u00edvel dos atletas, al\u00e9m de abrir portas para eventos criativos como esse.<\/p>\n<p><strong>Resultado Final do C6 Bank Photo Contest<\/strong><\/p>\n<p>1 Henrique Pinguim + Jasmin Avelino<br \/>2 Affonso Dalle + Gabriel Pastori<br \/>3 Vit\u00f3ria Borges + Jess\u00e9 Mendes<br \/>4 Yunes Khader + Caio Teixeira<\/p>\n<p><strong>Expression Session<\/strong><\/p>\n<p>1 Murilo Calegari + Dario Costa<\/p>\n<p>\u00a0<\/p>\n<p><strong>Duplas participantes<\/strong><\/p>\n<p>Giulia Panzetti e Ian Vaz<br \/>Vit\u00f3ria Borges e Jess\u00e9 Mendes<br \/>Juliana Vasques e Caio Vaz<br \/>Henrique Pinguim e Jasmim Avelino<br \/>Gabriela Haydee e Julia Santos<br \/>Cassia Brito e Mariana Areno<br \/>Toti e J\u00fanior Faria<br \/>Aleko Stergiou e Stephan Figueiredo<br \/>Affonso Dale e Gabriel Pastori<br \/>Marcio Rovai e Suelen Naraisa<br \/>Murilo Calegari e Dario Costa<br \/>Suelen N\u00f3brega e Marcelo Trekinho<br \/>Alem\u00e3o Pic + Marina Werneck<br \/>Yunes Khader + Caio Teixeira<br \/>Ana Clara F\u00e9lix + Caio Ibelli<br \/>Daniela Seco + Claudinha Gon\u00e7alves<\/p>\n","protected":false},"excerpt":{"rendered":"A inaugura\u00e7\u00e3o oficial da nova piscina de ondas da capital paulista, no S\u00e3o Paulo Surf Club, ganhou uma&hellip;\n","protected":false},"author":2,"featured_media":172444,"comment_status":"","ping_status":"","sticky":false,"template":"","format":"standard","meta":{"footnotes":""},"categories":[144],"tags":[207,205,206,203,201,202,204,114,115,32,33],"class_list":{"0":"post-172443","1":"post","2":"type-post","3":"status-publish","4":"format-standard","5":"has-post-thumbnail","7":"category-arte-e-design","8":"tag-arte","9":"tag-arte-e-design","10":"tag-artedesign","11":"tag-arts","12":"tag-arts-and-design","13":"tag-artsanddesign","14":"tag-design","15":"tag-entertainment","16":"tag-entretenimento","17":"tag-portugal","18":"tag-pt"},"share_on_mastodon":{"url":"https:\/\/pubeurope.com\/@pt\/115646988485234566","error":""},"_links":{"self":[{"href":"https:\/\/www.europesays.com\/pt\/wp-json\/wp\/v2\/posts\/172443","targetHints":{"allow":["GET"]}}],"collection":[{"href":"https:\/\/www.europesays.com\/pt\/wp-json\/wp\/v2\/posts"}],"about":[{"href":"https:\/\/www.europesays.com\/pt\/wp-json\/wp\/v2\/types\/post"}],"author":[{"embeddable":true,"href":"https:\/\/www.europesays.com\/pt\/wp-json\/wp\/v2\/users\/2"}],"replies":[{"embeddable":true,"href":"https:\/\/www.europesays.com\/pt\/wp-json\/wp\/v2\/comments?post=172443"}],"version-history":[{"count":0,"href":"https:\/\/www.europesays.com\/pt\/wp-json\/wp\/v2\/posts\/172443\/revisions"}],"wp:featuredmedia":[{"embeddable":true,"href":"https:\/\/www.europesays.com\/pt\/wp-json\/wp\/v2\/media\/172444"}],"wp:attachment":[{"href":"https:\/\/www.europesays.com\/pt\/wp-json\/wp\/v2\/media?parent=172443"}],"wp:term":[{"taxonomy":"category","embeddable":true,"href":"https:\/\/www.europesays.com\/pt\/wp-json\/wp\/v2\/categories?post=172443"},{"taxonomy":"post_tag","embeddable":true,"href":"https:\/\/www.europesays.com\/pt\/wp-json\/wp\/v2\/tags?post=172443"}],"curies":[{"name":"wp","href":"https:\/\/api.w.org\/{rel}","templated":true}]}}