{"id":172451,"date":"2025-12-01T23:53:10","date_gmt":"2025-12-01T23:53:10","guid":{"rendered":"https:\/\/www.europesays.com\/pt\/172451\/"},"modified":"2025-12-01T23:53:10","modified_gmt":"2025-12-01T23:53:10","slug":"van-basten-sugere-intervencao-militar-nos-estadios-apos-caos-no-ajax-groningen","status":"publish","type":"post","link":"https:\/\/www.europesays.com\/pt\/172451\/","title":{"rendered":"Van Basten sugere interven\u00e7\u00e3o militar nos est\u00e1dios ap\u00f3s caos no Ajax-Groningen"},"content":{"rendered":"<p>Antigo jogador e treinador do <a class=\"autolink-enabled\" data-resource-id=\"390\" data-resource-type=\"team\" data-sport=\"football\" href=\"https:\/\/www.abola.pt\/futebol\/ajax-390\" rel=\"nofollow noopener\" target=\"_blank\">Ajax<\/a>, Marco van Basten classificou como \u00abprofundamente triste\u00bb o caos que se viveu na partida da equipa de Amesterd\u00e3o diante do <a class=\"autolink-enabled\" data-resource-id=\"393\" data-resource-type=\"team\" data-sport=\"football\" href=\"https:\/\/www.abola.pt\/futebol\/groningen-393\" rel=\"nofollow noopener\" target=\"_blank\">Groningen<\/a> no domingo \u00e0 noite, e que levou \u00e0 suspens\u00e3o da mesma.<\/p>\n<p>O encontro foi suspenso devido a dois momentos de pirotecnica massiva deflagrada por parte de uma das claques do Ajax, para homenagear um adepto que faleceu. Como consequ\u00eancia, o jogo foi reagendado para esta ter\u00e7a-feira, \u00e0s 13h30, mas \u00e0 porta fechada.<\/p>\n<p>\u00ab\u00c9 profundamente triste. Era isto que Johan Cruyff esperava da Arena? N\u00e3o estou zangado, mas sim desiludido. Isto est\u00e1 completamente errado, mas o que se pode fazer? N\u00e3o h\u00e1 pa\u00eds em pior situa\u00e7\u00e3o do que os Pa\u00edses Baixos no que diz respeito a tudo o que acontece \u00e0 volta dos jogos\u00bb, afirmou van Basten, no programa Rondo.<\/p>\n<p>\u00abAqui, os adeptos \u00e9 que mandam. O Ajax, o <a class=\"autolink-enabled\" data-resource-id=\"406\" data-resource-type=\"team\" data-sport=\"football\" href=\"https:\/\/www.abola.pt\/futebol\/feyenoord-406\" rel=\"nofollow noopener\" target=\"_blank\">Feyenoord<\/a>, o <a class=\"autolink-enabled\" data-resource-id=\"392\" data-resource-type=\"team\" data-sport=\"football\" href=\"https:\/\/www.abola.pt\/futebol\/psv-eindhoven-392\" rel=\"nofollow noopener\" target=\"_blank\">PSV<\/a> e outros clubes t\u00eam n\u00facleos de adeptos que se tornaram perigosos. S\u00e3o grupos grandes e dif\u00edceis de combater\u00bb, acrescentou.<\/p>\n<p>O antigo avan\u00e7ado neerland\u00eas diz que \u00e9 preciso medidas mais radicais e sugeriu at\u00e9 a possibilidade de haver interven\u00e7\u00e3o militar nos est\u00e1dios.<\/p>\n<p>\u00abQuase que s\u00e3o precisos militares. Vimos at\u00e9 morteiros no est\u00e1dio. Tente l\u00e1 lidar com isso\u00bb, atirou.<\/p>\n","protected":false},"excerpt":{"rendered":"Antigo jogador e treinador do Ajax, Marco van Basten classificou como \u00abprofundamente triste\u00bb o caos que se viveu&hellip;\n","protected":false},"author":2,"featured_media":172452,"comment_status":"","ping_status":"","sticky":false,"template":"","format":"standard","meta":{"footnotes":""},"categories":[87],"tags":[135,32,33,134],"class_list":{"0":"post-172451","1":"post","2":"type-post","3":"status-publish","4":"format-standard","5":"has-post-thumbnail","7":"category-desporto","8":"tag-desporto","9":"tag-portugal","10":"tag-pt","11":"tag-sports"},"share_on_mastodon":{"url":"https:\/\/pubeurope.com\/@pt\/115647008363599602","error":""},"_links":{"self":[{"href":"https:\/\/www.europesays.com\/pt\/wp-json\/wp\/v2\/posts\/172451","targetHints":{"allow":["GET"]}}],"collection":[{"href":"https:\/\/www.europesays.com\/pt\/wp-json\/wp\/v2\/posts"}],"about":[{"href":"https:\/\/www.europesays.com\/pt\/wp-json\/wp\/v2\/types\/post"}],"author":[{"embeddable":true,"href":"https:\/\/www.europesays.com\/pt\/wp-json\/wp\/v2\/users\/2"}],"replies":[{"embeddable":true,"href":"https:\/\/www.europesays.com\/pt\/wp-json\/wp\/v2\/comments?post=172451"}],"version-history":[{"count":0,"href":"https:\/\/www.europesays.com\/pt\/wp-json\/wp\/v2\/posts\/172451\/revisions"}],"wp:featuredmedia":[{"embeddable":true,"href":"https:\/\/www.europesays.com\/pt\/wp-json\/wp\/v2\/media\/172452"}],"wp:attachment":[{"href":"https:\/\/www.europesays.com\/pt\/wp-json\/wp\/v2\/media?parent=172451"}],"wp:term":[{"taxonomy":"category","embeddable":true,"href":"https:\/\/www.europesays.com\/pt\/wp-json\/wp\/v2\/categories?post=172451"},{"taxonomy":"post_tag","embeddable":true,"href":"https:\/\/www.europesays.com\/pt\/wp-json\/wp\/v2\/tags?post=172451"}],"curies":[{"name":"wp","href":"https:\/\/api.w.org\/{rel}","templated":true}]}}