{"id":172457,"date":"2025-12-01T23:57:10","date_gmt":"2025-12-01T23:57:10","guid":{"rendered":"https:\/\/www.europesays.com\/pt\/172457\/"},"modified":"2025-12-01T23:57:10","modified_gmt":"2025-12-01T23:57:10","slug":"japao-apresenta-uma-maquina-de-lavar-e-secar-humanos","status":"publish","type":"post","link":"https:\/\/www.europesays.com\/pt\/172457\/","title":{"rendered":"Jap\u00e3o apresenta uma m\u00e1quina de lavar e secar humanos"},"content":{"rendered":"<p>A empresa Science do Jap\u00e3o, lan\u00e7ou uma m\u00e1quina de lavar humanos futurista ap\u00f3s a sua estreia bem-sucedida na Expo 2025, em Osaka. Mas, quem precisar\u00e1 de ser lavado \u00e0 m\u00e1quina?<\/p>\n<p><a target=\"_blank\" href=\"https:\/\/pplware.sapo.pt\/wp-content\/uploads\/2025\/12\/maquina_lavar_humanos00.webp\" rel=\"nofollow noopener\"><img fetchpriority=\"high\" decoding=\"async\" src=\"https:\/\/www.europesays.com\/pt\/wp-content\/uploads\/2025\/12\/maquina_lavar_humanos00-720x404.webp.webp\" alt=\"Imagem m\u00e1quina de lavar humanos Mirai, feita no Jap\u00e3o\" width=\"720\" height=\"404\" class=\"aligncenter wp-image-1091216 size-medium\"  \/><\/a><\/p>\n<p>Da Expo 2025 para o quotidiano<\/p>\n<p>A Science Inc, do Jap\u00e3o, lan\u00e7ou uma m\u00e1quina de lavar humanos futurista ap\u00f3s a sua estreia bem-sucedida na Expo 2025, em Osaka.<\/p>\n<p>A m\u00e1quina de nova gera\u00e7\u00e3o, que captou grande aten\u00e7\u00e3o no certame, chega agora ao mercado japon\u00eas como um conceito \u00fanico no setor do bem-estar.<\/p>\n<p><a target=\"_blank\" href=\"https:\/\/pplware.sapo.pt\/wp-content\/uploads\/2025\/12\/maquina_lavar_humanos03.webp\" rel=\"nofollow noopener\"><img loading=\"lazy\" decoding=\"async\" src=\"https:\/\/www.europesays.com\/pt\/wp-content\/uploads\/2025\/12\/maquina_lavar_humanos03-720x404.webp.webp\" alt=\"\" width=\"720\" height=\"404\" class=\"aligncenter size-medium wp-image-1091219\"  \/><\/a><\/p>\n<p>Um dispositivo que limpa o corpo e acalma a mente<\/p>\n<p>Desenvolvida pela empresa tecnol\u00f3gica japonesa Science, a c\u00e1psula permite que os utilizadores se deitem, fechem a tampa e recebam uma limpeza corporal completa, sem rota\u00e7\u00e3o, acompanhada por m\u00fasica tranquila.<\/p>\n<p>Conhecida como o <strong>lavador humano do futuro<\/strong>, tornou-se uma das grandes atra\u00e7\u00f5es da exposi\u00e7\u00e3o, visitada por mais de 27 milh\u00f5es de pessoas.<\/p>\n<p>O conceito recupera uma inven\u00e7\u00e3o apresentada na Expo de Osaka de 1970, que marcou profundamente o atual presidente da Science, ent\u00e3o uma crian\u00e7a.<\/p>\n<p>Segundo a porta-voz Sachiko Maekura, a m\u00e1quina vai al\u00e9m da higiene f\u00edsica e <strong>pretende tamb\u00e9m lavar a alma<\/strong>, monitorizando sinais vitais e o batimento card\u00edaco ao longo do processo.<\/p>\n<p style=\"text-align: center;\">\n<p>Do prot\u00f3tipo ao mercado<\/p>\n<p>O interesse de empresas internacionais, incluindo um operador de resorts dos Estados Unidos, levou \u00e0 comercializa\u00e7\u00e3o do prot\u00f3tipo.<\/p>\n<p>A primeira unidade <strong>j\u00e1 foi adquirida por um hotel em Osaka<\/strong>, que planeia disponibilizar a experi\u00eancia aos h\u00f3spedes.<\/p>\n<p>A retalhista de eletr\u00f3nica Yamada Denki tamb\u00e9m comprou a Mirai Human Washing Machine para atrair mais visitantes \u00e0s suas lojas, onde uma unidade de demonstra\u00e7\u00e3o <strong>estar\u00e1 dispon\u00edvel a partir de 25 de dezembro<\/strong>.<\/p>\n<p><a target=\"_blank\" href=\"https:\/\/pplware.sapo.pt\/wp-content\/uploads\/2025\/12\/maquina_lavar_humanos01.webp\" rel=\"nofollow noopener\"><img loading=\"lazy\" decoding=\"async\" aria-describedby=\"caption-attachment-1091218\" src=\"https:\/\/www.europesays.com\/pt\/wp-content\/uploads\/2025\/12\/maquina_lavar_humanos01-720x404.webp.webp\" alt=\"\" width=\"720\" height=\"404\" class=\"wp-image-1091218 size-medium\"  \/><\/a><\/p>\n<p id=\"caption-attachment-1091218\" class=\"wp-caption-text\">Imagem lateral da m\u00e1quina de lavar humanos, Mirai Human Washing Machine, que custar\u00e1 mais de 300 mil euros<\/p>\n<p>Produ\u00e7\u00e3o limitada e pre\u00e7o elevado<\/p>\n<p>Por se tratar de um produto altamente inovador, a Science prev\u00ea fabricar apenas cerca de 50 unidades. A <a target=\"_blank\" href=\"https:\/\/www.chosun.com\/english\/world-en\/2025\/11\/27\/EJGJMQN7PJFVDLHXLG4OD35ACE\/\" rel=\"nofollow noopener\">imprensa local<\/a> indica um pre\u00e7o pr\u00f3ximo de 60 milh\u00f5es de ienes, <strong>o equivalente a cerca de 332 mil euros<\/strong>.<\/p>\n<p>O presidente da empresa, Yasuaki Aoyama, sublinhou que o objetivo \u00e9 permitir que quem n\u00e3o visitou a exposi\u00e7\u00e3o possa experimentar esta tecnologia.<\/p>\n<p>Como funciona a m\u00e1quina de lavar humanos<\/p>\n<ol>\n<li><strong>Entrar na c\u00e1psula<\/strong>: o utilizador deita-se no interior de uma c\u00e1psula fechada com 2,3 metros de comprimento.<\/li>\n<li><strong>Lavagem autom\u00e1tica<\/strong>: microbolhas e um duche de n\u00e9voa fina limpam suavemente todo o corpo.<\/li>\n<li><strong>Monitoriza\u00e7\u00e3o cont\u00ednua<\/strong>: sensores acompanham sinais vitais para garantir um processo seguro.<\/li>\n<li><strong>Ambiente imersivo<\/strong>: m\u00fasica relaxante e visuais calmantes criam uma experi\u00eancia sensorial.<\/li>\n<li><strong>Secagem autom\u00e1tica<\/strong>: o utilizador \u00e9 seco no interior da c\u00e1psula, sem necessidade de toalhas.<\/li>\n<li><strong>Finaliza\u00e7\u00e3o<\/strong>: em cerca de 15 minutos, o processo fica conclu\u00eddo, permitindo sair limpo, relaxado e monitorizado.<\/li>\n<\/ol>\n<p><a target=\"_blank\" href=\"https:\/\/pplware.sapo.pt\/wp-content\/uploads\/2025\/12\/maquina_lavar_humanos04.webp\" rel=\"nofollow noopener\"><img loading=\"lazy\" decoding=\"async\" src=\"https:\/\/www.europesays.com\/pt\/wp-content\/uploads\/2025\/12\/maquina_lavar_humanos04-720x404.webp.webp\" alt=\"\" width=\"720\" height=\"404\" class=\"aligncenter size-medium wp-image-1091220\"  \/><\/a><\/p>\n<p>Do passado para a realidade<\/p>\n<p>A Mirai Human Washing Machine representa um exemplo marcante da combina\u00e7\u00e3o entre tradi\u00e7\u00e3o tecnol\u00f3gica japonesa e inova\u00e7\u00e3o futurista.<\/p>\n<p>Concebida para <strong>transformar um gesto quotidiano numa experi\u00eancia sensorial<\/strong> completa, a c\u00e1psula promete atrair curiosos, hot\u00e9is e operadores tur\u00edsticos \u00e0 procura de diferencia\u00e7\u00e3o.<\/p>\n<p>Com produ\u00e7\u00e3o limitada e um pre\u00e7o elevado, dever\u00e1 manter-se exclusiva, mas simboliza claramente uma tend\u00eancia crescente: a busca por solu\u00e7\u00f5es automatizadas que cuidem n\u00e3o s\u00f3 do corpo, mas tamb\u00e9m do bem-estar emocional.<\/p>\n","protected":false},"excerpt":{"rendered":"A empresa Science do Jap\u00e3o, lan\u00e7ou uma m\u00e1quina de lavar humanos futurista ap\u00f3s a sua estreia bem-sucedida na&hellip;\n","protected":false},"author":2,"featured_media":172458,"comment_status":"","ping_status":"","sticky":false,"template":"","format":"standard","meta":{"footnotes":""},"categories":[83],"tags":[88,89,90,461,36039,32,33],"class_list":{"0":"post-172457","1":"post","2":"type-post","3":"status-publish","4":"format-standard","5":"has-post-thumbnail","7":"category-empresas","8":"tag-business","9":"tag-economy","10":"tag-empresas","11":"tag-japao","12":"tag-mirai-human-washing-machine","13":"tag-portugal","14":"tag-pt"},"share_on_mastodon":{"url":"https:\/\/pubeurope.com\/@pt\/115647024284779706","error":""},"_links":{"self":[{"href":"https:\/\/www.europesays.com\/pt\/wp-json\/wp\/v2\/posts\/172457","targetHints":{"allow":["GET"]}}],"collection":[{"href":"https:\/\/www.europesays.com\/pt\/wp-json\/wp\/v2\/posts"}],"about":[{"href":"https:\/\/www.europesays.com\/pt\/wp-json\/wp\/v2\/types\/post"}],"author":[{"embeddable":true,"href":"https:\/\/www.europesays.com\/pt\/wp-json\/wp\/v2\/users\/2"}],"replies":[{"embeddable":true,"href":"https:\/\/www.europesays.com\/pt\/wp-json\/wp\/v2\/comments?post=172457"}],"version-history":[{"count":0,"href":"https:\/\/www.europesays.com\/pt\/wp-json\/wp\/v2\/posts\/172457\/revisions"}],"wp:featuredmedia":[{"embeddable":true,"href":"https:\/\/www.europesays.com\/pt\/wp-json\/wp\/v2\/media\/172458"}],"wp:attachment":[{"href":"https:\/\/www.europesays.com\/pt\/wp-json\/wp\/v2\/media?parent=172457"}],"wp:term":[{"taxonomy":"category","embeddable":true,"href":"https:\/\/www.europesays.com\/pt\/wp-json\/wp\/v2\/categories?post=172457"},{"taxonomy":"post_tag","embeddable":true,"href":"https:\/\/www.europesays.com\/pt\/wp-json\/wp\/v2\/tags?post=172457"}],"curies":[{"name":"wp","href":"https:\/\/api.w.org\/{rel}","templated":true}]}}