{"id":172459,"date":"2025-12-01T23:59:21","date_gmt":"2025-12-01T23:59:21","guid":{"rendered":"https:\/\/www.europesays.com\/pt\/172459\/"},"modified":"2025-12-01T23:59:21","modified_gmt":"2025-12-01T23:59:21","slug":"chuva-forte-coloca-tres-distritos-do-continente-sob-aviso-amarelo","status":"publish","type":"post","link":"https:\/\/www.europesays.com\/pt\/172459\/","title":{"rendered":"Chuva forte coloca tr\u00eas distritos do continente sob aviso amarelo"},"content":{"rendered":"<p data-remotead-prev-elm=\"true\" data-remotead-elm-id=\"inread\">Porto, Braga e Viana do Castelo est\u00e3o esta segunda-feira sob aviso amarelo devido \u00e0 chuva forte, segundo o IPMA que colocou tamb\u00e9m sete distritos de Portugal continental sob aviso laranja, a partir de ter\u00e7a-feira, devido \u00e0 agita\u00e7\u00e3o mar\u00edtima.<\/p>\n<p>Assim, Porto, Braga e Viana do Castelo v\u00e3o estar sob aviso amarelo, entre as 18h00 e as 21h00 desta segunda-feira devido \u00e0 previs\u00e3o de precipita\u00e7\u00e3o, por vezes forte, segundo o Instituto Portugu\u00eas do Mar e da Atmosfera (IPMA).<\/p>\n<p>J\u00e1 os avisos laranja emitidos pelo IPMA referem-se aos distritos do Porto, Viana do Castelo, Lisboa, Leiria, Aveiro, Coimbra e Braga devido \u00e0 previs\u00e3o de agita\u00e7\u00e3o mar\u00edtima, com ondas de noroeste com cinco a seis metros de altura significativa, podendo atingir 11 metros de altura m\u00e1xima.<\/p>\n<p data-remotead-prev-elm=\"true\" data-remotead-elm-id=\"centro1\">Os avisos nestes sete distritos vigoram entre as 18h00 de ter\u00e7a-feira e as 15h00 de quarta-feira.<\/p>\n<p>Toda a costa de Portugal continental vai estar sob aviso amarelo devido \u00e0 agita\u00e7\u00e3o mar\u00edtima a partir das 12h00 de ter\u00e7a-feira, prolongando-se at\u00e9 \u00e0s 03h00 de quarta-feira, tendo em conta a previs\u00e3o de ondas de noroeste com quatro a cinco metros.<\/p>\n<p>Os distritos da Guarda e Castelo Branco v\u00e3o estar sob aviso amarelo devido \u00e0 neve, com o IPMA a prever queda de neve com acumula\u00e7\u00e3o acima de 1600 metros, que poder\u00e1 ser de 10 cm na Torre.<\/p>\n<p data-remotead-prev-elm=\"true\" data-remotead-elm-id=\"centro2\">O instituto d\u00e1 ainda conta como impactos prov\u00e1veis: perturba\u00e7\u00e3o causada por queda de neve com acumula\u00e7\u00e3o e poss\u00edvel forma\u00e7\u00e3o de gelo, por exemplo, vias condicionadas ou interditas, danos em estruturas ou \u00e1rvores, abastecimentos locais prejudicados.<\/p>\n<p>Este aviso nestes dois distritos do interior norte vai vigorar entre as 00h00 de ter\u00e7a-feira e as 00h00 de quarta-feira.<\/p>\n<p>O aviso laranja \u00e9 emitido pelo IPMA sempre que existe &#8220;situa\u00e7\u00e3o meteorol\u00f3gica de risco moderado a elevado, e o amarelo, quando h\u00e1 uma situa\u00e7\u00e3o de risco para determinadas atividades dependentes da situa\u00e7\u00e3o meteorol\u00f3gica.<\/p>\n<p data-remotead-prev-elm=\"true\" data-remotead-elm-id=\"centro3\">A Dire\u00e7\u00e3o-Geral da Sa\u00fade (DGS) recomendou no domingo medidas preventivas face \u00e0s previs\u00f5es de tempo frio, em especial na regi\u00e3o Norte, recordando que h\u00e1 um aumento do risco de doen\u00e7as respirat\u00f3rias, agravamento de condi\u00e7\u00f5es cr\u00f3nicas e acidentes.<\/p>\n<p>Dando conta de que o IPMA prev\u00ea para os pr\u00f3ximos dias tempo frio, com alguns distritos do Norte de Portugal continental a registarem temperaturas negativas, a DGS emitiu algumas recomenda\u00e7\u00f5es \u00e0 popula\u00e7\u00e3o para que se proteja dos efeitos negativos do frio na sa\u00fade.<\/p>\n<p>Entre as recomenda\u00e7\u00f5es est\u00e3o evitar exposi\u00e7\u00f5es prolongadas ao frio e mudan\u00e7as bruscas de temperatura, vestir por camadas, usar gorro, luvas e cachecol, tentar &#8220;n\u00e3o ficar sentado mais de uma hora seguida&#8221; quando se estiver em casa, beber \u00e1gua mesmo que n\u00e3o se tenha sede, consumir sopas e bebidas quentes, evitar \u00e1lcool, aumentar o consumo de alimentos ricos em vitaminas, sais minerais e antioxidantes (por exemplo, frutos e hort\u00edcolas), e evitar alimentos fritos, com muita gordura ou a\u00e7\u00facar.<\/p>\n<p>A DGS apela tamb\u00e9m a uma &#8220;aten\u00e7\u00e3o refor\u00e7ada com os mais vulner\u00e1veis&#8221; como crian\u00e7as pequenas, pessoas idosas, pessoas com doen\u00e7as cr\u00f3nicas, trabalhadores ao ar livre, pessoas em situa\u00e7\u00e3o de isolamento ou sem-abrigo, al\u00e9m de sugerir cuidados com a atividade no exterior, evitando-se esfor\u00e7os intensos no frio e usando roupa adequada.<\/p>\n","protected":false},"excerpt":{"rendered":"Porto, Braga e Viana do Castelo est\u00e3o esta segunda-feira sob aviso amarelo devido \u00e0 chuva forte, segundo o&hellip;\n","protected":false},"author":2,"featured_media":172460,"comment_status":"","ping_status":"","sticky":false,"template":"","format":"standard","meta":{"footnotes":""},"categories":[10],"tags":[27,28,21878,15,16,14,350,25,26,21,22,606,12,13,19,20,32,23,24,33,58,17,18,29,30,31],"class_list":{"0":"post-172459","1":"post","2":"type-post","3":"status-publish","4":"format-standard","5":"has-post-thumbnail","7":"category-portugal","8":"tag-breaking-news","9":"tag-breakingnews","10":"tag-chuva-forte","11":"tag-featured-news","12":"tag-featurednews","13":"tag-headlines","14":"tag-ipma","15":"tag-latest-news","16":"tag-latestnews","17":"tag-main-news","18":"tag-mainnews","19":"tag-meteorologia","20":"tag-news","21":"tag-noticias","22":"tag-noticias-principais","23":"tag-noticiasprincipais","24":"tag-portugal","25":"tag-principais-noticias","26":"tag-principaisnoticias","27":"tag-pt","28":"tag-sociedade","29":"tag-top-stories","30":"tag-topstories","31":"tag-ultimas","32":"tag-ultimas-noticias","33":"tag-ultimasnoticias"},"share_on_mastodon":{"url":"https:\/\/pubeurope.com\/@pt\/115647031868082052","error":""},"_links":{"self":[{"href":"https:\/\/www.europesays.com\/pt\/wp-json\/wp\/v2\/posts\/172459","targetHints":{"allow":["GET"]}}],"collection":[{"href":"https:\/\/www.europesays.com\/pt\/wp-json\/wp\/v2\/posts"}],"about":[{"href":"https:\/\/www.europesays.com\/pt\/wp-json\/wp\/v2\/types\/post"}],"author":[{"embeddable":true,"href":"https:\/\/www.europesays.com\/pt\/wp-json\/wp\/v2\/users\/2"}],"replies":[{"embeddable":true,"href":"https:\/\/www.europesays.com\/pt\/wp-json\/wp\/v2\/comments?post=172459"}],"version-history":[{"count":0,"href":"https:\/\/www.europesays.com\/pt\/wp-json\/wp\/v2\/posts\/172459\/revisions"}],"wp:featuredmedia":[{"embeddable":true,"href":"https:\/\/www.europesays.com\/pt\/wp-json\/wp\/v2\/media\/172460"}],"wp:attachment":[{"href":"https:\/\/www.europesays.com\/pt\/wp-json\/wp\/v2\/media?parent=172459"}],"wp:term":[{"taxonomy":"category","embeddable":true,"href":"https:\/\/www.europesays.com\/pt\/wp-json\/wp\/v2\/categories?post=172459"},{"taxonomy":"post_tag","embeddable":true,"href":"https:\/\/www.europesays.com\/pt\/wp-json\/wp\/v2\/tags?post=172459"}],"curies":[{"name":"wp","href":"https:\/\/api.w.org\/{rel}","templated":true}]}}