{"id":172461,"date":"2025-12-02T00:00:24","date_gmt":"2025-12-02T00:00:24","guid":{"rendered":"https:\/\/www.europesays.com\/pt\/172461\/"},"modified":"2025-12-02T00:00:24","modified_gmt":"2025-12-02T00:00:24","slug":"jovem-morre-depois-de-invadir-recinto-de-leoa-em-jardim-zoologico-no-brasil","status":"publish","type":"post","link":"https:\/\/www.europesays.com\/pt\/172461\/","title":{"rendered":"Jovem morre depois de invadir recinto de leoa em jardim zool\u00f3gico no Brasil"},"content":{"rendered":"<p data-remotead-prev-elm=\"true\" data-remotead-elm-id=\"inread\">Segundo a autarquia local, o jovem entrou deliberadamente na \u00e1rea restrita depois de escalar v\u00e1rias estruturas de seguran\u00e7a. O caso est\u00e1 a ser investigado pela Secretaria do Meio Ambiente, que determinou o encerramento imediato do jardim zool\u00f3gico para permitir a remo\u00e7\u00e3o do corpo e a recolha de informa\u00e7\u00f5es.<\/p>\n<p>De acordo com os primeiros relatos, Gerson escalou uma parede de mais de seis metros, ultrapassou as grades de prote\u00e7\u00e3o, subiu a uma \u00e1rvore e conseguiu aceder ao interior do recinto que acolhe a leoa &#8220;Leona&#8221;.<\/p>\n<p>A C\u00e2mara de Jo\u00e3o Pessoa indicou, num comunicado, que as equipas de seguran\u00e7a tentaram impedir a a\u00e7\u00e3o, mas o jovem ter\u00e1 agido de forma muito r\u00e1pida, dificultando a tentativa de ajuda. O ataque ocorreu poucos instantes depois de o rapaz entrar na \u00e1rea reservada ao animal.<\/p>\n<p data-remotead-prev-elm=\"true\" data-remotead-elm-id=\"centro1\">A administra\u00e7\u00e3o do jardim zool\u00f3gico sublinhou que o recinto cumpre integralmente a instru\u00e7\u00e3o normativa do Instituto Brasileiro do Meio Ambiente e dos Recursos Naturais Renov\u00e1veis, que define os padr\u00f5es de seguran\u00e7a obrigat\u00f3rios para jardins zool\u00f3gicos. As barreiras, garantem os respons\u00e1veis, superam os requisitos m\u00ednimos, contando com mais de dois metros adicionais e borda de 1,5 metros para evitar escaladas.<\/p>\n<p>Apesar das normas e de todas as medidas de preven\u00e7\u00e3o, a autarquia destacou que se tratou de uma &#8220;invas\u00e3o insistente que acabou por resultar no desfecho tr\u00e1gico&#8221;, escreve a CNN Brasil.<\/p>\n<p>As autoridades continuam a investigar as circunst\u00e2ncias que levaram o jovem a entrar no espa\u00e7o do animal. O zool\u00f3gico permanece encerrado at\u00e9 conclus\u00e3o dos procedimentos de seguran\u00e7a e apuramento dos factos.<\/p>\n","protected":false},"excerpt":{"rendered":"Segundo a autarquia local, o jovem entrou deliberadamente na \u00e1rea restrita depois de escalar v\u00e1rias estruturas de seguran\u00e7a.&hellip;\n","protected":false},"author":2,"featured_media":172462,"comment_status":"","ping_status":"","sticky":false,"template":"","format":"standard","meta":{"footnotes":""},"categories":[8],"tags":[726,27,28,15,16,14,36040,25,26,36041,21,22,12,13,19,20,32,23,24,33,17,18,29,30,31],"class_list":{"0":"post-172461","1":"post","2":"type-post","3":"status-publish","4":"format-standard","5":"has-post-thumbnail","7":"category-principais-noticias","8":"tag-brasil","9":"tag-breaking-news","10":"tag-breakingnews","11":"tag-featured-news","12":"tag-featurednews","13":"tag-headlines","14":"tag-jardim-zoologico","15":"tag-latest-news","16":"tag-latestnews","17":"tag-leoa","18":"tag-main-news","19":"tag-mainnews","20":"tag-news","21":"tag-noticias","22":"tag-noticias-principais","23":"tag-noticiasprincipais","24":"tag-portugal","25":"tag-principais-noticias","26":"tag-principaisnoticias","27":"tag-pt","28":"tag-top-stories","29":"tag-topstories","30":"tag-ultimas","31":"tag-ultimas-noticias","32":"tag-ultimasnoticias"},"share_on_mastodon":{"url":"https:\/\/pubeurope.com\/@pt\/115647035908210987","error":""},"_links":{"self":[{"href":"https:\/\/www.europesays.com\/pt\/wp-json\/wp\/v2\/posts\/172461","targetHints":{"allow":["GET"]}}],"collection":[{"href":"https:\/\/www.europesays.com\/pt\/wp-json\/wp\/v2\/posts"}],"about":[{"href":"https:\/\/www.europesays.com\/pt\/wp-json\/wp\/v2\/types\/post"}],"author":[{"embeddable":true,"href":"https:\/\/www.europesays.com\/pt\/wp-json\/wp\/v2\/users\/2"}],"replies":[{"embeddable":true,"href":"https:\/\/www.europesays.com\/pt\/wp-json\/wp\/v2\/comments?post=172461"}],"version-history":[{"count":0,"href":"https:\/\/www.europesays.com\/pt\/wp-json\/wp\/v2\/posts\/172461\/revisions"}],"wp:featuredmedia":[{"embeddable":true,"href":"https:\/\/www.europesays.com\/pt\/wp-json\/wp\/v2\/media\/172462"}],"wp:attachment":[{"href":"https:\/\/www.europesays.com\/pt\/wp-json\/wp\/v2\/media?parent=172461"}],"wp:term":[{"taxonomy":"category","embeddable":true,"href":"https:\/\/www.europesays.com\/pt\/wp-json\/wp\/v2\/categories?post=172461"},{"taxonomy":"post_tag","embeddable":true,"href":"https:\/\/www.europesays.com\/pt\/wp-json\/wp\/v2\/tags?post=172461"}],"curies":[{"name":"wp","href":"https:\/\/api.w.org\/{rel}","templated":true}]}}