{"id":172463,"date":"2025-12-02T00:01:12","date_gmt":"2025-12-02T00:01:12","guid":{"rendered":"https:\/\/www.europesays.com\/pt\/172463\/"},"modified":"2025-12-02T00:01:12","modified_gmt":"2025-12-02T00:01:12","slug":"filho-de-gabriel-leone-nasceu-ha-3-meses-em-segredo-diz-site","status":"publish","type":"post","link":"https:\/\/www.europesays.com\/pt\/172463\/","title":{"rendered":"Filho de Gabriel Leone nasceu h\u00e1 3 meses em segredo, diz site"},"content":{"rendered":"<p><a href=\"https:\/\/caras.com.br\/tags\/gabriel-leone\" rel=\"nofollow noopener\" target=\"_blank\"><strong>Gabriel Leone<\/strong><\/a> e <a href=\"https:\/\/caras.com.br\/tags\/carla-salle\" rel=\"nofollow noopener\" target=\"_blank\"><strong>Carla Salle<\/strong><\/a> est\u00e3o vivendo uma fase in\u00e9dita e reservada. Longe dos holofotes, os atores deram as boas-vindas ao primeiro filho, <strong>Benjamin<\/strong>. De acordo com o site Quem, o beb\u00ea nasceu no dia 10 de setembro e completar\u00e1 tr\u00eas meses agora em dezembro.<\/p>\n<p>A chegada do beb\u00ea vinha sendo compartilhada apenas com parentes e amigos \u00edntimos, preservando a privacidade que sempre marcou a rela\u00e7\u00e3o dos dois. Gabriel, protagonista da s\u00e9rie Senna, raramente comenta assuntos familiares nas redes sociais, e Carla segue a mesma linha, sem exposi\u00e7\u00e3o desnecess\u00e1ria.<\/p>\n<p>Segundo informa\u00e7\u00f5es ouvidas pela Quem, a escolha de n\u00e3o divulgar o nascimento de imediato foi pensada para garantir tranquilidade nesse in\u00edcio da rotina com o beb\u00ea. A gesta\u00e7\u00e3o, inclusive, s\u00f3 se tornou p\u00fablica quando Carla apareceu com a barriga evidente durante a pr\u00e9-estreia de Guerreiros do Sol.<\/p>\n<p>Na ocasi\u00e3o, a atriz comentou rapidamente sobre o momento especial que vivia com o marido. \u201cA gente est\u00e1 muito feliz. \u00c9 um momento muito especial da nossa vida. E como a gente sempre teve a vida muito privada, muito particular, a gente prefere manter entre n\u00f3s. Se eu posso dizer alguma coisa, \u00e9 s\u00f3 que estou muito feliz\u201d, afirmou.<\/p>\n<blockquote class=\"instagram-media\" style=\"background: #FFF; border: 0; border-radius: 3px; box-shadow: 0 0 1px 0 rgba(0,0,0,0.5),0 1px 10px 0 rgba(0,0,0,0.15); margin: 1px; max-width: 540px; min-width: 326px; padding: 0; width: calc(100% - 2px);\" data-instgrm-captioned=\"\" data-instgrm-permalink=\"https:\/\/www.instagram.com\/p\/DFtMTdsSHWy\/?utm_source=ig_embed&amp;utm_campaign=loading\" data-instgrm-version=\"14\"><\/blockquote>\n<p>  Gabriel Leone anuncia investimento na carreira musical <\/p>\n<p>Gabriel Leone revelou um novo cap\u00edtulo de sua trajet\u00f3ria art\u00edstica ao anunciar que est\u00e1 oficialmente investindo na carreira musical. Conhecido por trabalhos de destaque na Globo e pelo alcance internacional ap\u00f3s interpretar<strong> Ayrton Senna<\/strong> na s\u00e9rie da Netflix, o ator decidiu finalmente se dedicar \u00e0 m\u00fasica, uma paix\u00e3o antiga.<\/p>\n<p>Durante entrevista ao programa Conversa com Bial, ele explicou que a rela\u00e7\u00e3o com a arte musical sempre fez parte de sua vida. \u201cA m\u00fasica, para mim, \u00e9 algo muito precioso. Sempre tive a ideia de que, quando fizesse alguma coisa, queria criar algo que eu colocasse na vitrola e ouvisse com muito orgulho\u201d, disse.<\/p>\n<p>Leone contou tamb\u00e9m que vinha adiando esse passo por receio de n\u00e3o conseguir se dedicar como gostaria. \u201cSempre empurrava com a barriga. Pensava: quando eu for compor, vou parar um tempo da minha vida s\u00f3 para isso. E este ano, algo mexeu comigo\u201d, afirmou.<\/p>\n<p>Leia tamb\u00e9m: <a href=\"https:\/\/caras.com.br\/atualidades\/discreta-carla-salle-exibe-barrigao-de-gravida-em-evento-veja-fotos.phtml\" rel=\"nofollow noopener\" target=\"_blank\">Discreta, Carla Salle exibe barrig\u00e3o de gr\u00e1vida em evento; veja fotos<\/a><\/p>\n<p>        <a href=\"https:\/\/caras.com.br\/autor\/izabella-nicolau\" rel=\"nofollow noopener\" target=\"_blank\">&#13;<br \/>\n          <img loading=\"lazy\" decoding=\"async\" alt=\"Izabella Nicolau\" src=\"https:\/\/www.europesays.com\/pt\/wp-content\/uploads\/2025\/10\/1761546134_794_whatsapp_image_2025-08-12_at_15.10.50_1_sqmd.jpeg\" class=\"avatar avatar-115 photo rounded-circle\" height=\"115\" width=\"115\"\/>        <\/a><\/p>\n<p><strong>Izabella Nicolau<\/strong> \u00e9 rep\u00f3rter de conte\u00fado do site CARAS. Formada em jornalismo, j\u00e1 passou por sites como Observat\u00f3rio do Cinema e Ultraverso. Escreve sobre cultura, entretenimento e celebridades.<\/p>\n<ul class=\"terms-list post_tag list-inline\">\n<li class=\"carla-salle list-inline-item\">\n\t\t\t\t\t<a href=\"https:\/\/caras.com.br\/tags\/carla-salle\" class=\"item-category\" rel=\"nofollow noopener\" target=\"_blank\">Carla Salle<\/a>\n\t\t\t\t<\/li>\n<li class=\"gabriel-leone list-inline-item\">\n\t\t\t\t\t<a href=\"https:\/\/caras.com.br\/tags\/gabriel-leone\" class=\"item-category\" rel=\"nofollow noopener\" target=\"_blank\">Gabriel Leone<\/a>\n\t\t\t\t<\/li>\n<\/ul>\n<p>\t                                            <script async src=\"\/\/www.instagram.com\/embed.js\"><\/script><\/p>\n","protected":false},"excerpt":{"rendered":"Gabriel Leone e Carla Salle est\u00e3o vivendo uma fase in\u00e9dita e reservada. Longe dos holofotes, os atores deram&hellip;\n","protected":false},"author":2,"featured_media":172464,"comment_status":"","ping_status":"","sticky":false,"template":"","format":"standard","meta":{"footnotes":""},"categories":[145],"tags":[36042,211,210,114,115,32680,32,33],"class_list":{"0":"post-172463","1":"post","2":"type-post","3":"status-publish","4":"format-standard","5":"has-post-thumbnail","7":"category-celebridades","8":"tag-carla-salle","9":"tag-celebridades","10":"tag-celebrities","11":"tag-entertainment","12":"tag-entretenimento","13":"tag-gabriel-leone","14":"tag-portugal","15":"tag-pt"},"share_on_mastodon":{"url":"https:\/\/pubeurope.com\/@pt\/115647039762283709","error":""},"_links":{"self":[{"href":"https:\/\/www.europesays.com\/pt\/wp-json\/wp\/v2\/posts\/172463","targetHints":{"allow":["GET"]}}],"collection":[{"href":"https:\/\/www.europesays.com\/pt\/wp-json\/wp\/v2\/posts"}],"about":[{"href":"https:\/\/www.europesays.com\/pt\/wp-json\/wp\/v2\/types\/post"}],"author":[{"embeddable":true,"href":"https:\/\/www.europesays.com\/pt\/wp-json\/wp\/v2\/users\/2"}],"replies":[{"embeddable":true,"href":"https:\/\/www.europesays.com\/pt\/wp-json\/wp\/v2\/comments?post=172463"}],"version-history":[{"count":0,"href":"https:\/\/www.europesays.com\/pt\/wp-json\/wp\/v2\/posts\/172463\/revisions"}],"wp:featuredmedia":[{"embeddable":true,"href":"https:\/\/www.europesays.com\/pt\/wp-json\/wp\/v2\/media\/172464"}],"wp:attachment":[{"href":"https:\/\/www.europesays.com\/pt\/wp-json\/wp\/v2\/media?parent=172463"}],"wp:term":[{"taxonomy":"category","embeddable":true,"href":"https:\/\/www.europesays.com\/pt\/wp-json\/wp\/v2\/categories?post=172463"},{"taxonomy":"post_tag","embeddable":true,"href":"https:\/\/www.europesays.com\/pt\/wp-json\/wp\/v2\/tags?post=172463"}],"curies":[{"name":"wp","href":"https:\/\/api.w.org\/{rel}","templated":true}]}}