{"id":172470,"date":"2025-12-02T00:08:16","date_gmt":"2025-12-02T00:08:16","guid":{"rendered":"https:\/\/www.europesays.com\/pt\/172470\/"},"modified":"2025-12-02T00:08:16","modified_gmt":"2025-12-02T00:08:16","slug":"enzo-e-a-ida-para-o-chelsea-se-nao-tivesse-falado-com-rui-costa-nao-teria-acontecido","status":"publish","type":"post","link":"https:\/\/www.europesays.com\/pt\/172470\/","title":{"rendered":"Enzo e a ida para o Chelsea: \u00abSe n\u00e3o tivesse falado com Rui Costa n\u00e3o teria acontecido\u00bb"},"content":{"rendered":"<p>Enzo Fern\u00e1ndez, m\u00e9dio argentino, representou o Benfica no in\u00edcio da temporada 2022\/23. Mudou-se para o Chelsea em janeiro de 2023 a troco de 121 milh\u00f5es de euros numa transfer\u00eancia que ficou marcada por pol\u00e9mica.\u00a0<\/p>\n<p>O agora capit\u00e3o dos \u00abblues\u00bb quebrou o sil\u00eancio e recordou essa mudan\u00e7a, refor\u00e7ando a satisfa\u00e7\u00e3o por tudo ter funcionado conforme a vontade do jogador.<\/p>\n<p>\u00abQuando o Chelsea apareceu, n\u00e3o tive d\u00favidas nem um segundo. Queria jogar na Premier League, queria vir para o Chelsea a todo o custo e n\u00e3o quis deixar a oportunidade passar. Toda a gente sabe disso e gra\u00e7as a Deus as coisas funcionaram. Agora, estou aqui e muito feliz\u00bb, come\u00e7ou por referir em entrevista ao GiveMeSport.<\/p>\n<p>Recordou a posi\u00e7\u00e3o de Rui Costa, presidente do Benfica, que deu luz verde para que o m\u00e9dio sa\u00edsse do Benfica seis meses depois de ser contratado.\u00a0<\/p>\n<p>\u00abDisse a Rui Costa &#8216;por favor, deixa-me cumprir o sonho de jogar na Premier League por um clube grande como o Chelsea&#8217; e, felizmente, ele percebeu. Foi uma transfer\u00eancia hist\u00f3rica. Da minha parte obviamente agrade\u00e7o-lhe por aceitar a oferta\u00bb, recordou.<\/p>\n<p>Enzo afirmou, ainda, que a transfer\u00eancia n\u00e3o teria acontecido se n\u00e3o tivesse conversado com l\u00edder encarando<\/p>\n<p>\u00abSe eu n\u00e3o tivesse falado com ele [Rui Costa], a transfer\u00eancia n\u00e3o teria acontecido. Foi uma negocia\u00e7\u00e3o muito longa e complicada. O Benfica e o meu agente sabiam que o Chelsea queria contar comigo e ia fazer os poss\u00edveis para comprar-me\u00bb, partilhou.<\/p>\n<p>As horas apertaram e a sa\u00edda n\u00e3o estava certa. Rui Costa ainda tentou convencer o jogador, como conta Enzo, mas a vontade do argentino revelou-se preponderante.\u00a0<\/p>\n<p>\u00abNo \u00faltimo momento tive de falar com Rui Costa para deixar-me vir para o Chelsea. Ele queria que eu ficasse mais seis meses porque disse que ia ter muitas mais ofertas. Mas no futebol nunca se sabe. Queria vir para a Premier e para o Chelsea e por isso mantive a minha decis\u00e3o. Estou muito feliz com a decis\u00e3o que tomei\u00bb, concluiu.\u00a0<br \/>\u00a0<\/p>\n","protected":false},"excerpt":{"rendered":"Enzo Fern\u00e1ndez, m\u00e9dio argentino, representou o Benfica no in\u00edcio da temporada 2022\/23. Mudou-se para o Chelsea em janeiro&hellip;\n","protected":false},"author":2,"featured_media":172471,"comment_status":"","ping_status":"","sticky":false,"template":"","format":"standard","meta":{"footnotes":""},"categories":[87],"tags":[2424,51,904,135,24353,665,82,46,32,33,47,6058,134,35],"class_list":{"0":"post-172470","1":"post","2":"type-post","3":"status-publish","4":"format-standard","5":"has-post-thumbnail","7":"category-desporto","8":"tag-argentina","9":"tag-benfica","10":"tag-chelsea","11":"tag-desporto","12":"tag-enzo-fernandez","13":"tag-inglaterra","14":"tag-internacional","15":"tag-maisfutebol","16":"tag-portugal","17":"tag-pt","18":"tag-pura-paixao","19":"tag-rui-costa","20":"tag-sports","21":"tag-transferencias"},"share_on_mastodon":{"url":"https:\/\/pubeurope.com\/@pt\/115647067933818975","error":""},"_links":{"self":[{"href":"https:\/\/www.europesays.com\/pt\/wp-json\/wp\/v2\/posts\/172470","targetHints":{"allow":["GET"]}}],"collection":[{"href":"https:\/\/www.europesays.com\/pt\/wp-json\/wp\/v2\/posts"}],"about":[{"href":"https:\/\/www.europesays.com\/pt\/wp-json\/wp\/v2\/types\/post"}],"author":[{"embeddable":true,"href":"https:\/\/www.europesays.com\/pt\/wp-json\/wp\/v2\/users\/2"}],"replies":[{"embeddable":true,"href":"https:\/\/www.europesays.com\/pt\/wp-json\/wp\/v2\/comments?post=172470"}],"version-history":[{"count":0,"href":"https:\/\/www.europesays.com\/pt\/wp-json\/wp\/v2\/posts\/172470\/revisions"}],"wp:featuredmedia":[{"embeddable":true,"href":"https:\/\/www.europesays.com\/pt\/wp-json\/wp\/v2\/media\/172471"}],"wp:attachment":[{"href":"https:\/\/www.europesays.com\/pt\/wp-json\/wp\/v2\/media?parent=172470"}],"wp:term":[{"taxonomy":"category","embeddable":true,"href":"https:\/\/www.europesays.com\/pt\/wp-json\/wp\/v2\/categories?post=172470"},{"taxonomy":"post_tag","embeddable":true,"href":"https:\/\/www.europesays.com\/pt\/wp-json\/wp\/v2\/tags?post=172470"}],"curies":[{"name":"wp","href":"https:\/\/api.w.org\/{rel}","templated":true}]}}