{"id":172475,"date":"2025-12-02T00:12:14","date_gmt":"2025-12-02T00:12:14","guid":{"rendered":"https:\/\/www.europesays.com\/pt\/172475\/"},"modified":"2025-12-02T00:12:14","modified_gmt":"2025-12-02T00:12:14","slug":"elon-musk-reafirma-que-a-tesla-nunca-produzira-motociclos-eletricos","status":"publish","type":"post","link":"https:\/\/www.europesays.com\/pt\/172475\/","title":{"rendered":"Elon Musk reafirma que a Tesla nunca produzir\u00e1 motociclos el\u00e9tricos"},"content":{"rendered":"<p>A ideia de um motociclo el\u00e9trico da Tesla tem sido um sonho para muitos entusiastas, mas o CEO da empresa, Elon Musk, voltou a colocar um ponto final nesta especula\u00e7\u00e3o. Atrav\u00e9s das redes sociais, explicou de forma categ\u00f3rica as suas raz\u00f5es.<\/p>\n<p style=\"text-align: center;\"><a target=\"_blank\" href=\"https:\/\/pplware.sapo.pt\/wp-content\/uploads\/2025\/12\/musk_motos_tesla.webp\" rel=\"nofollow noopener\"><img fetchpriority=\"high\" decoding=\"async\" src=\"https:\/\/www.europesays.com\/pt\/wp-content\/uploads\/2025\/12\/musk_motos_tesla-1024x576.webp.webp\" alt=\"\" width=\"720\" height=\"405\" class=\"alignnone size-large wp-image-1091193\"  \/><\/a><\/p>\n<p>Uma quest\u00e3o de seguran\u00e7a pessoal<\/p>\n<p>J\u00e1 n\u00e3o \u00e9 a primeira vez que ouvimos Elon Musk afirmar que n\u00e3o tem qualquer inten\u00e7\u00e3o de que a Tesla produza um motociclo el\u00e9trico. Contudo, o controverso CEO <a target=\"_blank\" href=\"https:\/\/x.com\/elonmusk\/status\/1995344330454892828\" rel=\"nofollow\">recorreu<\/a> recentemente \u00e0 sua plataforma social X (anteriormente conhecida como Twitter) para refor\u00e7ar a sua posi\u00e7\u00e3o<strong> e explicar por que raz\u00e3o este projeto nunca ver\u00e1 a luz do dia<\/strong>.<\/p>\n<p>A quest\u00e3o, segundo Musk, n\u00e3o reside na incapacidade t\u00e9cnica da Tesla para desenvolver um motociclo el\u00e9trico de alta performance,<strong> mas sim na sua convic\u00e7\u00e3o pessoal de que estes ve\u00edculos s\u00e3o inerentemente perigosos<\/strong>.<\/p>\n<blockquote>\n<p>Nunca ir\u00e1 acontecer, pois n\u00e3o conseguimos tornar os motociclos seguros.<\/p>\n<\/blockquote>\n<p>Respondeu Musk a um v\u00eddeo gerado por intelig\u00eancia artificial que imaginava um motociclo da Tesla. Para fundamentar a sua opini\u00e3o, Musk relembrou um epis\u00f3dio pessoal que j\u00e1 narrou diversas vezes: um acidente grave que sofreu na sua juventude,<strong> no qual quase foi morto por um cami\u00e3o enquanto conduzia um motociclo<\/strong>.<\/p>\n<p>No entanto, o CEO parece direcionar as suas preocupa\u00e7\u00f5es principalmente para os motociclos de estrada.<\/p>\n<blockquote>\n<p>As motas de todo-o-terreno s\u00e3o seguras se conduzir com cuidado, pois n\u00e3o corre o risco de ser esmagado por um cami\u00e3o.<\/p>\n<\/blockquote>\n<p>Acrescentou.<\/p>\n<blockquote class=\"tw-align-center twitter-tweet\">\n<p lang=\"en\" dir=\"ltr\">Never happening, as we can\u2019t make motorcycles safe.<\/p>\n<p>For <a target=\"_blank\" href=\"https:\/\/twitter.com\/CommunityNotes?ref_src=twsrc%5Etfw\" rel=\"nofollow noopener\">@CommunityNotes<\/a>, my near death experience was on a road bike.<\/p>\n<p>Dirt bikes are safe if you ride carefully, as you can\u2019t be smashed by a truck.<\/p>\n<p>\u2014 Elon Musk (@elonmusk) <a target=\"_blank\" href=\"https:\/\/twitter.com\/elonmusk\/status\/1995344330454892828?ref_src=twsrc%5Etfw\" rel=\"nofollow noopener\">December 1, 2025<\/a><\/p>\n<\/blockquote>\n<p>A ironia da seguran\u00e7a: Autopilot da Tesla<\/p>\n<p>A posi\u00e7\u00e3o de Musk sobre a seguran\u00e7a dos motociclos n\u00e3o deixa de ser ir\u00f3nica, especialmente quando se considera o historial do sistema Autopilot da Tesla. Esta tecnologia de condu\u00e7\u00e3o assistida tem sido alvo de duras cr\u00edticas precisamente pelo perigo que representa para os motociclistas. J\u00e1 foram registados v\u00e1rios acidentes fatais em que ve\u00edculos Tesla, <strong>a operar em modo Autopilot, colidiram com motociclos<\/strong>.<\/p>\n<p>Muitos especialistas sugerem que o sistema da Tesla, focado exclusivamente em c\u00e2maras de vis\u00e3o, pode ter dificuldade em interpretar corretamente os motociclos. A hip\u00f3tese mais comum \u00e9 que o software confunde o par de luzes traseiras, mais pr\u00f3ximas entre si num motociclo, <strong>com as de um autom\u00f3vel a uma dist\u00e2ncia muito maior<\/strong>.<\/p>\n<p>Embora o setor dos motociclos el\u00e9tricos n\u00e3o v\u00e1 beneficiar do &#8220;efeito Tesla&#8221; t\u00e3o cedo, a verdade \u00e9 que o mercado est\u00e1 longe de estar estagnado. Marcas tradicionais como a Honda, BMW e Kawasaki <strong>est\u00e3o finalmente a lan\u00e7ar os seus primeiros modelos de produ\u00e7\u00e3o em s\u00e9rie<\/strong>.<\/p>\n<p>Simultaneamente, empresas mais pequenas como a Ryvid est\u00e3o a responder \u00e0 crescente procura por motociclos urbanos e acess\u00edveis. Na \u00c1sia, gigantes como a Yadea e a NIU est\u00e3o a inundar o mercado com scooters el\u00e9tricas econ\u00f3micas,<strong> impulsionando a ado\u00e7\u00e3o global a um ritmo muito superior ao verificado nos Estados Unidos<\/strong>.<\/p>\n<p>\u00a0<\/p>\n<p><strong>Leia tamb\u00e9m:<\/strong><\/p>\n<p>\t\t\t\t\t\t<script async src=\"https:\/\/platform.twitter.com\/widgets.js\" charset=\"utf-8\"><\/script><\/p>\n","protected":false},"excerpt":{"rendered":"A ideia de um motociclo el\u00e9trico da Tesla tem sido um sonho para muitos entusiastas, mas o CEO&hellip;\n","protected":false},"author":2,"featured_media":172476,"comment_status":"","ping_status":"","sticky":false,"template":"","format":"standard","meta":{"footnotes":""},"categories":[83],"tags":[88,89,584,90,36044,32,33,296],"class_list":{"0":"post-172475","1":"post","2":"type-post","3":"status-publish","4":"format-standard","5":"has-post-thumbnail","7":"category-empresas","8":"tag-business","9":"tag-economy","10":"tag-elon-musk","11":"tag-empresas","12":"tag-motociclo-eletrico","13":"tag-portugal","14":"tag-pt","15":"tag-tesla"},"share_on_mastodon":{"url":"https:\/\/pubeurope.com\/@pt\/115647083303395141","error":""},"_links":{"self":[{"href":"https:\/\/www.europesays.com\/pt\/wp-json\/wp\/v2\/posts\/172475","targetHints":{"allow":["GET"]}}],"collection":[{"href":"https:\/\/www.europesays.com\/pt\/wp-json\/wp\/v2\/posts"}],"about":[{"href":"https:\/\/www.europesays.com\/pt\/wp-json\/wp\/v2\/types\/post"}],"author":[{"embeddable":true,"href":"https:\/\/www.europesays.com\/pt\/wp-json\/wp\/v2\/users\/2"}],"replies":[{"embeddable":true,"href":"https:\/\/www.europesays.com\/pt\/wp-json\/wp\/v2\/comments?post=172475"}],"version-history":[{"count":0,"href":"https:\/\/www.europesays.com\/pt\/wp-json\/wp\/v2\/posts\/172475\/revisions"}],"wp:featuredmedia":[{"embeddable":true,"href":"https:\/\/www.europesays.com\/pt\/wp-json\/wp\/v2\/media\/172476"}],"wp:attachment":[{"href":"https:\/\/www.europesays.com\/pt\/wp-json\/wp\/v2\/media?parent=172475"}],"wp:term":[{"taxonomy":"category","embeddable":true,"href":"https:\/\/www.europesays.com\/pt\/wp-json\/wp\/v2\/categories?post=172475"},{"taxonomy":"post_tag","embeddable":true,"href":"https:\/\/www.europesays.com\/pt\/wp-json\/wp\/v2\/tags?post=172475"}],"curies":[{"name":"wp","href":"https:\/\/api.w.org\/{rel}","templated":true}]}}