{"id":172477,"date":"2025-12-02T00:13:17","date_gmt":"2025-12-02T00:13:17","guid":{"rendered":"https:\/\/www.europesays.com\/pt\/172477\/"},"modified":"2025-12-02T00:13:17","modified_gmt":"2025-12-02T00:13:17","slug":"antonio-guterres-atualiza-orcamento-da-onu-e-propoe-cortes-de-quase-500-milhoes-de-euros","status":"publish","type":"post","link":"https:\/\/www.europesays.com\/pt\/172477\/","title":{"rendered":"Ant\u00f3nio Guterres atualiza or\u00e7amento da ONU e prop\u00f5e cortes de quase 500 milh\u00f5es de euros"},"content":{"rendered":"<p>        Numa apresenta\u00e7\u00e3o perante\u00a0a Quinta Comiss\u00e3o da ONU,\u00a0respons\u00e1vel por assuntos administrativos e or\u00e7amentais, Guterres\u00a0prop\u00f4s reduzir as necessidades de recursos das Na\u00e7\u00f5es Unidas para 3,238 bili\u00f5es de d\u00f3lares (2,79 mil milh\u00f5es de euros),\u00a0uma redu\u00e7\u00e3o de 15,1%\u00a0face a\u00a02025.    <\/p>\n<p>O secret\u00e1rio-geral da ONU, Ant\u00f3nio Guterres, atualizou esta segunda-feira a proposta de or\u00e7amento regular da organiza\u00e7\u00e3o para 2026, prevendo agora cortes de 577 milh\u00f5es de d\u00f3lares (496,4 milh\u00f5es de euros) e uma redu\u00e7\u00e3o de 2.681 postos de trabalho.<\/p>\n<p class=\"text-paragraph\">Numa apresenta\u00e7\u00e3o perante\u00a0a Quinta Comiss\u00e3o da ONU,\u00a0respons\u00e1vel por assuntos administrativos e or\u00e7amentais, Guterres\u00a0prop\u00f4s reduzir as necessidades de recursos das Na\u00e7\u00f5es Unidas para 3,238 bili\u00f5es de d\u00f3lares (2,79 mil milh\u00f5es de euros),\u00a0uma redu\u00e7\u00e3o de 15,1%\u00a0face a\u00a02025.<\/p>\n<p class=\"text-paragraph\">A tabela de pessoal\u00a0foi revista para 11.594 postos de trabalho \u2013 incluindo Miss\u00f5es Pol\u00edticas Especiais \u2013, uma redu\u00e7\u00e3o de 2.681 postos, ou 18,8%, em compara\u00e7\u00e3o com a tabela de pessoal aprovada para 2025.<\/p>\n<p class=\"text-paragraph\">\u201cEmbora as redu\u00e7\u00f5es propostas sejam substanciais, foram cuidadosamente calibradas para preservar o equil\u00edbrio entre os tr\u00eas pilares da organiza\u00e7\u00e3o: paz e seguran\u00e7a, desenvolvimento sustent\u00e1vel e direitos humanos\u201d, assegurou Guterres, num momento em que a ONU atravessa uma grave crise de liquidez.<\/p>\n<p class=\"text-paragraph\">Os cortes integram a \u201cIniciativa ONU80\u201d, um projeto anunciado por Guterres que visa\u00a0mudan\u00e7as estruturais na pr\u00f3pria organiza\u00e7\u00e3o, como a fus\u00e3o de unidades, elimina\u00e7\u00e3o de duplica\u00e7\u00f5es funcionais e estruturais, e cortes em fun\u00e7\u00f5es que s\u00e3o desempenhadas noutras partes do sistema, incluindo nas\u00a0Miss\u00f5es de Paz.<\/p>\n<p class=\"text-paragraph\">Isenta de cortes ficou\u00a0a ag\u00eancia das Na\u00e7\u00f5es Unidas para os refugiados palestinianos (UNRWA),\u00a0com Guterres a justificar que\u00a0quaisquer redu\u00e7\u00f5es poderiam ter\u00a0\u201cconsequ\u00eancias dr\u00e1sticas na espinha dorsal de toda a resposta humanit\u00e1ria a Gaza\u201d.<\/p>\n<p class=\"text-paragraph\">\u201cA Conta de Desenvolvimento e a defesa do desenvolvimento de \u00c1frica tamb\u00e9m foram isentas de cortes que inevitavelmente teriam impacto direto no nosso apoio aos Estados-membros, dificultando os esfor\u00e7os para a Agenda 2030, os Objetivos de Desenvolvimento Sustent\u00e1vel e a Agenda 2063 da Uni\u00e3o Africana\u201d, argumentou Guterres.<\/p>\n<p class=\"text-paragraph\">Para as miss\u00f5es pol\u00edticas especiais, o or\u00e7amento revisto ascende a 543,6 milh\u00f5es de d\u00f3lares (467,6 milh\u00f5es de euros), uma redu\u00e7\u00e3o de 96,3 milh\u00f5es de d\u00f3lares (82,8 milh\u00f5es de euros) ou 15% em compara\u00e7\u00e3o com o or\u00e7amento inicialmente proposto para 2026, e uma redu\u00e7\u00e3o de\u00a021,6% face a este ano.<\/p>\n<p class=\"text-paragraph\">Segundo o l\u00edder da ONU, estes ajustes refletem os apelos para um secretariado da organiza\u00e7\u00e3o internacional \u201cmais eficaz, \u00e1gil e resiliente\u201d e cont\u00e9m propostas para \u201calinhar os recursos com as prioridades organizacionais, modernizar as opera\u00e7\u00f5es internas e refletir uma resposta pragm\u00e1tica ao contexto fiscal em constante evolu\u00e7\u00e3o\u201d.<\/p>\n<p class=\"text-paragraph\">Por\u00e9m, redu\u00e7\u00f5es desta magnitude \u201cter\u00e3o inevitavelmente impactos program\u00e1ticos e operacionais em todas as entidades e acarretar\u00e3o ajustes na forma como o secretariado executa as atividades que lhe est\u00e3o atribu\u00eddas\u201d, alertou o antigo primeiro-ministro portugu\u00eas.<\/p>\n<p class=\"text-paragraph\">\u201cEstas medidas constituem redu\u00e7\u00f5es or\u00e7amentais substanciais que afetam as pessoas reais, as fam\u00edlias e os futuros \u2013 e nunca devemos perder de vista esta dimens\u00e3o humana\u201d, acrescentou.<\/p>\n<p class=\"text-paragraph\">As propostas incluem tamb\u00e9m a\u00a0cria\u00e7\u00e3o de centros administrativos em Nova Iorque e Banguecoque (Tail\u00e2ndia), a unifica\u00e7\u00e3o do processamento de sal\u00e1rios numa equipa\u00a0global distribu\u00edda entre Nova Iorque, Entebbe (Uganda) e Nairobi (Qu\u00e9nia), e a transfer\u00eancia de fun\u00e7\u00f5es desde as sedes mais caras \u2013\u00a0como Nova Iorque e Genebra \u2013\u00a0para locais de menor custo.<\/p>\n<p class=\"text-paragraph\">Desde 2017, o secretariado da ONU poupou 126 milh\u00f5es de d\u00f3lares (108,4 milh\u00f5es de euros) com o fim de contratos de arrendamento comercial em Nova Iorque, especificou ainda Guterres.<\/p>\n<p class=\"text-paragraph\">Al\u00e9m disso, a ONU planeia desocupar dois edif\u00edcios alugados em Nova Iorque at\u00e9 2027, gerando poupan\u00e7as de milh\u00f5es de d\u00f3lares anuais a partir de 2028.<\/p>\n<p class=\"text-paragraph\">A ONU\u00a0foi severamente afetada por cortes de financiamento do seu maior doador, os Estados Unidos, ap\u00f3s a tomada de posse de Donald Trump como Presidente, em janeiro deste ano.<\/p>\n<p class=\"text-paragraph\">Apesar da carga de trabalho da ONU aumentar de ano para ano, os recursos est\u00e3o a diminuir em todos os setores, contribuindo para isso o facto de que\u00a0nem todos os Estados-membros pagam na totalidade\u00a0as obriga\u00e7\u00f5es anuais e muitos tamb\u00e9m n\u00e3o pagam a tempo.<\/p>\n<p class=\"text-paragraph\">Sobre o pagamento das obriga\u00e7\u00f5es anuais, Guterres criticou o \u201cvolume inaceit\u00e1vel de atrasos\u201d,\u00a0frisando que a ONU terminou\u00a02024 com um d\u00e9bito de 760 milh\u00f5es de d\u00f3lares (653,8 milh\u00f5es de euros), dos quais 709 milh\u00f5es de d\u00f3lares (610 milh\u00f5es de euros) ainda est\u00e3o pendentes.<\/p>\n<p class=\"text-paragraph\">Al\u00e9m disso, Guterres assinalou que a ONU tamb\u00e9m n\u00e3o recebeu 877 milh\u00f5es de d\u00f3lares (754,2 milh\u00f5es de euros)\u00a0referentes \u00e0s contribui\u00e7\u00f5es de 2025.<\/p>\n<p class=\"text-paragraph\">Assim, o d\u00e9bito \u00e9 atualmente superior a 1,3 mil milh\u00f5es de euros.<\/p>\n","protected":false},"excerpt":{"rendered":"Numa apresenta\u00e7\u00e3o perante\u00a0a Quinta Comiss\u00e3o da ONU,\u00a0respons\u00e1vel por assuntos administrativos e or\u00e7amentais, Guterres\u00a0prop\u00f4s reduzir as necessidades de recursos&hellip;\n","protected":false},"author":2,"featured_media":172478,"comment_status":"","ping_status":"","sticky":false,"template":"","format":"standard","meta":{"footnotes":""},"categories":[50],"tags":[5465,27,28,15,16,17736,532,14,36045,25,26,21,22,62,12,13,19,20,910,23,24,17,18,29,30,31,36046,63,64,65],"class_list":{"0":"post-172477","1":"post","2":"type-post","3":"status-publish","4":"format-standard","5":"has-post-thumbnail","7":"category-mundo","8":"tag-antonio-guterres","9":"tag-breaking-news","10":"tag-breakingnews","11":"tag-featured-news","12":"tag-featurednews","13":"tag-financiamento","14":"tag-gaza","15":"tag-headlines","16":"tag-iniciativa-onu80","17":"tag-latest-news","18":"tag-latestnews","19":"tag-main-news","20":"tag-mainnews","21":"tag-mundo","22":"tag-news","23":"tag-noticias","24":"tag-noticias-principais","25":"tag-noticiasprincipais","26":"tag-onu","27":"tag-principais-noticias","28":"tag-principaisnoticias","29":"tag-top-stories","30":"tag-topstories","31":"tag-ultimas","32":"tag-ultimas-noticias","33":"tag-ultimasnoticias","34":"tag-unrwa","35":"tag-world","36":"tag-world-news","37":"tag-worldnews"},"share_on_mastodon":{"url":"https:\/\/pubeurope.com\/@pt\/115647086780497819","error":""},"_links":{"self":[{"href":"https:\/\/www.europesays.com\/pt\/wp-json\/wp\/v2\/posts\/172477","targetHints":{"allow":["GET"]}}],"collection":[{"href":"https:\/\/www.europesays.com\/pt\/wp-json\/wp\/v2\/posts"}],"about":[{"href":"https:\/\/www.europesays.com\/pt\/wp-json\/wp\/v2\/types\/post"}],"author":[{"embeddable":true,"href":"https:\/\/www.europesays.com\/pt\/wp-json\/wp\/v2\/users\/2"}],"replies":[{"embeddable":true,"href":"https:\/\/www.europesays.com\/pt\/wp-json\/wp\/v2\/comments?post=172477"}],"version-history":[{"count":0,"href":"https:\/\/www.europesays.com\/pt\/wp-json\/wp\/v2\/posts\/172477\/revisions"}],"wp:featuredmedia":[{"embeddable":true,"href":"https:\/\/www.europesays.com\/pt\/wp-json\/wp\/v2\/media\/172478"}],"wp:attachment":[{"href":"https:\/\/www.europesays.com\/pt\/wp-json\/wp\/v2\/media?parent=172477"}],"wp:term":[{"taxonomy":"category","embeddable":true,"href":"https:\/\/www.europesays.com\/pt\/wp-json\/wp\/v2\/categories?post=172477"},{"taxonomy":"post_tag","embeddable":true,"href":"https:\/\/www.europesays.com\/pt\/wp-json\/wp\/v2\/tags?post=172477"}],"curies":[{"name":"wp","href":"https:\/\/api.w.org\/{rel}","templated":true}]}}