{"id":172487,"date":"2025-12-02T00:22:09","date_gmt":"2025-12-02T00:22:09","guid":{"rendered":"https:\/\/www.europesays.com\/pt\/172487\/"},"modified":"2025-12-02T00:22:09","modified_gmt":"2025-12-02T00:22:09","slug":"jogador-do-felgueiras-sofre-queimaduras-em-incendio-domestico-felgueiras","status":"publish","type":"post","link":"https:\/\/www.europesays.com\/pt\/172487\/","title":{"rendered":"Jogador do Felgueiras sofre queimaduras em inc\u00eandio dom\u00e9stico &#8211; Felgueiras"},"content":{"rendered":"<p>                    01 dezembro 2025 &#8211; 20:45<\/p>\n<p>L\u00e9o Teixeira foi encaminhado para o hospital de Penafiel<\/p>\n<p class=\"\">&#13;<br \/>\n        L\u00e9o Teixeira, jogador do FC Felgueiras, sofreu queimaduras na sequ\u00eancia de um inc\u00eandio na cozinha do apartamento onde reside, no centro da cidade de Felgueiras.\u00a0O alerta foi dado cerca das 19h40, mobilizando os Bombeiros Volunt\u00e1rios de Felgueiras, que se deslocaram ao local com tr\u00eas viaturas, duas delas de combate a inc\u00eandio, e v\u00e1rios operacionais.&#13;\n    <\/p>\n<p class=\"\">&#13;<br \/>\n        O jogador, que foi titular no jogo em Pa\u00e7os de Ferreira, foi transportado ao Hospital de Penafiel com queimaduras, encontrando-se est\u00e1vel \u00e0 chegada dos bombeiros. O caso est\u00e1 a ser acompanhado pelo clube.&#13;\n    <\/p>\n<p>                    Por Pedro Alves<\/p>\n","protected":false},"excerpt":{"rendered":"01 dezembro 2025 &#8211; 20:45 L\u00e9o Teixeira foi encaminhado para o hospital de Penafiel &#13; L\u00e9o Teixeira, jogador&hellip;\n","protected":false},"author":2,"featured_media":172488,"comment_status":"","ping_status":"","sticky":false,"template":"","format":"standard","meta":{"footnotes":""},"categories":[87],"tags":[135,32,33,134],"class_list":{"0":"post-172487","1":"post","2":"type-post","3":"status-publish","4":"format-standard","5":"has-post-thumbnail","7":"category-desporto","8":"tag-desporto","9":"tag-portugal","10":"tag-pt","11":"tag-sports"},"share_on_mastodon":{"url":"https:\/\/pubeurope.com\/@pt\/115647122239064954","error":""},"_links":{"self":[{"href":"https:\/\/www.europesays.com\/pt\/wp-json\/wp\/v2\/posts\/172487","targetHints":{"allow":["GET"]}}],"collection":[{"href":"https:\/\/www.europesays.com\/pt\/wp-json\/wp\/v2\/posts"}],"about":[{"href":"https:\/\/www.europesays.com\/pt\/wp-json\/wp\/v2\/types\/post"}],"author":[{"embeddable":true,"href":"https:\/\/www.europesays.com\/pt\/wp-json\/wp\/v2\/users\/2"}],"replies":[{"embeddable":true,"href":"https:\/\/www.europesays.com\/pt\/wp-json\/wp\/v2\/comments?post=172487"}],"version-history":[{"count":0,"href":"https:\/\/www.europesays.com\/pt\/wp-json\/wp\/v2\/posts\/172487\/revisions"}],"wp:featuredmedia":[{"embeddable":true,"href":"https:\/\/www.europesays.com\/pt\/wp-json\/wp\/v2\/media\/172488"}],"wp:attachment":[{"href":"https:\/\/www.europesays.com\/pt\/wp-json\/wp\/v2\/media?parent=172487"}],"wp:term":[{"taxonomy":"category","embeddable":true,"href":"https:\/\/www.europesays.com\/pt\/wp-json\/wp\/v2\/categories?post=172487"},{"taxonomy":"post_tag","embeddable":true,"href":"https:\/\/www.europesays.com\/pt\/wp-json\/wp\/v2\/tags?post=172487"}],"curies":[{"name":"wp","href":"https:\/\/api.w.org\/{rel}","templated":true}]}}