{"id":172495,"date":"2025-12-02T00:30:52","date_gmt":"2025-12-02T00:30:52","guid":{"rendered":"https:\/\/www.europesays.com\/pt\/172495\/"},"modified":"2025-12-02T00:30:52","modified_gmt":"2025-12-02T00:30:52","slug":"nao-gosto-quando-alguem-me-toca-na-cara","status":"publish","type":"post","link":"https:\/\/www.europesays.com\/pt\/172495\/","title":{"rendered":"\u00abN\u00e3o gosto quando algu\u00e9m me toca na cara\u00bb"},"content":{"rendered":"<p>&#8211; Advertisement &#8211;<\/p>\n<p><strong>Houve confus\u00e3o no final do FC Porto x Estoril Praia. Ian Cathro, treinador dos estorilistas, falou sobre o sucedido.<\/strong><\/p>\n<p>Ian Cathro fez a an\u00e1lise do duelo da 12.\u00aa jornada da\u00a0<a href=\"https:\/\/bolanarede.pt\/etiqueta\/primeira-liga\/\" target=\"_blank\" rel=\"noreferrer noopener nofollow\">Primeira Liga\u00a0<\/a>entre o FC Porto e o Estoril Praia. O encontro disputado no Est\u00e1dio do Drag\u00e3o terminou com o triunfo dos drag\u00f5es por 1-0.<strong>\u00a0<\/strong>O t\u00e9cnico dos estorilistas falou sobre o momento tenso com Francesco Farioli (e n\u00e3o s\u00f3) logo ap\u00f3s o apito final:<\/p>\n<p>\u00abN\u00e3o\u2026 Queria dizer ao mister Farioli que fiquei mesmo impressionado com o trabalho dele. N\u00e3o \u00e9 nada f\u00e1cil chegar aqui. Ele tem feito bons trabalhos antes e aqui est\u00e1 a fazer um trabalho excelente. Isso ficou \u00f3bvio. Mas quando lhe queria passar \u00e0 frente, acho que ele sentiu que eu lhe tinha dado um empurr\u00e3o. E depois come\u00e7aram as discuss\u00f5es e n\u00e3o gosto quando algu\u00e9m me toca na cara. Para mim \u00e9 estranho. \u00c9 uma coisa mais latina. Do outro lado, havia outras pessoas, e tenho alguns problemas com essas pessoas. Queriam intimidar-me e acho que fizeram um grande erro. Talvez n\u00e3o saibam que isso \u00e9 imposs\u00edvel\u00bb.<\/p>\n<p>Podes ler <a href=\"https:\/\/bolanarede.pt\/especial-bola-na-rede\/atualidade\/ian-cathro-enaltece-exibicao-do-estoril-frente-ao-fc-porto-tem-de-haver-justica-na-analise-da-qualidade-do-jogo-e-do-trabalho-dos-jogadores\/\" target=\"_blank\" rel=\"noreferrer noopener nofollow\">mais declara\u00e7\u00f5es de Ian Cathro no final do encontro.<\/a><\/p>\n","protected":false},"excerpt":{"rendered":"&#8211; Advertisement &#8211; Houve confus\u00e3o no final do FC Porto x Estoril Praia. Ian Cathro, treinador dos estorilistas,&hellip;\n","protected":false},"author":2,"featured_media":172496,"comment_status":"","ping_status":"","sticky":false,"template":"","format":"standard","meta":{"footnotes":""},"categories":[8],"tags":[260,27,28,478,9173,282,15,16,14,36047,25,26,21,22,12,13,19,20,32,479,23,24,33,17,18,29,30,31],"class_list":{"0":"post-172495","1":"post","2":"type-post","3":"status-publish","4":"format-standard","5":"has-post-thumbnail","7":"category-principais-noticias","8":"tag-atualidade","9":"tag-breaking-news","10":"tag-breakingnews","11":"tag-destaques-bnr","12":"tag-estoril-praia","13":"tag-fc-porto","14":"tag-featured-news","15":"tag-featurednews","16":"tag-headlines","17":"tag-ian-cathro","18":"tag-latest-news","19":"tag-latestnews","20":"tag-main-news","21":"tag-mainnews","22":"tag-news","23":"tag-noticias","24":"tag-noticias-principais","25":"tag-noticiasprincipais","26":"tag-portugal","27":"tag-primeira-liga","28":"tag-principais-noticias","29":"tag-principaisnoticias","30":"tag-pt","31":"tag-top-stories","32":"tag-topstories","33":"tag-ultimas","34":"tag-ultimas-noticias","35":"tag-ultimasnoticias"},"share_on_mastodon":{"url":"https:\/\/pubeurope.com\/@pt\/115647157558441089","error":""},"_links":{"self":[{"href":"https:\/\/www.europesays.com\/pt\/wp-json\/wp\/v2\/posts\/172495","targetHints":{"allow":["GET"]}}],"collection":[{"href":"https:\/\/www.europesays.com\/pt\/wp-json\/wp\/v2\/posts"}],"about":[{"href":"https:\/\/www.europesays.com\/pt\/wp-json\/wp\/v2\/types\/post"}],"author":[{"embeddable":true,"href":"https:\/\/www.europesays.com\/pt\/wp-json\/wp\/v2\/users\/2"}],"replies":[{"embeddable":true,"href":"https:\/\/www.europesays.com\/pt\/wp-json\/wp\/v2\/comments?post=172495"}],"version-history":[{"count":0,"href":"https:\/\/www.europesays.com\/pt\/wp-json\/wp\/v2\/posts\/172495\/revisions"}],"wp:featuredmedia":[{"embeddable":true,"href":"https:\/\/www.europesays.com\/pt\/wp-json\/wp\/v2\/media\/172496"}],"wp:attachment":[{"href":"https:\/\/www.europesays.com\/pt\/wp-json\/wp\/v2\/media?parent=172495"}],"wp:term":[{"taxonomy":"category","embeddable":true,"href":"https:\/\/www.europesays.com\/pt\/wp-json\/wp\/v2\/categories?post=172495"},{"taxonomy":"post_tag","embeddable":true,"href":"https:\/\/www.europesays.com\/pt\/wp-json\/wp\/v2\/tags?post=172495"}],"curies":[{"name":"wp","href":"https:\/\/api.w.org\/{rel}","templated":true}]}}