{"id":172503,"date":"2025-12-02T00:38:09","date_gmt":"2025-12-02T00:38:09","guid":{"rendered":"https:\/\/www.europesays.com\/pt\/172503\/"},"modified":"2025-12-02T00:38:09","modified_gmt":"2025-12-02T00:38:09","slug":"red-bull-pede-desculpa-apos-antonelli-receber-ameacas-de-morte","status":"publish","type":"post","link":"https:\/\/www.europesays.com\/pt\/172503\/","title":{"rendered":"Red Bull pede desculpa ap\u00f3s Antonelli receber amea\u00e7as de morte"},"content":{"rendered":"<p>A Red Bull emitiu um comunicado a retratar-se por causa dos coment\u00e1rios que levaram \u00e0s amea\u00e7as de morte recebidas por Kimi Antonelli, ap\u00f3s o Grande Pr\u00e9mio do Qatar.<\/p>\n<p>Antonelli perdeu o controlo do carro e foi ultrapassado por Lando Norris na pen\u00faltima volta da corrida, o que permitiu ao brit\u00e2nico da McLaren amenizar os pontos perdidos na luta pelo t\u00edtulo para Max Verstappen, antes da \u00faltima e decisiva corrida da \u00e9poca.<\/p>\n<p>Logo ap\u00f3s a corrida, Helmut Marko, consultor da Red Bull, sugeriu que Antonelli, da Mercedes, teria feito de prop\u00f3sito para ser ultrapassado por Norris.<\/p>\n<p>\u00abPor duas vezes, ele praticamente acenou para o Lando passar. Foi t\u00e3o \u00f3bvio\u00bb, disse, ao Motorsport.com.<\/p>\n<p>A situa\u00e7\u00e3o continuou a escalar e o jovem italiano recebeu milhares de amea\u00e7as de morte nas redes sociais.<\/p>\n<p>Ora, <a target=\"_blank\" class=\"editor-link\" href=\"https:\/\/www.abola.pt\/noticias\/marko-corrige-opiniao-sobre-o-erro-de-antonelli-2025120114005915663\" rel=\"nofollow noopener\">depois de o pr\u00f3prio Helmut Marko pedir desculpa pelas declara\u00e7\u00f5es<\/a>, a Red Bull tamb\u00e9m fez quest\u00e3o de assumir uma posi\u00e7\u00e3o p\u00fablica sobre o tema.<\/p>\n<p>\u00abOs coment\u00e1rios feitos antes do final e imediatamente ap\u00f3s o Grane Pr\u00e9mio do Qatar, sugerindo que o piloto da Mercedes, Kimi Antonelli, permitiu deliberadamente que Lando Norris o ultrapassasse s\u00e3o claramente incorretos\u00bb, l\u00ea-se, na nota.<\/p>\n<p>\u00abAs imagens da repeti\u00e7\u00e3o mostram Antonelli a perder momentaneamente o controlo do carro, permitindo assim a Norris ultrapass\u00e1-lo. Lamentamos profundamente que isto levado o Kimi a sofrer abusos online\u00bb, acrescentou a equipa austr\u00edaca.<\/p>\n<p><a target=\"_blank\" class=\"editor-link Hyperlink SCXW217879899 BCX8\" href=\"https:\/\/profile.google.com\/cp\/CgkvbS8wNWNjOHQ?pf=0\" rel=\"nofollow noopener\">Siga o perfil de <strong>A BOLA<\/strong> no Google<\/a><\/p>\n","protected":false},"excerpt":{"rendered":"A Red Bull emitiu um comunicado a retratar-se por causa dos coment\u00e1rios que levaram \u00e0s amea\u00e7as de morte&hellip;\n","protected":false},"author":2,"featured_media":172504,"comment_status":"","ping_status":"","sticky":false,"template":"","format":"standard","meta":{"footnotes":""},"categories":[87],"tags":[135,32,33,134],"class_list":{"0":"post-172503","1":"post","2":"type-post","3":"status-publish","4":"format-standard","5":"has-post-thumbnail","7":"category-desporto","8":"tag-desporto","9":"tag-portugal","10":"tag-pt","11":"tag-sports"},"share_on_mastodon":{"url":"https:\/\/pubeurope.com\/@pt\/115647185232500165","error":""},"_links":{"self":[{"href":"https:\/\/www.europesays.com\/pt\/wp-json\/wp\/v2\/posts\/172503","targetHints":{"allow":["GET"]}}],"collection":[{"href":"https:\/\/www.europesays.com\/pt\/wp-json\/wp\/v2\/posts"}],"about":[{"href":"https:\/\/www.europesays.com\/pt\/wp-json\/wp\/v2\/types\/post"}],"author":[{"embeddable":true,"href":"https:\/\/www.europesays.com\/pt\/wp-json\/wp\/v2\/users\/2"}],"replies":[{"embeddable":true,"href":"https:\/\/www.europesays.com\/pt\/wp-json\/wp\/v2\/comments?post=172503"}],"version-history":[{"count":0,"href":"https:\/\/www.europesays.com\/pt\/wp-json\/wp\/v2\/posts\/172503\/revisions"}],"wp:featuredmedia":[{"embeddable":true,"href":"https:\/\/www.europesays.com\/pt\/wp-json\/wp\/v2\/media\/172504"}],"wp:attachment":[{"href":"https:\/\/www.europesays.com\/pt\/wp-json\/wp\/v2\/media?parent=172503"}],"wp:term":[{"taxonomy":"category","embeddable":true,"href":"https:\/\/www.europesays.com\/pt\/wp-json\/wp\/v2\/categories?post=172503"},{"taxonomy":"post_tag","embeddable":true,"href":"https:\/\/www.europesays.com\/pt\/wp-json\/wp\/v2\/tags?post=172503"}],"curies":[{"name":"wp","href":"https:\/\/api.w.org\/{rel}","templated":true}]}}