{"id":172515,"date":"2025-12-02T00:46:17","date_gmt":"2025-12-02T00:46:17","guid":{"rendered":"https:\/\/www.europesays.com\/pt\/172515\/"},"modified":"2025-12-02T00:46:17","modified_gmt":"2025-12-02T00:46:17","slug":"fernanda-torres-da-conselho-a-wagner-moura-sobre-como-se-comportar-durante-a-disputa-do-oscar","status":"publish","type":"post","link":"https:\/\/www.europesays.com\/pt\/172515\/","title":{"rendered":"Fernanda Torres d\u00e1 conselho a Wagner Moura sobre como se comportar durante a disputa do Oscar"},"content":{"rendered":"<p>                        <img width=\"944\" height=\"531\" src=\"https:\/\/www.europesays.com\/pt\/wp-content\/uploads\/2025\/12\/Fernanda-Torres-da-conselho-a-Wagner-Moura-sobre-como-se-comportar-durante-a-disputa-do-Oscar-944x53.jpeg\" class=\"attachment-custom-large size-custom-large article-featured-image\" alt=\"Fernanda Torres e Wagner Moura\" fetchpriority=\"high\" decoding=\"async\"  \/><\/p>\n<p>Os dois atuaram juntos em Saneamento B\u00e1sico: O Filme (Foto: Divulga\u00e7\u00e3o)<\/p>\n<p>Ap\u00f3s relembrar sua pr\u00f3pria experi\u00eancia, <strong>Fernanda Torres<\/strong> enviou um conselho a <strong>Wagner Moura<\/strong> sobre a rotina de divulga\u00e7\u00e3o e campanha de <strong>O Agente Secreto<\/strong> para as pr\u00f3ximas premia\u00e7\u00f5es internacionais. Fernanda, na \u00e9poca que estava divulgando <strong>Ainda Estou Aqu<\/strong>i, foi indicada ao Globo de Ouro e ao Oscar. Ela ganhou o pr\u00eamio de Melhor Atriz no Globo de Ouro.<\/p>\n<p>Continua depois da publicidade<\/p>\n<p>Segundo Fernanda Torres, o<strong> per\u00edodo que antecede essas disputas exige aten\u00e7\u00e3o \u00e0 sa\u00fade<\/strong>. \u201cQue Wagner se alimente bem, durma. \u00c9 uma maratona, mas<strong> ele \u00e9 baiano, leva numa boa<\/strong>\u201c, afirmou a atriz \u00e0 revista Veja.<\/p>\n<p>Wagner Moura, que mora em Los Angeles h\u00e1 sete anos, recebeu a mensagem da colega e <strong>declarou que pretende seguir as indica\u00e7\u00f5es<\/strong>. Ao comentar a orienta\u00e7\u00e3o, ele acrescentou que tem expectativas para a temporada de premia\u00e7\u00f5es.<\/p>\n<p>\u201cSe vencer, quero festa, clima de Copa do Mundo, todo mundo nas ruas\u201d, afirmou.<\/p>\n<p>Continua depois da publicidade<\/p>\n<p>Pela Variety, revista especializada em premia\u00e7\u00f5es, <strong>Wagner Moura \u00e9 apontado como um dos favoritos para o Globo de Ouro<\/strong> na categoria Melhor Ator de filme de drama. Ele tamb\u00e9m continua na disputa para ser indicado como Melhor Ator no Oscar, assim como o filme dirigido por Kleber Mendon\u00e7a Filho.<\/p>\n<p>O calend\u00e1rio das premia\u00e7\u00f5es prev\u00ea o an\u00fancio dos indicados ao Globo de Ouro em 8 de dezembro deste ano, enquanto a lista oficial do Oscar ser\u00e1 divulgada em 22 de janeiro do ano que vem.<\/p>\n<p>O Agente Secreto garantiu pr\u00eamio in\u00e9dito no Festival de Cannes1<\/p>\n<p>VoltarAvan\u00e7ar<\/p>\n<p><img loading=\"lazy\" decoding=\"async\" width=\"1200\" height=\"675\" data-id=\"7522241\" src=\"https:\/\/www.europesays.com\/pt\/wp-content\/uploads\/2025\/12\/Kleber-Mendonca-Filho-com-os-dois-premios-de-O-Agente-Secreto-Melhor-Diretor-e-Melhor-Ator-Foto-REUT.jpeg\" alt=\"\" salas=\"\" de=\"\" cinema=\"\" formam=\"\" car=\"\" do=\"\" filme=\"\" diz=\"\" kleber=\"\" mendon=\"\" filho=\"\" premiado=\"\" em=\"\" cannes=\"\" por=\"\" o=\"\" agente=\"\" secreto=\"\" class=\"wp-image-7522241\"  \/><\/p>\n<p>Kleber Mendon\u00e7a Filho com os dois pr\u00eamios de O Agente Secreto: Melhor Diretor e Melhor Ator (Foto: Sarah Meyssonnier, REUTERS)<\/p>\n<p><img loading=\"lazy\" decoding=\"async\" width=\"1200\" height=\"675\" data-id=\"7522184\" src=\"https:\/\/www.europesays.com\/pt\/wp-content\/uploads\/2025\/12\/Com-Wagner-Moura-O-Agente-Secreto-vence-premio-da-critica-no-Festival-de-Cannes.jpg\" alt=\"Com Wagner Moura, O Agente Secreto vence pr\u00eamio da cr\u00edtica no Festival de Cannes\" class=\"wp-image-7522184\"  \/><\/p>\n<p>Wagner Moura \u00e9 uma das estrelas do filme (Foto: Divulga\u00e7\u00e3o)<\/p>\n<p><img loading=\"lazy\" decoding=\"async\" width=\"1200\" height=\"800\" data-id=\"7467246\" src=\"https:\/\/www.europesays.com\/pt\/wp-content\/uploads\/2025\/12\/aindaestouaqui2.png\" alt=\"Abril tem grandes lan\u00e7amentos no Globoplay (Imagem: Reprodu\u00e7\u00e3o digital | Sony Pictures)\" class=\"wp-image-7467246\"\/><\/p>\n<p>\u201cAinda Estou Aqui\u201d, de Walter Salles, foi premiado no Oscar deste ano (Foto: Reprodu\u00e7\u00e3o digital, Sony Pictures)<\/p>\n<p><img loading=\"lazy\" decoding=\"async\" width=\"1200\" height=\"675\" data-id=\"7440163\" src=\"https:\/\/www.europesays.com\/pt\/wp-content\/uploads\/2025\/12\/Aude-Guerrucci-Reuters-Salles-e-Torres.jpg\" alt=\"\" class=\"wp-image-7440163\"  \/><\/p>\n<p>Brasileiros Salles e Fernanda Torres foram os destaques do Oscar deste ano. Cr\u00edtica compara \u201cO Agente Secreto\u201d a \u201cAinda Estou Aqui\u201d (Foto: Aude Guerrucci, Reuters)<\/p>\n<p>*Sob supervis\u00e3o de Pablo Brito<\/p>\n<p>Continua depois da publicidade<\/p>\n","protected":false},"excerpt":{"rendered":"Os dois atuaram juntos em Saneamento B\u00e1sico: O Filme (Foto: Divulga\u00e7\u00e3o) Ap\u00f3s relembrar sua pr\u00f3pria experi\u00eancia, Fernanda Torres&hellip;\n","protected":false},"author":2,"featured_media":172516,"comment_status":"","ping_status":"","sticky":false,"template":"","format":"standard","meta":{"footnotes":""},"categories":[145],"tags":[211,210,114,115,32,33,794],"class_list":{"0":"post-172515","1":"post","2":"type-post","3":"status-publish","4":"format-standard","5":"has-post-thumbnail","7":"category-celebridades","8":"tag-celebridades","9":"tag-celebrities","10":"tag-entertainment","11":"tag-entretenimento","12":"tag-portugal","13":"tag-pt","14":"tag-voce-viu"},"share_on_mastodon":{"url":"https:\/\/pubeurope.com\/@pt\/115647216936227074","error":""},"_links":{"self":[{"href":"https:\/\/www.europesays.com\/pt\/wp-json\/wp\/v2\/posts\/172515","targetHints":{"allow":["GET"]}}],"collection":[{"href":"https:\/\/www.europesays.com\/pt\/wp-json\/wp\/v2\/posts"}],"about":[{"href":"https:\/\/www.europesays.com\/pt\/wp-json\/wp\/v2\/types\/post"}],"author":[{"embeddable":true,"href":"https:\/\/www.europesays.com\/pt\/wp-json\/wp\/v2\/users\/2"}],"replies":[{"embeddable":true,"href":"https:\/\/www.europesays.com\/pt\/wp-json\/wp\/v2\/comments?post=172515"}],"version-history":[{"count":0,"href":"https:\/\/www.europesays.com\/pt\/wp-json\/wp\/v2\/posts\/172515\/revisions"}],"wp:featuredmedia":[{"embeddable":true,"href":"https:\/\/www.europesays.com\/pt\/wp-json\/wp\/v2\/media\/172516"}],"wp:attachment":[{"href":"https:\/\/www.europesays.com\/pt\/wp-json\/wp\/v2\/media?parent=172515"}],"wp:term":[{"taxonomy":"category","embeddable":true,"href":"https:\/\/www.europesays.com\/pt\/wp-json\/wp\/v2\/categories?post=172515"},{"taxonomy":"post_tag","embeddable":true,"href":"https:\/\/www.europesays.com\/pt\/wp-json\/wp\/v2\/tags?post=172515"}],"curies":[{"name":"wp","href":"https:\/\/api.w.org\/{rel}","templated":true}]}}