{"id":172519,"date":"2025-12-02T00:50:16","date_gmt":"2025-12-02T00:50:16","guid":{"rendered":"https:\/\/www.europesays.com\/pt\/172519\/"},"modified":"2025-12-02T00:50:16","modified_gmt":"2025-12-02T00:50:16","slug":"datas-locais-e-mais-yerin-do-gfriend-confirma-3-shows-no-brasil","status":"publish","type":"post","link":"https:\/\/www.europesays.com\/pt\/172519\/","title":{"rendered":"Datas, locais e mais: Yerin, do GFRIEND, confirma 3 shows no Brasil"},"content":{"rendered":"<p>No \u00faltimo domingo, <a href=\"https:\/\/www.instagram.com\/every__nn\/\" target=\"_blank\" rel=\"noopener nofollow\"><strong>Yerin<\/strong><\/a>, membro do <a href=\"https:\/\/recreio.com.br\/tags\/gfriend\" target=\"_blank\" rel=\"noopener nofollow\">GFRIEND<\/a>, surpreendeu os f\u00e3s com a confirma\u00e7\u00e3o de que vir\u00e1 ao Brasil com 3 shows solo em 2026. A idol desembarcar\u00e1 em solo brasileiro com a turn\u00ea \u201cYERIN \u2014 Chapter Y in South America\u201d, que passar\u00e1 por mais dois pa\u00edses da Am\u00e9rica do Sul.<\/p>\n<p>A informa\u00e7\u00e3o foi divulgada pela <a href=\"https:\/\/www.kbeatentertainment.com\/pt\" target=\"_blank\" rel=\"noopener nofollow\">Kbeat Entertainment<\/a>, empresa respons\u00e1vel pela organiza\u00e7\u00e3o do evento no Brasil, que anunciou as cidades brasileiras que receber\u00e3o a turn\u00ea \u201cChapter Y\u201d e as datas que os shows acontecer\u00e3o; veja:<\/p>\n<ul>\n<li>30 de janeiro: Rio de Janeiro<\/li>\n<li>31 de janeiro: S\u00e3o Paulo<\/li>\n<li>02 de fevereiro: Porto Alegre<\/li>\n<\/ul>\n<p>Na publica\u00e7\u00e3o feita nas redes sociais, a empresa ainda adiantou aos f\u00e3s da idol o cronograma de informa\u00e7\u00f5es e data de in\u00edcio das vendas, revelando que novos detalhes sobre os shows ser\u00e3o revelados no dia 2 de dezembro, onde poder\u00e3o ser descobertos os valores dos ingressos e benef\u00edcios de cada categoria.<\/p>\n<p>Al\u00e9m disso, aqueles que quiserem garantir um lugar em um ou mais shows da idol durante a passagem no Brasil devem ficar atentos: a venda come\u00e7a oficialmente no dia 5 de dezembro; veja:<\/p>\n<blockquote class=\"instagram-media\" style=\"background: #FFF; border: 0; border-radius: 3px; box-shadow: 0 0 1px 0 rgba(0,0,0,0.5),0 1px 10px 0 rgba(0,0,0,0.15); margin: 1px; max-width: 540px; min-width: 326px; padding: 0; width: calc(100% - 2px);\" data-instgrm-captioned=\"\" data-instgrm-permalink=\"https:\/\/www.instagram.com\/p\/DRsbpMKETiK\/?utm_source=ig_embed&amp;utm_campaign=loading\" data-instgrm-version=\"14\"><\/blockquote>\n<p>Vale lembrar que a \u201cYERIN \u2014 Chapter Y in South America\u201d tamb\u00e9m teve mais duas paradas confirmadas: Buenos Aires, capital da Argentina, com um show em 4 de fevereiro de 2026, e Santiago, capital do <a href=\"https:\/\/pt.wikipedia.org\/wiki\/Chile\" target=\"_blank\" rel=\"noopener nofollow\">Chile<\/a>, onde a idol subir\u00e1 ao palco em 6 de fevereiro do pr\u00f3ximo ano.<\/p>\n<p><strong>Yerin<\/strong>, cujo nome de nascimento \u00e9 <strong>Jung Yerin<\/strong>, alcan\u00e7ou destaque na ind\u00fastria musical ao se tornar membro do GFRIEND, grupo que estreou em 2015 pela Source Music (posteriormente adquirida pela HYBE Corporation), e lan\u00e7ou sucessos como \u201cMe Gustas Tu\u201d, \u201cRough\u201d e \u201cNavillera\u201d.<\/p>\n<p>Ao lado de <strong>Sowon<\/strong>, <strong>Eunha<\/strong>, <strong>Yuju, SinB<\/strong>, e <strong>Umji,<\/strong> <strong>Yerin<\/strong> lan\u00e7ou \u201cSeason of Memories\u201d, single lan\u00e7ado em comemora\u00e7\u00e3o aos 10 anos de debut do grupo em 13 de janeiro de 2025, o primeiro projeto musical do grupo desde que o contrato com a Source Music foi encerrado em 2021.<\/p>\n<p>A idol lan\u00e7ou a carreira solo com o \u00e1lbum \u201cARIA\u201d, em 2022, e de l\u00e1 para c\u00e1 apostou em mais projetos individuais como \u201cReady, Set, LOVE\u201d e \u201cRewrite\u201d.<\/p>\n<p>        <a href=\"https:\/\/recreio.com.br\/noticias\/author\/izabela-queiroz\" rel=\"nofollow noopener\" target=\"_blank\">&#13;<br \/>\n          <img loading=\"lazy\" alt=\"Izabela Queiroz\" src=\"https:\/\/www.europesays.com\/pt\/wp-content\/uploads\/2025\/12\/73c0b9c1056486c3f0ac887fc031213cdd608512c3b419d28e1ba5da81c3eb12\"  class=\"avatar avatar-115 photo rounded-circle mr-3\" height=\"115\" width=\"115\" decoding=\"async\"\/>        <\/a><\/p>\n<p>Izabela Queiroz, jornalista por paix\u00e3o e cin\u00e9fila de carteirinha. Formada pela UNINOVE, encontrou na escrita o lugar ideal para unir tudo o que mais gosta: filmes, s\u00e9ries e m\u00fasica. Nos textos, h\u00e1 quase sempre refer\u00eancias a algo relacionado \u00e0 cultura pop que a marcou. Fora deles, a encontrar\u00e1 assistindo hist\u00f3rias com reviravoltas chocantes, romances cativantes e dramas que a fazem chorar.<\/p>\n<p>\t                                            <script async src=\"\/\/www.instagram.com\/embed.js\"><\/script><\/p>\n","protected":false},"excerpt":{"rendered":"No \u00faltimo domingo, Yerin, membro do GFRIEND, surpreendeu os f\u00e3s com a confirma\u00e7\u00e3o de que vir\u00e1 ao Brasil&hellip;\n","protected":false},"author":2,"featured_media":172520,"comment_status":"","ping_status":"","sticky":false,"template":"","format":"standard","meta":{"footnotes":""},"categories":[141],"tags":[726,114,115,36048,1688,149,150,32,33,574,577,36049],"class_list":{"0":"post-172519","1":"post","2":"type-post","3":"status-publish","4":"format-standard","5":"has-post-thumbnail","7":"category-musica","8":"tag-brasil","9":"tag-entertainment","10":"tag-entretenimento","11":"tag-gfriend","12":"tag-k-pop","13":"tag-music","14":"tag-musica","15":"tag-portugal","16":"tag-pt","17":"tag-show","18":"tag-turne","19":"tag-yerin"},"share_on_mastodon":{"url":"https:\/\/pubeurope.com\/@pt\/115647232524131277","error":""},"_links":{"self":[{"href":"https:\/\/www.europesays.com\/pt\/wp-json\/wp\/v2\/posts\/172519","targetHints":{"allow":["GET"]}}],"collection":[{"href":"https:\/\/www.europesays.com\/pt\/wp-json\/wp\/v2\/posts"}],"about":[{"href":"https:\/\/www.europesays.com\/pt\/wp-json\/wp\/v2\/types\/post"}],"author":[{"embeddable":true,"href":"https:\/\/www.europesays.com\/pt\/wp-json\/wp\/v2\/users\/2"}],"replies":[{"embeddable":true,"href":"https:\/\/www.europesays.com\/pt\/wp-json\/wp\/v2\/comments?post=172519"}],"version-history":[{"count":0,"href":"https:\/\/www.europesays.com\/pt\/wp-json\/wp\/v2\/posts\/172519\/revisions"}],"wp:featuredmedia":[{"embeddable":true,"href":"https:\/\/www.europesays.com\/pt\/wp-json\/wp\/v2\/media\/172520"}],"wp:attachment":[{"href":"https:\/\/www.europesays.com\/pt\/wp-json\/wp\/v2\/media?parent=172519"}],"wp:term":[{"taxonomy":"category","embeddable":true,"href":"https:\/\/www.europesays.com\/pt\/wp-json\/wp\/v2\/categories?post=172519"},{"taxonomy":"post_tag","embeddable":true,"href":"https:\/\/www.europesays.com\/pt\/wp-json\/wp\/v2\/tags?post=172519"}],"curies":[{"name":"wp","href":"https:\/\/api.w.org\/{rel}","templated":true}]}}