{"id":172521,"date":"2025-12-02T00:52:10","date_gmt":"2025-12-02T00:52:10","guid":{"rendered":"https:\/\/www.europesays.com\/pt\/172521\/"},"modified":"2025-12-02T00:52:10","modified_gmt":"2025-12-02T00:52:10","slug":"lando-norris-declarado-campeao-por-engano-enquanto-a-luta-pelo-titulo-se-intensifica-em-abu-dhabi","status":"publish","type":"post","link":"https:\/\/www.europesays.com\/pt\/172521\/","title":{"rendered":"Lando Norris declarado campe\u00e3o por engano enquanto a luta pelo t\u00edtulo se intensifica em Abu Dhabi."},"content":{"rendered":"<p><strong>Lando Norris: Campe\u00e3o do Mundo? Ainda N\u00e3o! O Erro Chocante do Site da F1 Provoca Controv\u00e9rsia!<\/strong><\/p>\n<p>Num desfecho dram\u00e1tico que deixou f\u00e3s e comentadores em alvoro\u00e7o, o site oficial da F\u00f3rmula 1 declarou prematuramente Lando Norris como campe\u00e3o do mundo ap\u00f3s o Grande Pr\u00e9mio do Qatar, apesar de ele ter ficado a poucos pontos de garantir o seu primeiro t\u00edtulo. O jovem piloto brit\u00e2nico cruzou a linha de chegada em quarto lugar, enquanto os seus rivais, Max Verstappen e Oscar Piastri, conquistaram o primeiro e o segundo lugares, respetivamente. Esta reviravolta inesperada preparou o cen\u00e1rio para um emocionante confronto em Abu Dhabi, marcando a primeira vez desde a emocionante temporada de 2021 que a corrida pelo campeonato ir\u00e1 at\u00e9 ao fim.<\/p>\n<p>Norris, que estava a surfar na onda do otimismo, ir\u00e1 agora enfrentar a monumental press\u00e3o de precisar de um lugar no p\u00f3dio no Circuito Yas Marina para reivindicar definitivamente o campeonato. O facto de ele apenas precisar de superar Verstappen e Piastri por meros dois pontos entre a corrida sprint e o grande pr\u00e9mio no Qatar torna a falha ainda mais dolorosa. O erro do site da F1, que listou brevemente Norris com um impressionante registo de 43 p\u00f3dios, 16 vit\u00f3rias e 16 pole positions, j\u00e1 foi corrigido, mas n\u00e3o antes de desencadear uma fervorosa rea\u00e7\u00e3o entre f\u00e3s e seguidores.<\/p>\n<p>\u00c0 medida que a poeira assenta ap\u00f3s o GP do Qatar, todos os olhares est\u00e3o agora voltados para a corrida final. Norris dirige-se a Abu Dhabi como o favorito, mas n\u00e3o pode permitir-se subestimar a formidable concorr\u00eancia. A performance estelar de Piastri no Qatar reacendeu as esperan\u00e7as para o piloto australiano, enquanto o sempre dominante Verstappen espreita ominosamente a apenas 12 pontos atr\u00e1s de Norris, pronto para atacar. Com um hist\u00f3rico de roubar a gl\u00f3ria do campeonato a pilotos brit\u00e2nicos no Circuito Yas Marina, as duas vit\u00f3rias recentes de Verstappen catapultaram-no para uma posi\u00e7\u00e3o privilegiada para desafiar por um in\u00e9dito quinto t\u00edtulo consecutivo.<\/p>\n<p>As apostas n\u00e3o podiam ser mais altas enquanto nos preparamos para o que promete ser um emocionante final de temporada em Abu Dhabi. Pela primeira vez desde o nervoso GP de Abu Dhabi de 2010, temos uma verdadeira batalha a tr\u00eas pelo campeonato. Ser\u00e1 que Norris triunfar\u00e1 num momento que cimenta o seu lugar na hist\u00f3ria da F1, ou ser\u00e1 que Verstappen ou Piastri estragar\u00e3o a festa?<\/p>\n<p>Preparem-se para um confronto de propor\u00e7\u00f5es \u00e9picas enquanto o mundo prende a respira\u00e7\u00e3o para a corrida final da temporada! Quem se elevar\u00e1 \u00e0 ocasi\u00e3o e quem vacilar\u00e1 sob press\u00e3o? Uma coisa \u00e9 certa \u2013 o campeonato de F\u00f3rmula 1 de 2025 ficar\u00e1 na hist\u00f3ria, e o drama est\u00e1 apenas a aquecer!<\/p>\n","protected":false},"excerpt":{"rendered":"Lando Norris: Campe\u00e3o do Mundo? Ainda N\u00e3o! O Erro Chocante do Site da F1 Provoca Controv\u00e9rsia! Num desfecho&hellip;\n","protected":false},"author":2,"featured_media":172522,"comment_status":"","ping_status":"","sticky":false,"template":"","format":"standard","meta":{"footnotes":""},"categories":[87],"tags":[135,32,33,134],"class_list":{"0":"post-172521","1":"post","2":"type-post","3":"status-publish","4":"format-standard","5":"has-post-thumbnail","7":"category-desporto","8":"tag-desporto","9":"tag-portugal","10":"tag-pt","11":"tag-sports"},"share_on_mastodon":{"url":"https:\/\/pubeurope.com\/@pt\/115647240286297368","error":""},"_links":{"self":[{"href":"https:\/\/www.europesays.com\/pt\/wp-json\/wp\/v2\/posts\/172521","targetHints":{"allow":["GET"]}}],"collection":[{"href":"https:\/\/www.europesays.com\/pt\/wp-json\/wp\/v2\/posts"}],"about":[{"href":"https:\/\/www.europesays.com\/pt\/wp-json\/wp\/v2\/types\/post"}],"author":[{"embeddable":true,"href":"https:\/\/www.europesays.com\/pt\/wp-json\/wp\/v2\/users\/2"}],"replies":[{"embeddable":true,"href":"https:\/\/www.europesays.com\/pt\/wp-json\/wp\/v2\/comments?post=172521"}],"version-history":[{"count":0,"href":"https:\/\/www.europesays.com\/pt\/wp-json\/wp\/v2\/posts\/172521\/revisions"}],"wp:featuredmedia":[{"embeddable":true,"href":"https:\/\/www.europesays.com\/pt\/wp-json\/wp\/v2\/media\/172522"}],"wp:attachment":[{"href":"https:\/\/www.europesays.com\/pt\/wp-json\/wp\/v2\/media?parent=172521"}],"wp:term":[{"taxonomy":"category","embeddable":true,"href":"https:\/\/www.europesays.com\/pt\/wp-json\/wp\/v2\/categories?post=172521"},{"taxonomy":"post_tag","embeddable":true,"href":"https:\/\/www.europesays.com\/pt\/wp-json\/wp\/v2\/tags?post=172521"}],"curies":[{"name":"wp","href":"https:\/\/api.w.org\/{rel}","templated":true}]}}